{"id":77683,"date":"2024-10-07T11:33:15","date_gmt":"2024-10-07T14:33:15","guid":{"rendered":"https:\/\/vocesparalelas.com.ar\/sitio\/?p=77683"},"modified":"2024-10-08T15:54:07","modified_gmt":"2024-10-08T18:54:07","slug":"sumate-al-programa-de-fortalecimiento-escolar-gratuito-en-san-juan","status":"publish","type":"post","link":"https:\/\/vocesparalelas.com.ar\/sitio\/sumate-al-programa-de-fortalecimiento-escolar-gratuito-en-san-juan\/","title":{"rendered":"Sumate al Programa de Fortalecimiento Escolar Gratuito en San Juan"},"content":{"rendered":"<p>El Ministerio de Educaci\u00f3n del Gobierno de San Juan cita a padres o tutores interesados en que sus hijos asistan al programa de Fortalecimiento Escolar Gratuito a la inscripci\u00f3n definitiva en la sede de Conectar LAB, Las Heras y Alberdi, Capital.<\/p>\n<p>La inscripci\u00f3n es el Lunes, 7 y Martes, 8 de Octubre para estudiantes de secundaria y el Mi\u00e9rcoles, 9 de Octubre para los de primaria, de 9 a 15 hs. Cabe recordar que, la inscripci\u00f3n est\u00e1 sujeta al orden de llegada y a los cupos disponibles.<\/p>\n<p>Este programa de apoyo escolar gratuito se enmarca en el Plan de Alfabetizaci\u00f3n Provincial \u201cComprendo y Aprendo\u201d, con el objetivo de mejorar el rendimiento escolar de los estudiantes teniendo como pilar pedag\u00f3gico la comprensi\u00f3n lectora y evitar as\u00ed la repitencia que tiene como principal consecuencia la deserci\u00f3n escolar.<\/p>\n<p><strong><span style=\"color: #ff6600;\">Las materias en las que se brinda apoyo escolar<\/span><\/strong><\/p>\n<p><strong><span style=\"color: #ff6600;\">Nivel Primario<\/span><\/strong><\/p>\n<ul>\n<li>Lengua y<\/li>\n<li>Matem\u00e1tica<\/li>\n<\/ul>\n<p><strong><span style=\"color: #ff6600;\">Nivel Secundario<\/span><\/strong><\/p>\n<ul>\n<li>Lengua<\/li>\n<li>Matem\u00e1tica<\/li>\n<li>F\u00edsica<\/li>\n<li>Qu\u00edmica<\/li>\n<li>Ingl\u00e9s para los de Secundaria.<\/li>\n<\/ul>\n<p>El programa est\u00e1 destinado a alumnos de las escuelas de gesti\u00f3n estatal de edades comprendidas entre los 6 y 17 a\u00f1os, cumplidos hasta Diciembre de 2024.<\/p>\n<p>Es requisito excluyente para la inscripci\u00f3n que los progenitores responsables o tutores acudan a la sede de Conectar LAB con copia y original del DNI del estudiante, del responsable o tutor, y de cualquier adulto responsable que est\u00e9 autorizado para retirar al estudiante, en caso de que no tenga permitido retirarse por su cuenta. Tambi\u00e9n, copia de la partida de nacimiento para los mayores de 14 a\u00f1os.<\/p>\n<p><img loading=\"lazy\" decoding=\"async\" class=\"alignnone size-full wp-image-64251\" src=\"https:\/\/vocesparalelas.com.ar\/sitio\/wp-content\/uploads\/2023\/10\/CONECTAR-LAB-SAN-JUAN-01.jpg\" alt=\"\" width=\"800\" height=\"600\" srcset=\"https:\/\/vocesparalelas.com.ar\/sitio\/wp-content\/uploads\/2023\/10\/CONECTAR-LAB-SAN-JUAN-01.jpg 800w, https:\/\/vocesparalelas.com.ar\/sitio\/wp-content\/uploads\/2023\/10\/CONECTAR-LAB-SAN-JUAN-01-300x225.jpg 300w, https:\/\/vocesparalelas.com.ar\/sitio\/wp-content\/uploads\/2023\/10\/CONECTAR-LAB-SAN-JUAN-01-768x576.jpg 768w\" sizes=\"auto, (max-width: 800px) 100vw, 800px\" \/><\/p>\n","protected":false},"excerpt":{"rendered":"<p>El Ministerio de Educaci\u00f3n del Gobierno de San Juan cita a padres o tutores interesados en que sus hijos asistan<\/p>\n","protected":false},"author":3,"featured_media":68998,"comment_status":"closed","ping_status":"closed","sticky":false,"template":"","format":"standard","meta":{"_acf_changed":false,"_seopress_robots_primary_cat":"none","_seopress_titles_title":"","_seopress_titles_desc":"","_seopress_robots_index":"","colormag_page_container_layout":"default_layout","colormag_page_sidebar_layout":"default_layout","footnotes":""},"categories":[9],"tags":[],"class_list":["post-77683","post","type-post","status-publish","format-standard","has-post-thumbnail","hentry","category-cursos"],"acf":[],"_links":{"self":[{"href":"https:\/\/vocesparalelas.com.ar\/sitio\/wp-json\/wp\/v2\/posts\/77683","targetHints":{"allow":["GET"]}}],"collection":[{"href":"https:\/\/vocesparalelas.com.ar\/sitio\/wp-json\/wp\/v2\/posts"}],"about":[{"href":"https:\/\/vocesparalelas.com.ar\/sitio\/wp-json\/wp\/v2\/types\/post"}],"author":[{"embeddable":true,"href":"https:\/\/vocesparalelas.com.ar\/sitio\/wp-json\/wp\/v2\/users\/3"}],"replies":[{"embeddable":true,"href":"https:\/\/vocesparalelas.com.ar\/sitio\/wp-json\/wp\/v2\/comments?post=77683"}],"version-history":[{"count":3,"href":"https:\/\/vocesparalelas.com.ar\/sitio\/wp-json\/wp\/v2\/posts\/77683\/revisions"}],"predecessor-version":[{"id":77733,"href":"https:\/\/vocesparalelas.com.ar\/sitio\/wp-json\/wp\/v2\/posts\/77683\/revisions\/77733"}],"wp:featuredmedia":[{"embeddable":true,"href":"https:\/\/vocesparalelas.com.ar\/sitio\/wp-json\/wp\/v2\/media\/68998"}],"wp:attachment":[{"href":"https:\/\/vocesparalelas.com.ar\/sitio\/wp-json\/wp\/v2\/media?parent=77683"}],"wp:term":[{"taxonomy":"category","embeddable":true,"href":"https:\/\/vocesparalelas.com.ar\/sitio\/wp-json\/wp\/v2\/categories?post=77683"},{"taxonomy":"post_tag","embeddable":true,"href":"https:\/\/vocesparalelas.com.ar\/sitio\/wp-json\/wp\/v2\/tags?post=77683"}],"curies":[{"name":"wp","href":"https:\/\/api.w.org\/{rel}","templated":true}]}}