{"id":77672,"date":"2024-10-07T00:07:43","date_gmt":"2024-10-07T03:07:43","guid":{"rendered":"https:\/\/vocesparalelas.com.ar\/sitio\/?p=77672"},"modified":"2024-10-08T11:22:31","modified_gmt":"2024-10-08T14:22:31","slug":"expo-patrimonio-cultural-2024-herencia-compartida-explorando-las-dimensiones-de-patrimonio-de-san-juan","status":"publish","type":"post","link":"https:\/\/vocesparalelas.com.ar\/sitio\/expo-patrimonio-cultural-2024-herencia-compartida-explorando-las-dimensiones-de-patrimonio-de-san-juan\/","title":{"rendered":"Expo Patrimonio Cultural 2024 \u201cHerencia compartida, explorando las dimensiones de patrimonio\u201d de San Juan"},"content":{"rendered":"<p>En el marco del\u00a0D\u00eda Nacional del Patrimonio Cultural y Natural Argentino, se invita a la comunidad a participar de la Expo Patrimonio Cultural 2024 \u201cHerencia compartida, explorando las dimensiones de patrimonio\u201d,\u00a0 del 8 al 10 de Octubre.<\/p>\n<p>La Direcci\u00f3n de Patrimonio Cultural del Ministerio de Turismo, Cultura y Deporte de San Juan organiza la expo con el objetivo de fomentar la reflexi\u00f3n y el inter\u00e9s en la preservaci\u00f3n del patrimonio cultural.<\/p>\n<p>El evento re\u00fane a docentes, alumnos e interesados en el patrimonio cultural, ofreciendo un espacio de aprendizaje enriquecedor. Con el aval del Ministerio de Educaci\u00f3n &#8211; Res. N\u00b0 15836-ME-2024 -, la expo promete actividades diversas y valiosas.<\/p>\n<p>Se desarrolla las carlas en el Auditorio Emar Acosta anexo de la C\u00e1mara de Diputados, as\u00ed como intervenciones en emblem\u00e1ticos sitios como el\u00a0Roset\u00f3n de los Deportes, el Sitio Bandera Ciudadana y Talavera, el Museo y Biblioteca Casa Natal Domingo F. Sarmiento, y el Cementerio de la Capital.<\/p>\n<p>Las actividades est\u00e1n dise\u00f1adas para fomentar el conocimiento y la apreciaci\u00f3n del patrimonio cultural, abriendo un espacio de di\u00e1logo entre los asistentes.<\/p>\n<p>La Expo cuenta con la participaci\u00f3n de diversas instituciones, como la\u00a0Direcci\u00f3n de Turismo de la Municipalidad de la Capital, la Subdirecci\u00f3n de Espacios Verdes, el Club Ferroviario Ramal 7, el Instituto de Investigaciones Arqueol\u00f3gicas y Museo Prof. Mariano Gambier, y el INTA CONICET.<\/p>\n<p>Cabe destacar que la participaci\u00f3n en la expo es gratuita y los cupos son limitados, por lo que se recomienda inscribirse con anticipaci\u00f3n<\/p>\n<p><a href=\"https:\/\/bit.ly\/inscripcion-ExpoPatrimonioCultural\">https:\/\/bit.ly\/inscripcion-ExpoPatrimonioCultural<\/a><\/p>\n<p><strong><span style=\"color: #ff6600;\">Programa<\/span><\/strong><\/p>\n<p><strong><span style=\"color: #ff6600;\">Martes, 8 de Octubre<\/span><\/strong><\/p>\n<ul>\n<li>08: 00 hs Acreditaciones-<\/li>\n<li>09:00 hs. Apertura. Video Institucional. Directora Patrimonio Cultural. Prof. Gladys Gonz\u00e1lez, Secretario de Cultura. Eduardo Varela Oro, Ministro de Turismo Cultura y Deporte. Dr. Guido Romero, Gobernador. Dr. Marcelo Orrego<\/li>\n<li>Panel CAMBIOS Y PERMANENCIAS EN PATRIMONIO Coordinan: Mg. Luis Alonso- Natalia Andrada Modera: Prof. Gladys Gonz\u00e1lez. Directora de Patrimonio Cultural<\/li>\n<li>10:00 hs Mg. Claudia Mallea. IIAM.<\/li>\n<li>10:30 hs Dra. Mariela Torres, Dr. Pierluigi Pierantozzi. INTA- Conicet<\/li>\n<li>11: 00 hs Dn. Guillermo Trigo. Ferroclub Ramal 7<\/li>\n<li>11:30 hs Karla Mena- artesana de Cer\u00e1mica<\/li>\n<li>12: 00 hs Ronda de preguntas<\/li>\n<li>13: 00 hs Receso.<\/li>\n<li>CHARLA ABIERTA. MONUMENTO \u201cROSETON del DEPORTE\u201d.<\/li>\n<li>15: 00 hs Arq. Gema Baz\u00e1n -Arq. Diana Gil. INVITADOS: Ing. Franco Bressan. Subdirecci\u00f3n de Espacios Verdes. Circuito Patrimonial Cultural- Parque de Mayo-<\/li>\n<li>18: 30 HS. Receso.<\/li>\n<\/ul>\n<p><strong><span style=\"color: #ff6600;\">Mi\u00e9rcoles 9 de octubre<\/span><\/strong><\/p>\n<ul>\n<li>CHARLA ABIERTA. SITIO BANDERA CIUDADANA- TALAVERA Coordina: Prof. Beatriz Hern\u00e1ndez- Arq. Gonzalo Morte<\/li>\n<li>10:00 hs Charla Introductoria. Proceso de Patrimonializaci\u00f3n<\/li>\n<li>10: 30 Visitas GuiadaS<\/li>\n<li>CHARLA ABIERTA TEATRO DEL BICENTENARIO Coordina: Gisella Ballario- Arq. Gema Baz\u00e1n.<\/li>\n<li>11.:30 hs Charla Introductoria. Proceso de Patrimonializaci\u00f3n<\/li>\n<li>12: 00 hs Visita Guiada Personal Teatro del Bicentenario.<\/li>\n<li>12: 30 Receso<\/li>\n<\/ul>\n<p><strong><span style=\"color: #ff6600;\">Jueves, 10 de octubre.<\/span><\/strong><\/p>\n<ul>\n<li>CHARLA ABIERTA. CEMENTERIO DE LA CAPITAL Coordina: Prof. Esp. Beatriz Hern\u00e1ndez \u2013 Arq. Gonzalo Morte<\/li>\n<li>09: 30 hs Charla Introductoria. Proceso de Patrimonializaci\u00f3n.<\/li>\n<li>10:00 HS Visita Guiada- Personal de Turismo de la Capital<\/li>\n<li>CHARLA ABIERTA TEATRO DEL BICENTENARIO Coordina: Gisella Ballario- Arq. Gema Baz\u00e1n.<\/li>\n<li>11.:30 hs Charla Introductoria. Proceso de Patrimonializaci\u00f3n<\/li>\n<li>12: 00 hs Visita Guiada Personal Teatro del Bicentenario.<\/li>\n<li>CHARLA ABIERTA. CEMENTERIO DE LA CAPITAL Cooordina: Prof. Esp. Beatriz Hern\u00e1ndez \u2013 Arq. Gonzalo Morte<\/li>\n<li>16: 30 hs Charla Introductoria. Proceso de Patrimonializaci\u00f3n.<\/li>\n<li>17:00 HS Visita Guiada- Personal de Turismo de la Capital<\/li>\n<li>CIERRE DE ACTIVIDADES.<\/li>\n<\/ul>\n<p>&nbsp;<\/p>\n<p><img loading=\"lazy\" decoding=\"async\" class=\"alignnone size-large wp-image-23942\" src=\"https:\/\/vocesparalelas.com.ar\/sitio\/wp-content\/uploads\/2019\/10\/PARQUE-800x600.jpg\" alt=\"\" width=\"800\" height=\"600\" srcset=\"https:\/\/vocesparalelas.com.ar\/sitio\/wp-content\/uploads\/2019\/10\/PARQUE.jpg 800w, https:\/\/vocesparalelas.com.ar\/sitio\/wp-content\/uploads\/2019\/10\/PARQUE-300x225.jpg 300w, https:\/\/vocesparalelas.com.ar\/sitio\/wp-content\/uploads\/2019\/10\/PARQUE-768x576.jpg 768w\" sizes=\"auto, (max-width: 800px) 100vw, 800px\" \/><\/p>\n","protected":false},"excerpt":{"rendered":"<p>En el marco del\u00a0D\u00eda Nacional del Patrimonio Cultural y Natural Argentino, se invita a la comunidad a participar de la<\/p>\n","protected":false},"author":3,"featured_media":25833,"comment_status":"closed","ping_status":"closed","sticky":false,"template":"","format":"standard","meta":{"_acf_changed":false,"_seopress_robots_primary_cat":"none","_seopress_titles_title":"","_seopress_titles_desc":"","_seopress_robots_index":"","colormag_page_container_layout":"default_layout","colormag_page_sidebar_layout":"default_layout","footnotes":""},"categories":[15],"tags":[],"class_list":["post-77672","post","type-post","status-publish","format-standard","has-post-thumbnail","hentry","category-posgrados"],"acf":[],"_links":{"self":[{"href":"https:\/\/vocesparalelas.com.ar\/sitio\/wp-json\/wp\/v2\/posts\/77672","targetHints":{"allow":["GET"]}}],"collection":[{"href":"https:\/\/vocesparalelas.com.ar\/sitio\/wp-json\/wp\/v2\/posts"}],"about":[{"href":"https:\/\/vocesparalelas.com.ar\/sitio\/wp-json\/wp\/v2\/types\/post"}],"author":[{"embeddable":true,"href":"https:\/\/vocesparalelas.com.ar\/sitio\/wp-json\/wp\/v2\/users\/3"}],"replies":[{"embeddable":true,"href":"https:\/\/vocesparalelas.com.ar\/sitio\/wp-json\/wp\/v2\/comments?post=77672"}],"version-history":[{"count":1,"href":"https:\/\/vocesparalelas.com.ar\/sitio\/wp-json\/wp\/v2\/posts\/77672\/revisions"}],"predecessor-version":[{"id":77675,"href":"https:\/\/vocesparalelas.com.ar\/sitio\/wp-json\/wp\/v2\/posts\/77672\/revisions\/77675"}],"wp:featuredmedia":[{"embeddable":true,"href":"https:\/\/vocesparalelas.com.ar\/sitio\/wp-json\/wp\/v2\/media\/25833"}],"wp:attachment":[{"href":"https:\/\/vocesparalelas.com.ar\/sitio\/wp-json\/wp\/v2\/media?parent=77672"}],"wp:term":[{"taxonomy":"category","embeddable":true,"href":"https:\/\/vocesparalelas.com.ar\/sitio\/wp-json\/wp\/v2\/categories?post=77672"},{"taxonomy":"post_tag","embeddable":true,"href":"https:\/\/vocesparalelas.com.ar\/sitio\/wp-json\/wp\/v2\/tags?post=77672"}],"curies":[{"name":"wp","href":"https:\/\/api.w.org\/{rel}","templated":true}]}}