{"id":77658,"date":"2024-10-05T21:01:37","date_gmt":"2024-10-06T00:01:37","guid":{"rendered":"https:\/\/vocesparalelas.com.ar\/sitio\/?p=77658"},"modified":"2024-10-07T00:08:10","modified_gmt":"2024-10-07T03:08:10","slug":"con-los-ojos-y-el-corazon-en-roma-y-en-lujan","status":"publish","type":"post","link":"https:\/\/vocesparalelas.com.ar\/sitio\/con-los-ojos-y-el-corazon-en-roma-y-en-lujan\/","title":{"rendered":"Con los ojos y el coraz\u00f3n en Roma y en Luj\u00e1n"},"content":{"rendered":"<p>Por el Arzobispo de San Juan de Cuyo, monse\u00f1or Jorge Eduardo Lozano<\/p>\n<p>Una de las experiencias m\u00e1s ricas de la iglesia es su diversidad de culturas y lenguas. Cat\u00f3lica significa Universal, que abarca a toda la humanidad, sin excepciones.<\/p>\n<p>Pensar que el mismo Padrenuestro es rezado en castellano, chino, ingl\u00e9s, guaran\u00ed, alem\u00e1n, italiano\u2026 es una maravilla a la que no debemos acostumbrarnos.<\/p>\n<p>El Evangelio es Buena Noticia, y est\u00e1 destinada a encarnarse en cada pueblo desde su propia idiosincrasia, y a expresarse desde la belleza de su arte, lo hondo de sus ra\u00edces. La fe se hace cultura y agrega nuevos rostros a la Familia de los hijos de Dios.<\/p>\n<p>Cada comunidad cristiana tiene sus fiestas patronales que le motivan a expresar su fe y su cari\u00f1o a los Santos, la Virgen\u2026 Tambi\u00e9n cada Di\u00f3cesis o pa\u00eds tienen sus caracter\u00edsticas propias. Pero no debemos perder de vista que somos parte de un Pueblo que nos abarca, abraza y trasciende.<\/p>\n<p>Uno de los riesgos que corremos en el presente es la fragmentaci\u00f3n. Nos seduce la tentaci\u00f3n de ser clan defendiendo la propia idea, antes que ser Pueblo.<\/p>\n<p>Este mes octubre est\u00e1 aconteciendo algo muy importante para la Iglesia en todo el mundo. Francisco est\u00e1 iniciando en Roma la segunda fase del camino sinodal. Un camino en el cual se han escuchado las voces de todas las formas de vivir la misma fe. Estamos en los momentos de revisar los desaf\u00edos que se nos presentan en todo el mundo.<\/p>\n<p>Una expresi\u00f3n que se hizo com\u00fan en torno al a\u00f1o 1000 dec\u00eda \u201clo que a todos incumbe debe ser tratado por todos\u201d. Y as\u00ed est\u00e1 sucediendo.<\/p>\n<p>El lema que nos est\u00e1 orientando es \u201cPor una Iglesia Sinodal: comuni\u00f3n, participaci\u00f3n y misi\u00f3n\u201d. El Papa Francisco, en su discurso de apertura destac\u00f3 la importancia del caminar en comuni\u00f3n: \u201cHemos aprendido a reconocer en el S\u00ednodo de los Obispos un sujeto plural y sinf\u00f3nico capaz de sostener el camino y la misi\u00f3n de la Iglesia cat\u00f3lica, ayudando de modo eficaz al Obispo de Roma en su servicio a la comuni\u00f3n de todas las Iglesias y de toda la Iglesia\u00bb.<\/p>\n<p>Al final del Evangelio se nos cuenta que Jes\u00fas resucitado envi\u00f3 a los disc\u00edpulos dici\u00e9ndoles: \u201cVayan por todo el mundo y anuncien la buena noticia a todos los pueblos\u201d. (Mateo 28).<\/p>\n<p>Volviendo a la idea inicial, hay distintas lenguas que alaban al mismo Dios. Multiplicidad de colores en la piel y los vestidos. Diversas culturas que, cada una con su peculiaridad, acogen y expresan la misma fe.<\/p>\n<p>En nuestra Patria este fin de semana se est\u00e1 celebrando un acontecimiento muy importante: la edici\u00f3n n\u00famero 50 de la Peregrinaci\u00f3n juvenil a pie al Santuario de Nuestra Se\u00f1ora de Luj\u00e1n. El lema: \u201cMadre, bajo tu mirada buscamos la unidad\u201d.<\/p>\n<p>Ciertamente que las Peregrinaciones a nuestra Madre son anteriores y muy numerosas. Pero esta fue pensada en su origen como netamente juvenil, aunque vayan tambi\u00e9n algunos adultos.<\/p>\n<p>Ante este acontecimiento la Comisi\u00f3n Ejecutiva de la Conferencia Episcopal Argentina escribi\u00f3 una carta, de la cual te comparto un par de p\u00e1rrafos. \u201cEs bueno hacer memoria y recordar que la Virgen se qued\u00f3 entre nosotros en el a\u00f1o 1630. A\u00fan antes de la creaci\u00f3n del Virreinato del R\u00edo de la Plata, antes que existamos como pueblo argentino\u201d.<\/p>\n<p>En la misa de beatificaci\u00f3n del Cardenal Eduardo Francisco Pironio en diciembre pasado, tuve el regalo de estar delante de la imagen original de la Virgen y acariciarla con sumo cuidado. Como dicen los obispos en la carta, \u201cuna imagen fr\u00e1gil, en medio de un pueblo tocado por diversas fragilidades, desde su nacimiento hasta el d\u00eda de hoy. Un pueblo necesitado de la caricia de Mar\u00eda de Luj\u00e1n, para sanar sus heridas, para poder seguir caminando, luchando y esperando una Patria de hermanos\u201d.<\/p>\n<p>Contemplemos este acontecimiento con mirada profunda y creyente. \u201cCaminar a la casa de la Virgen representa una par\u00e1bola de la vida misma y de otra peregrinaci\u00f3n, que es la que va hacia dentro del coraz\u00f3n. Porque nuestro interior es santuario de Dios, \u00c9l habita en nosotros y en nuestros lazos de hermandad. Y esta es una buena noticia que debe ser anunciada a todos empezando por los m\u00e1s pobres, cuya dignidad no debe ser despreciada\u201d.<\/p>\n<p><img loading=\"lazy\" decoding=\"async\" class=\"alignnone size-large wp-image-4308\" src=\"https:\/\/vocesparalelas.com.ar\/sitio\/wp-content\/uploads\/2017\/08\/VIRGEN-DE-LUJAN-800x600.jpg\" alt=\"\" width=\"800\" height=\"600\" srcset=\"https:\/\/vocesparalelas.com.ar\/sitio\/wp-content\/uploads\/2017\/08\/VIRGEN-DE-LUJAN-800x600.jpg 800w, https:\/\/vocesparalelas.com.ar\/sitio\/wp-content\/uploads\/2017\/08\/VIRGEN-DE-LUJAN-300x225.jpg 300w, https:\/\/vocesparalelas.com.ar\/sitio\/wp-content\/uploads\/2017\/08\/VIRGEN-DE-LUJAN-768x576.jpg 768w, https:\/\/vocesparalelas.com.ar\/sitio\/wp-content\/uploads\/2017\/08\/VIRGEN-DE-LUJAN.jpg 960w\" sizes=\"auto, (max-width: 800px) 100vw, 800px\" \/><\/p>\n<p>Virgencita de Luj\u00e1n, ruega por nosotros.<\/p>\n<p>El Papa Francisco invita al mundo entero este lunes 7 de octubre a una Jornada de Ayuno y Oraci\u00f3n para pedir el don de la paz.<\/p>\n<p>Ofrezcamos nuestra parte y recemos juntos por la paz.<\/p>\n<p><iframe loading=\"lazy\" title=\"SAN JUAN MONSE\u00d1OR JORGE LOZANO\" width=\"800\" height=\"450\" src=\"https:\/\/www.youtube.com\/embed\/UjQ38uRiuOc?feature=oembed\" frameborder=\"0\" allow=\"accelerometer; autoplay; clipboard-write; encrypted-media; gyroscope; picture-in-picture; web-share\" referrerpolicy=\"strict-origin-when-cross-origin\" allowfullscreen><\/iframe><\/p>\n<p>&nbsp;<\/p>\n<p><img loading=\"lazy\" decoding=\"async\" class=\"alignnone size-full wp-image-61416\" src=\"https:\/\/vocesparalelas.com.ar\/sitio\/wp-content\/uploads\/2023\/07\/ARZOBISPADO-EDIFICIO.jpg\" alt=\"\" width=\"800\" height=\"600\" srcset=\"https:\/\/vocesparalelas.com.ar\/sitio\/wp-content\/uploads\/2023\/07\/ARZOBISPADO-EDIFICIO.jpg 800w, https:\/\/vocesparalelas.com.ar\/sitio\/wp-content\/uploads\/2023\/07\/ARZOBISPADO-EDIFICIO-300x225.jpg 300w, https:\/\/vocesparalelas.com.ar\/sitio\/wp-content\/uploads\/2023\/07\/ARZOBISPADO-EDIFICIO-768x576.jpg 768w\" sizes=\"auto, (max-width: 800px) 100vw, 800px\" \/><\/p>\n","protected":false},"excerpt":{"rendered":"<p>Por el Arzobispo de San Juan de Cuyo, monse\u00f1or Jorge Eduardo Lozano Una de las experiencias m\u00e1s ricas de la<\/p>\n","protected":false},"author":3,"featured_media":20281,"comment_status":"closed","ping_status":"closed","sticky":false,"template":"","format":"standard","meta":{"_acf_changed":false,"_seopress_robots_primary_cat":"none","_seopress_titles_title":"","_seopress_titles_desc":"","_seopress_robots_index":"","colormag_page_container_layout":"default_layout","colormag_page_sidebar_layout":"default_layout","footnotes":""},"categories":[10,7],"tags":[],"class_list":["post-77658","post","type-post","status-publish","format-standard","has-post-thumbnail","hentry","category-opiniones","category-videos"],"acf":[],"_links":{"self":[{"href":"https:\/\/vocesparalelas.com.ar\/sitio\/wp-json\/wp\/v2\/posts\/77658","targetHints":{"allow":["GET"]}}],"collection":[{"href":"https:\/\/vocesparalelas.com.ar\/sitio\/wp-json\/wp\/v2\/posts"}],"about":[{"href":"https:\/\/vocesparalelas.com.ar\/sitio\/wp-json\/wp\/v2\/types\/post"}],"author":[{"embeddable":true,"href":"https:\/\/vocesparalelas.com.ar\/sitio\/wp-json\/wp\/v2\/users\/3"}],"replies":[{"embeddable":true,"href":"https:\/\/vocesparalelas.com.ar\/sitio\/wp-json\/wp\/v2\/comments?post=77658"}],"version-history":[{"count":1,"href":"https:\/\/vocesparalelas.com.ar\/sitio\/wp-json\/wp\/v2\/posts\/77658\/revisions"}],"predecessor-version":[{"id":77661,"href":"https:\/\/vocesparalelas.com.ar\/sitio\/wp-json\/wp\/v2\/posts\/77658\/revisions\/77661"}],"wp:featuredmedia":[{"embeddable":true,"href":"https:\/\/vocesparalelas.com.ar\/sitio\/wp-json\/wp\/v2\/media\/20281"}],"wp:attachment":[{"href":"https:\/\/vocesparalelas.com.ar\/sitio\/wp-json\/wp\/v2\/media?parent=77658"}],"wp:term":[{"taxonomy":"category","embeddable":true,"href":"https:\/\/vocesparalelas.com.ar\/sitio\/wp-json\/wp\/v2\/categories?post=77658"},{"taxonomy":"post_tag","embeddable":true,"href":"https:\/\/vocesparalelas.com.ar\/sitio\/wp-json\/wp\/v2\/tags?post=77658"}],"curies":[{"name":"wp","href":"https:\/\/api.w.org\/{rel}","templated":true}]}}