{"id":77626,"date":"2024-10-04T19:26:55","date_gmt":"2024-10-04T22:26:55","guid":{"rendered":"https:\/\/vocesparalelas.com.ar\/sitio\/?p=77626"},"modified":"2024-10-07T11:34:51","modified_gmt":"2024-10-07T14:34:51","slug":"ii-encuentro-de-cuyo-argentinos-por-la-educacion","status":"publish","type":"post","link":"https:\/\/vocesparalelas.com.ar\/sitio\/ii-encuentro-de-cuyo-argentinos-por-la-educacion\/","title":{"rendered":"II Encuentro de Cuyo \u201cArgentinos por la Educaci\u00f3n\u201d"},"content":{"rendered":"<p>En representaci\u00f3n de San Juan y junto a los ministros de Educaci\u00f3n de Mendoza y San Luis, adem\u00e1s de las autoridades de la organizaci\u00f3n, la ministra de Educaci\u00f3n, Lic. Silvia Fuentes, particip\u00f3 del II Encuentro de Cuyo \u201cArgentinos por la Educaci\u00f3n\u201d, en San Luis.<\/p>\n<p>La reuni\u00f3n tuvo como objetivo reflexionar y elaborar estrategias para abordar problem\u00e1ticas del Nivel Medio, con la transformaci\u00f3n de la secundaria como meta.<\/p>\n<p>Junto a la ministra de Educaci\u00f3n de San Juan, Lic. Silvia Fuentes tambi\u00e9n estuvieron presentes la secretaria de Educaci\u00f3n, Lic. Mariela Lueje; y directores del Ministerio de Educaci\u00f3n de San Juan.<\/p>\n<p>Por ello, la ministra de Educaci\u00f3n de San Juan, Lic. Silvia Fuentes explic\u00f3 que \u00abestamos con nuestros equipos t\u00e9cnicos compartiendo experiencias, lo vivido y transitado, espec\u00edficamente, con el Plan de Alfabetizaci\u00f3n. Pero no solamente este encuentro es rico en experiencias, sino tambi\u00e9n en aquellos \u00edndices que compartimos como Regi\u00f3n Cuyo y que son muy similares en cada una de las provincias. Abandono, deserci\u00f3n escolar, qu\u00e9 est\u00e1 pasando con la inserci\u00f3n del mundo del trabajo, con nuestra secundaria, por qu\u00e9 nuestros chicos desertan de nuestro sistema educativo y cu\u00e1les son aquellas falencias para poder poner foco ah\u00ed y actuar en consecuencia\u201d.<\/p>\n<p>\u201cLa escuela es la caja de resonancia de los problemas sociales que tienen nuestras provincias y que se est\u00e9 apuntando a la educaci\u00f3n, a la calidad; habla de que queremos trascender, que la calidad educativa mejore y que por supuesto los alumnos puedan terminar las trayectorias escolares. Nos llevamos experiencias que podemos replicar en nuestras provincias, con la base de datos nacional de Argentinos por la Educaci\u00f3n, que es muy valiosa e importante\u201d &#8211; concluy\u00f3 la Lic. Fuentes.<\/p>\n<p>La jornada incluy\u00f3 una visita protocolar al gobernador de San Luis, CPN Claudio Poggi, y actividades en Potrero de los Funes, la Universidad de La Punta y la Universidad Provincial de Oficios &#8211; UPrO.<\/p>\n<p>Adem\u00e1s, los representantes de la organizaci\u00f3n y autoridades ministeriales de San Luis, Mendoza y San Juan compartieron datos de las situaciones de cada provincia y realizaron mesas de trabajo sobre el abandono escolar y los sistemas de alerta temprana, la articulaci\u00f3n entre la secundaria, la universidad y el mundo del trabajo, entre otros temas.<\/p>\n<p>\u201cArgentinos por la Educaci\u00f3n\u201d es una organizaci\u00f3n plural, independiente y federal que trabaja para mejorar la educaci\u00f3n argentina, con la misi\u00f3n de contribuir a transformar la educaci\u00f3n a trav\u00e9s de datos, acuerdos y campa\u00f1as.<\/p>\n<p>&nbsp;<\/p>\n<p>&nbsp;<\/p>\n","protected":false},"excerpt":{"rendered":"<p>En representaci\u00f3n de San Juan y junto a los ministros de Educaci\u00f3n de Mendoza y San Luis, adem\u00e1s de las<\/p>\n","protected":false},"author":3,"featured_media":77629,"comment_status":"closed","ping_status":"closed","sticky":false,"template":"","format":"standard","meta":{"_acf_changed":false,"_seopress_robots_primary_cat":"none","_seopress_titles_title":"","_seopress_titles_desc":"","_seopress_robots_index":"","colormag_page_container_layout":"default_layout","colormag_page_sidebar_layout":"default_layout","footnotes":""},"categories":[5],"tags":[],"class_list":["post-77626","post","type-post","status-publish","format-standard","has-post-thumbnail","hentry","category-ofrecimientos"],"acf":[],"_links":{"self":[{"href":"https:\/\/vocesparalelas.com.ar\/sitio\/wp-json\/wp\/v2\/posts\/77626","targetHints":{"allow":["GET"]}}],"collection":[{"href":"https:\/\/vocesparalelas.com.ar\/sitio\/wp-json\/wp\/v2\/posts"}],"about":[{"href":"https:\/\/vocesparalelas.com.ar\/sitio\/wp-json\/wp\/v2\/types\/post"}],"author":[{"embeddable":true,"href":"https:\/\/vocesparalelas.com.ar\/sitio\/wp-json\/wp\/v2\/users\/3"}],"replies":[{"embeddable":true,"href":"https:\/\/vocesparalelas.com.ar\/sitio\/wp-json\/wp\/v2\/comments?post=77626"}],"version-history":[{"count":1,"href":"https:\/\/vocesparalelas.com.ar\/sitio\/wp-json\/wp\/v2\/posts\/77626\/revisions"}],"predecessor-version":[{"id":77630,"href":"https:\/\/vocesparalelas.com.ar\/sitio\/wp-json\/wp\/v2\/posts\/77626\/revisions\/77630"}],"wp:featuredmedia":[{"embeddable":true,"href":"https:\/\/vocesparalelas.com.ar\/sitio\/wp-json\/wp\/v2\/media\/77629"}],"wp:attachment":[{"href":"https:\/\/vocesparalelas.com.ar\/sitio\/wp-json\/wp\/v2\/media?parent=77626"}],"wp:term":[{"taxonomy":"category","embeddable":true,"href":"https:\/\/vocesparalelas.com.ar\/sitio\/wp-json\/wp\/v2\/categories?post=77626"},{"taxonomy":"post_tag","embeddable":true,"href":"https:\/\/vocesparalelas.com.ar\/sitio\/wp-json\/wp\/v2\/tags?post=77626"}],"curies":[{"name":"wp","href":"https:\/\/api.w.org\/{rel}","templated":true}]}}