{"id":77620,"date":"2024-10-04T18:43:24","date_gmt":"2024-10-04T21:43:24","guid":{"rendered":"https:\/\/vocesparalelas.com.ar\/sitio\/?p=77620"},"modified":"2024-10-05T20:35:32","modified_gmt":"2024-10-05T23:35:32","slug":"19-candidatas-a-emprendedora-del-sol-de-la-fns-2024-en-san-juan","status":"publish","type":"post","link":"https:\/\/vocesparalelas.com.ar\/sitio\/19-candidatas-a-emprendedora-del-sol-de-la-fns-2024-en-san-juan\/","title":{"rendered":"19 candidatas a \u201cEmprendedora del Sol\u201d de la FNS 2024 en San Juan"},"content":{"rendered":"<div>\n<p>Culmin\u00f3 la etapa de elecci\u00f3n departamental en la que se definieron las 19 mujeres que compiten en el 1\u00ba concurso \u201cEmprendedora del Sol\u201d\u00a0 para participar por el premio mayor en la Fiesta Nacional del Sol 2024, en San Juan.<\/p>\n<div><\/div>\n<p>Cada Municipalidad eligi\u00f3 a la primera y segunda en una ardua selecci\u00f3n que cont\u00f3 con un comit\u00e9 evaluador, quien analiz\u00f3 cada proyecto de las aspirantes.<\/p>\n<\/div>\n<div><\/div>\n<div>El 1\u00ba concurso \u201cEmprendedora del Sol\u201d reparte $1.500.000 a las primeras y $800.000 a las segundas. Adem\u00e1s, la \u201cEmprendedora del Sol\u201d obtiene $5.000.000 para invertir en mejorar su proyecto.<\/div>\n<div><\/div>\n<div>Este certamen, propuesto desde la cartera productiva, cuenta con el auspicio de Veladero, que pone a disposici\u00f3n una jornada intensiva de mentoreo y coaching para las 19 candidatas. El anuncio de la gran ganadora se lleva en la Fiesta Nacional del Sol.<\/div>\n<div><\/div>\n<div><strong><span style=\"color: #ff6600;\">Ganadoras<\/span><\/strong><\/div>\n<div><\/div>\n<div><strong><span style=\"color: #ff6600;\">Departamento\u00a0Capital<\/span><\/strong><\/div>\n<div><\/div>\n<div>1\u00ba Reserva org\u00e1nica Hongos Secos Mar\u00eda Cristina Gim\u00e9nez Moreno<\/div>\n<div>2\u00ba AMTA Trabajos en resina epoxi Sol Carbajal<\/div>\n<div><\/div>\n<div><strong><span style=\"color: #ff6600;\">Departamento\u00a0Rawson<\/span><\/strong><\/div>\n<div><\/div>\n<div>1\u00ba Aves de Paso Textil Romina G\u00f3mez<\/div>\n<div>2\u00ba Juntas se puede Textil M\u00f3nica Amalia Gonz\u00e1lez<\/div>\n<div><\/div>\n<div><strong><span style=\"color: #ff6600;\">Departamento\u00a0Chimbas<\/span><\/strong><\/div>\n<div><\/div>\n<div>1\u00baLeyendas del Valle blends Romina Pastr\u00e1n Yerba<\/div>\n<div>2\u00ba Godart Chocolater\u00eda Gina Z\u00e1rate<\/div>\n<div><\/div>\n<div><strong><span style=\"color: #ff6600;\">Departamento\u00a0Rivadavia<\/span><\/strong><\/div>\n<div><\/div>\n<div>1\u00ba Luze Natural Cosm\u00e9tica natural Emilce del Milagro Fern\u00e1ndez<\/div>\n<div>2\u00ba Donetta Luric Fabricaci\u00f3n de lencer\u00eda inclusiva Tamara Rodr\u00edguez<\/div>\n<div><\/div>\n<div><strong><span style=\"color: #ff6600;\">Departamento\u00a0Santa Luc\u00eda<\/span><\/strong><\/div>\n<div><\/div>\n<div>1\u00ba Aprovechamiento de residuos textiles Mar\u00eda del Carmen Mu\u00f1oz<\/div>\n<div>2\u00ba Mirai Elaboraci\u00f3n de productos artesanales Nicole Gonz\u00e1lez Mazza<\/div>\n<div><\/div>\n<div><strong><span style=\"color: #ff6600;\">Departamento\u00a0Pocito<\/span><\/strong><\/div>\n<div><\/div>\n<div>1\u00ba Tutti Amore Libros did\u00e1cticos Alejandra P\u00e1ez Pellinacci<\/div>\n<div>2\u00ba Somos Naturaleza L\u00e1pices plantables Mar\u00eda Dom\u00ednguez<\/div>\n<div><\/div>\n<div><strong><span style=\"color: #ff6600;\">Departamento\u00a0Caucete<\/span><\/strong><\/div>\n<div><\/div>\n<div>1\u00ba CEFA Productos Artesanales Dulces y licores In\u00e9s Leiva<\/div>\n<div>2\u00ba Sulata Agendas, anotadores, revistas Valeria Noem\u00ed Ochoa<\/div>\n<div><\/div>\n<div><strong><span style=\"color: #ff6600;\">Departamento\u00a0J\u00e1chal<\/span><\/strong><\/div>\n<div><\/div>\n<div>1\u00ba Centro Crisoles &#8211; Sala Multisensorial Salud Fernanda del Valle Codorn\u00edu<\/div>\n<div>2\u00ba Propia Indumentaria Daniela Emeli Brizuela<\/div>\n<div><\/div>\n<div><strong><span style=\"color: #ff6600;\">Departamento\u00a0Albard\u00f3n<\/span><\/strong><\/div>\n<div><\/div>\n<div>1\u00ba MT Creaciones Textil Laura Marcela Torres<\/div>\n<div>2\u00ba AD Sublimado y papeler\u00eda creativa Anal\u00eda Dom\u00ednguez Laura Anal\u00eda Dom\u00ednguez<\/div>\n<div><\/div>\n<div><strong><span style=\"color: #ff6600;\">Departamento\u00a0Sarmiento<\/span><\/strong><\/div>\n<div><\/div>\n<div>1.\u00ba El Gran Soldador Metal\u00fargica Ana D\u00edaz<\/div>\n<div>2.\u00baLa Ori Panader\u00eda y elaboraci\u00f3n de empanadas Rita Ayala<\/div>\n<div><\/div>\n<div><span style=\"color: #ff6600;\"><strong>Departamento\u00a025 de Mayo<\/strong><\/span><\/div>\n<div><\/div>\n<div>1\u00ba Luna Di Fiore Marroquiner\u00eda Silvia Beatriz Troncoso B\u00e1ez<\/div>\n<div>2\u00ba La Nonita Elaboraci\u00f3n de tortas y reposter\u00eda Anal\u00eda Vanesa Daruni<\/div>\n<div><\/div>\n<div><strong><span style=\"color: #ff6600;\">Departamento\u00a0San Mart\u00edn<\/span><\/strong><\/div>\n<div><\/div>\n<div>1\u00ba Finca El Desaf\u00edo del Inmigrante Adriana Garde Turismo agroproductivo<\/div>\n<div>2\u00ba Pink Librer\u00eda y regalar\u00eda artesanal Mar\u00eda Soledad Lucero Vallejos<\/div>\n<div><\/div>\n<div><strong><span style=\"color: #ff6600;\">Departamento\u00a0Calingasta<\/span><\/strong><\/div>\n<div><\/div>\n<div>1\u00ba Toro en mi Rodeo Taller de escardado y tejido Mar\u00eda Gabriela Toro<\/div>\n<div>2\u00ba Cerro Azul Catering y viandas Nelly Delgado<\/div>\n<div><\/div>\n<div><strong><span style=\"color: #ff6600;\">Departamento\u00a09 de Julio<\/span><\/strong><\/div>\n<div><\/div>\n<div>1\u00ba Mis Tejidos a mano y a m\u00e1quina Anal\u00eda Vanesa Ramos<\/div>\n<div>2\u00ba Vida Org\u00e1nica Hortalizas Norma Beatriz P\u00e9rez<\/div>\n<div><\/div>\n<div><strong><span style=\"color: #ff6600;\">Departamento\u00a0Angaco<\/span><\/strong><\/div>\n<div><\/div>\n<div>1\u00ba La \u00d1usta Mar\u00eda Nicolasa Sosa Pasteler\u00eda<\/div>\n<div>2\u00ba Te Fiti Vivero y mucho m\u00e1s Jesica Mart\u00edn G\u00f3mez<\/div>\n<div><\/div>\n<div><strong><span style=\"color: #ff6600;\">Departamento\u00a0Valle F\u00e9rtil<\/span><\/strong><\/div>\n<div><\/div>\n<div>1\u00ba Escuela de Arte Ancestral Elaboraci\u00f3n de tejidos artesanales Ilda Susana Olgu\u00edn<\/div>\n<div>2\u00ba Lola Valentina Confecciones Elaboraci\u00f3n de indumentaria Celina Sep\u00falveda<\/div>\n<div><\/div>\n<div><strong><span style=\"color: #ff6600;\">Departamento\u00a0Iglesia<\/span><\/strong><\/div>\n<div><\/div>\n<div>1\u00ba Origen Barro Cer\u00e1mica artesanal Jahnavi Iacopino<\/div>\n<div>2\u00ba Comidas Congelados en crudo Luli Gisela Castillo<\/div>\n<div><\/div>\n<div><strong><span style=\"color: #ff6600;\">Departamento\u00a0Ullum<\/span><\/strong><\/div>\n<div><\/div>\n<div>1\u00ba Taller Sublimados Arte Ullum Nidia Rosalba March\u00e1n<\/div>\n<div>2\u00ba Por Amor a Milo Tartas y desayunos Micaela Ayel\u00e9n Valencia<\/div>\n<div><\/div>\n<div><span style=\"color: #ff6600;\"><strong>Departamento\u00a0Zonda<\/strong><\/span><\/div>\n<div><\/div>\n<div>1\u00ba Taller de Costura Hilos y Puntadas Textil B\u00e1rbara Beatriz Alegre<\/div>\n<div>2\u00ba La Pasteler\u00eda sin TAC, Laura Alejandra D\u00edaz<\/div>\n<div><\/div>\n<div><img loading=\"lazy\" decoding=\"async\" class=\"alignnone size-full wp-image-77623\" src=\"https:\/\/vocesparalelas.com.ar\/sitio\/wp-content\/uploads\/2024\/10\/EMPTEDEDORA-DEL-SOL.jpg\" alt=\"\" width=\"800\" height=\"533\" srcset=\"https:\/\/vocesparalelas.com.ar\/sitio\/wp-content\/uploads\/2024\/10\/EMPTEDEDORA-DEL-SOL.jpg 800w, https:\/\/vocesparalelas.com.ar\/sitio\/wp-content\/uploads\/2024\/10\/EMPTEDEDORA-DEL-SOL-300x200.jpg 300w, https:\/\/vocesparalelas.com.ar\/sitio\/wp-content\/uploads\/2024\/10\/EMPTEDEDORA-DEL-SOL-768x512.jpg 768w\" sizes=\"auto, (max-width: 800px) 100vw, 800px\" \/><\/div>\n<div><\/div>\n","protected":false},"excerpt":{"rendered":"<p>Culmin\u00f3 la etapa de elecci\u00f3n departamental en la que se definieron las 19 mujeres que compiten en el 1\u00ba concurso<\/p>\n","protected":false},"author":3,"featured_media":75903,"comment_status":"closed","ping_status":"closed","sticky":false,"template":"","format":"standard","meta":{"_acf_changed":false,"_seopress_robots_primary_cat":"none","_seopress_titles_title":"","_seopress_titles_desc":"","_seopress_robots_index":"","colormag_page_container_layout":"default_layout","colormag_page_sidebar_layout":"default_layout","footnotes":""},"categories":[8],"tags":[],"class_list":["post-77620","post","type-post","status-publish","format-standard","has-post-thumbnail","hentry","category-concursos"],"acf":[],"_links":{"self":[{"href":"https:\/\/vocesparalelas.com.ar\/sitio\/wp-json\/wp\/v2\/posts\/77620","targetHints":{"allow":["GET"]}}],"collection":[{"href":"https:\/\/vocesparalelas.com.ar\/sitio\/wp-json\/wp\/v2\/posts"}],"about":[{"href":"https:\/\/vocesparalelas.com.ar\/sitio\/wp-json\/wp\/v2\/types\/post"}],"author":[{"embeddable":true,"href":"https:\/\/vocesparalelas.com.ar\/sitio\/wp-json\/wp\/v2\/users\/3"}],"replies":[{"embeddable":true,"href":"https:\/\/vocesparalelas.com.ar\/sitio\/wp-json\/wp\/v2\/comments?post=77620"}],"version-history":[{"count":2,"href":"https:\/\/vocesparalelas.com.ar\/sitio\/wp-json\/wp\/v2\/posts\/77620\/revisions"}],"predecessor-version":[{"id":77625,"href":"https:\/\/vocesparalelas.com.ar\/sitio\/wp-json\/wp\/v2\/posts\/77620\/revisions\/77625"}],"wp:featuredmedia":[{"embeddable":true,"href":"https:\/\/vocesparalelas.com.ar\/sitio\/wp-json\/wp\/v2\/media\/75903"}],"wp:attachment":[{"href":"https:\/\/vocesparalelas.com.ar\/sitio\/wp-json\/wp\/v2\/media?parent=77620"}],"wp:term":[{"taxonomy":"category","embeddable":true,"href":"https:\/\/vocesparalelas.com.ar\/sitio\/wp-json\/wp\/v2\/categories?post=77620"},{"taxonomy":"post_tag","embeddable":true,"href":"https:\/\/vocesparalelas.com.ar\/sitio\/wp-json\/wp\/v2\/tags?post=77620"}],"curies":[{"name":"wp","href":"https:\/\/api.w.org\/{rel}","templated":true}]}}