{"id":77614,"date":"2024-10-04T18:48:58","date_gmt":"2024-10-04T21:48:58","guid":{"rendered":"https:\/\/vocesparalelas.com.ar\/sitio\/?p=77614"},"modified":"2024-10-04T20:49:12","modified_gmt":"2024-10-04T23:49:12","slug":"realizan-trabajos-de-remodelacion-y-ampliacion-en-10-caps-de-san-juan","status":"publish","type":"post","link":"https:\/\/vocesparalelas.com.ar\/sitio\/realizan-trabajos-de-remodelacion-y-ampliacion-en-10-caps-de-san-juan\/","title":{"rendered":"Realizan trabajos de remodelaci\u00f3n y ampliaci\u00f3n en 10 CAPS de San Juan"},"content":{"rendered":"<p>Los Ministerios de Salud e de Infraestructura, Agua y Energ\u00eda del Gobierno de San Juan firmaron un convenio de cooperaci\u00f3n y actualmente, se realizan trabajos de remodelaci\u00f3n y ampliaci\u00f3n en 10 Centros de Atenci\u00f3n Primaria de Salud &#8211; CAPS -, distribuidos en los departamentos Pocito, San Mart\u00edn, Chimbas, Rawson, Rivadavia y Albard\u00f3n.<\/p>\n<p>Se espera, que en lo que queda del a\u00f1o, estos trabajos lleguen a otros 10 CAPS m\u00e1s de otros departamentos de San Juan.<\/p>\n<p>El proyecto comenz\u00f3 en Junio, cuando los ministros de Salud, Dr. Am\u00edlcar Dobladez y de Infraestructura, Agua y Energ\u00eda del Gobierno de San Juan, Arq. Fernando Perea recorrieron algunas de estas instalaciones para dar inicio a las obras. A menos de tres meses, las tareas se expandieron a otros CAPS, sumando mejoras no solo en la infraestructura existente, sino tambi\u00e9n en la ampliaci\u00f3n de los espacios, con el fin de ofrecer mejores servicios a la comunidad.<\/p>\n<p>Los trabajos abarcan la reparaci\u00f3n de instalaciones el\u00e9ctricas y ca\u00f1er\u00edas, la limpieza y desinfecci\u00f3n de tanques, la colocaci\u00f3n de nuevos revestimientos, el cierre perimetral y la reparaci\u00f3n de techos. Adem\u00e1s, se est\u00e1n ampliando los edificios para incorporar nuevos consultorios, salas de espera, cocinas, farmacias, dep\u00f3sitos y sanitarios, duplicando el espacio en algunos casos.<\/p>\n<p>Los CAPS donde se ejecutan estas obras son Costanera Norte, Elio Cantoni, Independencia Argentina, Docentes Sanjuaninos, Bracco, Municipal de Pocito, Chubut, Las Lomitas, Alonso Fuego y Las Tierritas. Ellos, ubicados en los departamentos: Pocito, San Mart\u00edn, Chimbas, Rawson, Rivadavia y Albard\u00f3n.<\/p>\n<p>El proyecto est\u00e1 a cargo de la Direcci\u00f3n de Mantenimiento y Obras Menores del Ministerio de Infraestructura, Agua y Energ\u00eda, desde donde explicaron que el objetivo es llegar, de manera paulatina, a los 151 CAPS que hay en la provincia de San Juan.<\/p>\n<p>Durante esta semana, los ministros de Salud e Infraestructura, recorrieron las instalaciones del CAPS Bracco y Elio Cantoni. Junto a ellos, estuvieron, el director de Obras Menores, Ing. Jorge Samat; la jefa de Zona Sanitaria V, Dra. Patricia Mut; la jefa de \u00c1rea Program\u00e1tica de Pocito, Dra. Carolina Auger y parte del equipo de Higiene y Seguridad de ambos ministerios.<\/p>\n<p>&nbsp;<\/p>\n<p>&nbsp;<\/p>\n","protected":false},"excerpt":{"rendered":"<p>Los Ministerios de Salud e de Infraestructura, Agua y Energ\u00eda del Gobierno de San Juan firmaron un convenio de cooperaci\u00f3n<\/p>\n","protected":false},"author":3,"featured_media":77617,"comment_status":"closed","ping_status":"closed","sticky":false,"template":"","format":"standard","meta":{"_acf_changed":false,"_seopress_robots_primary_cat":"none","_seopress_titles_title":"","_seopress_titles_desc":"","_seopress_robots_index":"","colormag_page_container_layout":"default_layout","colormag_page_sidebar_layout":"default_layout","footnotes":""},"categories":[1],"tags":[],"class_list":["post-77614","post","type-post","status-publish","format-standard","has-post-thumbnail","hentry","category-destacadas"],"acf":[],"_links":{"self":[{"href":"https:\/\/vocesparalelas.com.ar\/sitio\/wp-json\/wp\/v2\/posts\/77614","targetHints":{"allow":["GET"]}}],"collection":[{"href":"https:\/\/vocesparalelas.com.ar\/sitio\/wp-json\/wp\/v2\/posts"}],"about":[{"href":"https:\/\/vocesparalelas.com.ar\/sitio\/wp-json\/wp\/v2\/types\/post"}],"author":[{"embeddable":true,"href":"https:\/\/vocesparalelas.com.ar\/sitio\/wp-json\/wp\/v2\/users\/3"}],"replies":[{"embeddable":true,"href":"https:\/\/vocesparalelas.com.ar\/sitio\/wp-json\/wp\/v2\/comments?post=77614"}],"version-history":[{"count":1,"href":"https:\/\/vocesparalelas.com.ar\/sitio\/wp-json\/wp\/v2\/posts\/77614\/revisions"}],"predecessor-version":[{"id":77618,"href":"https:\/\/vocesparalelas.com.ar\/sitio\/wp-json\/wp\/v2\/posts\/77614\/revisions\/77618"}],"wp:featuredmedia":[{"embeddable":true,"href":"https:\/\/vocesparalelas.com.ar\/sitio\/wp-json\/wp\/v2\/media\/77617"}],"wp:attachment":[{"href":"https:\/\/vocesparalelas.com.ar\/sitio\/wp-json\/wp\/v2\/media?parent=77614"}],"wp:term":[{"taxonomy":"category","embeddable":true,"href":"https:\/\/vocesparalelas.com.ar\/sitio\/wp-json\/wp\/v2\/categories?post=77614"},{"taxonomy":"post_tag","embeddable":true,"href":"https:\/\/vocesparalelas.com.ar\/sitio\/wp-json\/wp\/v2\/tags?post=77614"}],"curies":[{"name":"wp","href":"https:\/\/api.w.org\/{rel}","templated":true}]}}