{"id":77609,"date":"2024-10-04T20:19:49","date_gmt":"2024-10-04T23:19:49","guid":{"rendered":"https:\/\/vocesparalelas.com.ar\/sitio\/?p=77609"},"modified":"2024-10-07T12:36:32","modified_gmt":"2024-10-07T15:36:32","slug":"reunion-con-las-autoridades-de-la-empresa-glencore-en-londres-inglaterra","status":"publish","type":"post","link":"https:\/\/vocesparalelas.com.ar\/sitio\/reunion-con-las-autoridades-de-la-empresa-glencore-en-londres-inglaterra\/","title":{"rendered":"Reuni\u00f3n con las autoridades de la Empresa Glencore en Londres, Inglaterra"},"content":{"rendered":"<p>La delegaci\u00f3n de la Argentina, en Londres, Inglaterra, integrada por los por los gobernadores \u00abMesa del Cobre\u00bb, donde forma parte el gobernador de San Juan, Dr. Marcelo Orrego, fue recibida por las autoridades de la empresa Glencore. El equipo estuvo liderado por Mike Westerman, CEO de Cobre.<\/p>\n<p><iframe loading=\"lazy\" title=\"El gobernador Orrego se reuni\u00f3 con directivos de Glencore\" width=\"800\" height=\"450\" src=\"https:\/\/www.youtube.com\/embed\/ZPE7LYt2ymY?feature=oembed\" frameborder=\"0\" allow=\"accelerometer; autoplay; clipboard-write; encrypted-media; gyroscope; picture-in-picture; web-share\" referrerpolicy=\"strict-origin-when-cross-origin\" allowfullscreen><\/iframe><\/p>\n<p>Glencore es una de las mayores productoras y comercializadoras de minerales cr\u00edticos necesarios para la transici\u00f3n energ\u00e9tica, entre otras \u00e1reas de negocios en las que opera. En este contexto, ofrecieron una presentaci\u00f3n de sus actividades en todo el mundo y ratificaron su inter\u00e9s en ampliar sus inversiones en Argentina.<\/p>\n<p>En Argentina, la empresa ha estado vinculada al sector alimenticio, y en el sector minero particularmente. Glencore est\u00e1 presente en San Juan con el proyecto Pach\u00f3n en Calingasta y en Catamarca con el proyecto Agua Rica\/Alumbrera &#8211; MARA.<\/p>\n<p><img loading=\"lazy\" decoding=\"async\" class=\"alignnone size-large wp-image-77639\" src=\"https:\/\/vocesparalelas.com.ar\/sitio\/wp-content\/uploads\/2024\/10\/ORREGO-EMPRESA-02-800x600.jpeg\" alt=\"\" width=\"800\" height=\"600\" srcset=\"https:\/\/vocesparalelas.com.ar\/sitio\/wp-content\/uploads\/2024\/10\/ORREGO-EMPRESA-02-800x600.jpeg 800w, https:\/\/vocesparalelas.com.ar\/sitio\/wp-content\/uploads\/2024\/10\/ORREGO-EMPRESA-02-300x225.jpeg 300w, https:\/\/vocesparalelas.com.ar\/sitio\/wp-content\/uploads\/2024\/10\/ORREGO-EMPRESA-02-768x576.jpeg 768w, https:\/\/vocesparalelas.com.ar\/sitio\/wp-content\/uploads\/2024\/10\/ORREGO-EMPRESA-02.jpeg 1024w\" sizes=\"auto, (max-width: 800px) 100vw, 800px\" \/><\/p>\n<p>&nbsp;<\/p>\n","protected":false},"excerpt":{"rendered":"<p>La delegaci\u00f3n de la Argentina, en Londres, Inglaterra, integrada por los por los gobernadores \u00abMesa del Cobre\u00bb, donde forma parte<\/p>\n","protected":false},"author":3,"featured_media":77637,"comment_status":"closed","ping_status":"closed","sticky":false,"template":"","format":"standard","meta":{"_acf_changed":false,"_seopress_robots_primary_cat":"none","_seopress_titles_title":"","_seopress_titles_desc":"","_seopress_robots_index":"","colormag_page_container_layout":"default_layout","colormag_page_sidebar_layout":"default_layout","footnotes":""},"categories":[2,7],"tags":[],"class_list":["post-77609","post","type-post","status-publish","format-standard","has-post-thumbnail","hentry","category-convocatorias","category-videos"],"acf":[],"_links":{"self":[{"href":"https:\/\/vocesparalelas.com.ar\/sitio\/wp-json\/wp\/v2\/posts\/77609","targetHints":{"allow":["GET"]}}],"collection":[{"href":"https:\/\/vocesparalelas.com.ar\/sitio\/wp-json\/wp\/v2\/posts"}],"about":[{"href":"https:\/\/vocesparalelas.com.ar\/sitio\/wp-json\/wp\/v2\/types\/post"}],"author":[{"embeddable":true,"href":"https:\/\/vocesparalelas.com.ar\/sitio\/wp-json\/wp\/v2\/users\/3"}],"replies":[{"embeddable":true,"href":"https:\/\/vocesparalelas.com.ar\/sitio\/wp-json\/wp\/v2\/comments?post=77609"}],"version-history":[{"count":3,"href":"https:\/\/vocesparalelas.com.ar\/sitio\/wp-json\/wp\/v2\/posts\/77609\/revisions"}],"predecessor-version":[{"id":77640,"href":"https:\/\/vocesparalelas.com.ar\/sitio\/wp-json\/wp\/v2\/posts\/77609\/revisions\/77640"}],"wp:featuredmedia":[{"embeddable":true,"href":"https:\/\/vocesparalelas.com.ar\/sitio\/wp-json\/wp\/v2\/media\/77637"}],"wp:attachment":[{"href":"https:\/\/vocesparalelas.com.ar\/sitio\/wp-json\/wp\/v2\/media?parent=77609"}],"wp:term":[{"taxonomy":"category","embeddable":true,"href":"https:\/\/vocesparalelas.com.ar\/sitio\/wp-json\/wp\/v2\/categories?post=77609"},{"taxonomy":"post_tag","embeddable":true,"href":"https:\/\/vocesparalelas.com.ar\/sitio\/wp-json\/wp\/v2\/tags?post=77609"}],"curies":[{"name":"wp","href":"https:\/\/api.w.org\/{rel}","templated":true}]}}