{"id":77604,"date":"2024-10-04T18:55:40","date_gmt":"2024-10-04T21:55:40","guid":{"rendered":"https:\/\/vocesparalelas.com.ar\/sitio\/?p=77604"},"modified":"2024-10-07T11:36:12","modified_gmt":"2024-10-07T14:36:12","slug":"se-busca-reconocer-el-talento-de-artistas-con-propuestas-de-raiz-folklorica-en-musica-y-danza-de-san-juan","status":"publish","type":"post","link":"https:\/\/vocesparalelas.com.ar\/sitio\/se-busca-reconocer-el-talento-de-artistas-con-propuestas-de-raiz-folklorica-en-musica-y-danza-de-san-juan\/","title":{"rendered":"Se busca reconocer el talento de artistas con propuestas de ra\u00edz folkl\u00f3rica en m\u00fasica y danza de San Juan"},"content":{"rendered":"<p>El Ministerio de Turismo, Cultura y Deportes del Gobierno de San Juan abre las inscripciones desde el 4 de Octubre hasta el 4 de Noviembre de 2024 para el Pre Cosqu\u00edn hacia el prestigioso Festival Nacional de Folklore de Cosqu\u00edn 2024<\/p>\n<p>Se busca reconocer el talento de artistas con propuestas de ra\u00edz folkl\u00f3rica en m\u00fasica y danza, San Juan es nuevamente sede del certamen para nuevos valores camino a Pre Cosqu\u00edn. Este evento se presenta como una plataforma fundamental para aquellos que deseen destacar en el \u00e1mbito folkl\u00f3rico y dar un paso hacia el prestigioso Festival Nacional de Folklore de Cosqu\u00edn.<\/p>\n<p><strong><span style=\"color: #ff6600;\">Los artistas de San Juan interesados en participar pueden inscribirse en<\/span><\/strong><\/p>\n<p><a href=\"https:\/\/docs.google.com\/forms\/d\/e\/1FAIpQLSdWp2IAvb3cQ3bOl-4G8iEiraQ1c_a3EQst-WM19W62OyIRow\/viewform\">PreCosquinSanJuan2025<\/a><\/p>\n<p>o en las oficinas de la Direcci\u00f3n Territorial, Artes Populares y Folcl\u00f3ricas, en el Ferro Urban\u00edstico, ingreso por Espa\u00f1a y San Luis.<\/p>\n<p>En el 2024 se suma un nuevo rubro: Solista de Malambo Femenino, ampliando as\u00ed las oportunidades de participaci\u00f3n.<\/p>\n<p>El preselectivo se desarrolla el 16 y 17 de Noviembre, donde se eval\u00faan diversas categor\u00edas, que incluyen desde solista vocal hasta conjunto de baile folkl\u00f3rico, entre otros.<\/p>\n<p><img loading=\"lazy\" decoding=\"async\" class=\"alignnone size-full wp-image-14857\" src=\"https:\/\/vocesparalelas.com.ar\/sitio\/wp-content\/uploads\/2018\/09\/PRE-COSQUIN.jpg\" alt=\"\" width=\"782\" height=\"521\" srcset=\"https:\/\/vocesparalelas.com.ar\/sitio\/wp-content\/uploads\/2018\/09\/PRE-COSQUIN.jpg 782w, https:\/\/vocesparalelas.com.ar\/sitio\/wp-content\/uploads\/2018\/09\/PRE-COSQUIN-300x200.jpg 300w, https:\/\/vocesparalelas.com.ar\/sitio\/wp-content\/uploads\/2018\/09\/PRE-COSQUIN-768x512.jpg 768w\" sizes=\"auto, (max-width: 782px) 100vw, 782px\" \/><\/p>\n<p><strong><span style=\"color: #ff6600;\">Para m\u00e1s informaci\u00f3n<\/span><\/strong><\/p>\n<p>Los interesados pueden comunicarse al correo electr\u00f3nico <span id=\"cloakc310d1a8ef2466326ce70ba76f7884ec\"><a href=\"mailto:sedesanjuancosquin@gmail.com\">sedesanjuancosquin@gmail.com<\/a><\/span>\u00a0o al WhatsApp 264-4390466.<\/p>\n<p>Esta iniciativa reafirma el compromiso de San Juan con la promoci\u00f3n y difusi\u00f3n de la cultura folkl\u00f3rica argentina.<\/p>\n<p>&nbsp;<\/p>\n<p>&nbsp;<\/p>\n","protected":false},"excerpt":{"rendered":"<p>El Ministerio de Turismo, Cultura y Deportes del Gobierno de San Juan abre las inscripciones desde el 4 de Octubre<\/p>\n","protected":false},"author":3,"featured_media":14856,"comment_status":"closed","ping_status":"closed","sticky":false,"template":"","format":"standard","meta":{"_acf_changed":false,"_seopress_robots_primary_cat":"none","_seopress_titles_title":"","_seopress_titles_desc":"","_seopress_robots_index":"","colormag_page_container_layout":"default_layout","colormag_page_sidebar_layout":"default_layout","footnotes":""},"categories":[8],"tags":[],"class_list":["post-77604","post","type-post","status-publish","format-standard","has-post-thumbnail","hentry","category-concursos"],"acf":[],"_links":{"self":[{"href":"https:\/\/vocesparalelas.com.ar\/sitio\/wp-json\/wp\/v2\/posts\/77604","targetHints":{"allow":["GET"]}}],"collection":[{"href":"https:\/\/vocesparalelas.com.ar\/sitio\/wp-json\/wp\/v2\/posts"}],"about":[{"href":"https:\/\/vocesparalelas.com.ar\/sitio\/wp-json\/wp\/v2\/types\/post"}],"author":[{"embeddable":true,"href":"https:\/\/vocesparalelas.com.ar\/sitio\/wp-json\/wp\/v2\/users\/3"}],"replies":[{"embeddable":true,"href":"https:\/\/vocesparalelas.com.ar\/sitio\/wp-json\/wp\/v2\/comments?post=77604"}],"version-history":[{"count":1,"href":"https:\/\/vocesparalelas.com.ar\/sitio\/wp-json\/wp\/v2\/posts\/77604\/revisions"}],"predecessor-version":[{"id":77619,"href":"https:\/\/vocesparalelas.com.ar\/sitio\/wp-json\/wp\/v2\/posts\/77604\/revisions\/77619"}],"wp:featuredmedia":[{"embeddable":true,"href":"https:\/\/vocesparalelas.com.ar\/sitio\/wp-json\/wp\/v2\/media\/14856"}],"wp:attachment":[{"href":"https:\/\/vocesparalelas.com.ar\/sitio\/wp-json\/wp\/v2\/media?parent=77604"}],"wp:term":[{"taxonomy":"category","embeddable":true,"href":"https:\/\/vocesparalelas.com.ar\/sitio\/wp-json\/wp\/v2\/categories?post=77604"},{"taxonomy":"post_tag","embeddable":true,"href":"https:\/\/vocesparalelas.com.ar\/sitio\/wp-json\/wp\/v2\/tags?post=77604"}],"curies":[{"name":"wp","href":"https:\/\/api.w.org\/{rel}","templated":true}]}}