{"id":77590,"date":"2024-10-03T22:54:59","date_gmt":"2024-10-04T01:54:59","guid":{"rendered":"https:\/\/vocesparalelas.com.ar\/sitio\/?p=77590"},"modified":"2024-10-05T10:56:47","modified_gmt":"2024-10-05T13:56:47","slug":"paritaria-docente-octubre-2024-y-el-gobierno-de-san-juan-ofrecio-un-aumento-salarial-del-2-que-suman-en-el-ultimo-trimestre-del-6","status":"publish","type":"post","link":"https:\/\/vocesparalelas.com.ar\/sitio\/paritaria-docente-octubre-2024-y-el-gobierno-de-san-juan-ofrecio-un-aumento-salarial-del-2-que-suman-en-el-ultimo-trimestre-del-6\/","title":{"rendered":"Paritaria Docente \u00abOctubre 2024\u00bb y el Gobierno de San Juan ofreci\u00f3 un aumento salarial del 2 % que suman en el \u00faltimo trimestre del 6 %"},"content":{"rendered":"<p>El Jueves, 3 de Octubre de 2024, se desarroll\u00f3 la Paritaria Docente \u00abOctubre 2024\u00bb donde se reunieron los Ministros de Econom\u00eda, Finanzas y Hacienda, CPN Roberto Guti\u00e9rrez, de Educaci\u00f3n del Gobierno de San Juan, Lic. Silvia Fuentes, el Secretario General de la Gobernaci\u00f3n Lic. Emilio Achem, los representantes de los Gremios de San Juan UDAP, UDA, AMET y dem\u00e1s autoridades de las partes.<\/p>\n<p>En la Sesi\u00f3n Paritaria Docente de San Juan comenz\u00f3 con las palabras de la Ministra de Educaci\u00f3n, Lic. Silvia Fuentes, quien da la bienvenida a las partes y agradece al Ministro de Econom\u00eda Finanzas y Hacienda su participaci\u00f3n en la Mesa la situaci\u00f3n econ\u00f3mica actual a nivel nacional y provincial, como as\u00ed tambi\u00e9n el reflejo econ\u00f3mica actual de cada sanjuanino y en especial la de los docentes, resaltando la Salarial.<\/p>\n<p>Luego, el Ministro de Econom\u00eda, Hacienda y Finanzas CPN Roberto Guti\u00e9rrez, quien resalt\u00f3 la pol\u00edtica salarial llevada adelante por el gobierno provincial. Realiza un s\u00f3lido an\u00e1lisis de la inflaci\u00f3n interanual y su evoluci\u00f3n. Adem\u00e1s indic\u00f3 el enorme esfuerzo por la gesti\u00f3n de gobierno actual, buscando mejorar en cada propuesta, la situaci\u00f3n disminuci\u00f3n en la recaudaci\u00f3n tributaria provincial debido a la reducci\u00f3n de la actividad econ\u00f3mica. Destac\u00f3, tambi\u00e9n, la \u00faltima propuesta salarial del Gobierno del 5%, superando a la inflaci\u00f3n que fue del 4,2%.<\/p>\n<p>Seguidamente, el Secretario General de la Gobernaci\u00f3n, Lic. Emilio Achem, quien remarc\u00f3 el enorme esfuerzo &#8216;del Gobierno Provincial en cuanto al pago de sueldos estatales y gastos provinciales, debido a la situaci\u00f3n econ\u00f3mica actual que atraviesa la provincia y el pa\u00eds en general. Manifest\u00f3 la buena voluntad del gobierno provincial en buscar acuerdos en todo momento en base a consensos, siempre en el marco de la sostenibilidad econ\u00f3mica de la provincia y en un contexto nacional econ\u00f3mico complejo, afectado por la crisis mundial actual. Tambi\u00e9n, inform\u00f3 las perspectivas a futuro que hay para la Provincia en cuanto a inversiones mineras que reactiven la econom\u00eda. Al igual que el sector energ\u00e9tico, especialmente inversi\u00f3n en energ\u00eda solar.<\/p>\n<p><span style=\"color: #339966;\"><strong>Por ello, la patronal realiz\u00f3 la siguiente propuesta salarial para el trimestre de Octubre, Noviembre y Diciembre de 2024, con un incremento distribuido de la siguiente manera:<\/strong><\/span><\/p>\n<ul>\n<li>2 % en Octubre 2024 sobre el valor \u00edndice de Septiembre 2024.<\/li>\n<li>2 % en Noviembre 2024 sobre el valor \u00edndice de Septiembre 2024<\/li>\n<li>2 % en Diciembre 2024 sobre el valor \u00edndice de Septiembre 2024.<\/li>\n<\/ul>\n<p>La parte sindical expres\u00f3 en primer lugar, que si bien respeta la exposici\u00f3n realizada por la parte patronal, no comparte ni se siente representada por sus contenidos.<\/p>\n<p>En segundo lugar las entidades sindicales manifestaron que consideran insuficiente la propuesta salarial del gobierno, dado que la misma ni siquiera alcanza a los \u00edndices inflacionarios, raz\u00f3n por la cual en esta misma instancia solicitan se haga un esfuerzo. Se formule una propuesta superadora al respecto, y adem\u00e1s sobre puntos como valor \u00edndice y\/o radio, que entre otras cosas contenga de m\u00ednimas un salario docente provincial neto del cargo testigo, el cual debe partir de una antig\u00fcedad de 0 a\u00f1os y radio 1. Aumento de conectividad San Juan, elevaci\u00f3n de los pisos de asignaciones familiares.<\/p>\n<p>Ante esta requisitoria la parte patronal solicita pasar a un cuarto intermedio para su an\u00e1lisis.<\/p>\n<p><span style=\"color: #339966;\"><strong>Retomada la reuni\u00f3n la patronal actualiza su propuesta originaria por la siguiente: Para el trimestre de Octubre, Noviembre y Diciembre, con un incremento distribuido de la siguiente manera:<\/strong><\/span><\/p>\n<ul>\n<li>2 % en Octubre 2024 sobre el valor \u00edndice de Septiembre 2024<\/li>\n<li>2 % en Noviembre 2024 sobre el valor \u00edndice de Octubre 2024.<\/li>\n<li>2 % en diciembre 2024 sobre el valor \u00edndice de Noviembre 2024.<\/li>\n<\/ul>\n<p>Ante esto las entidades gremiales expresan que en tal caso deben someterla a consideraci\u00f3n de sus respectivas bases y \u00f3rganos estatutarios. No obstante, previamente reiteran entre otros reclamos anteriores sobre necesidades preexistentes de naturaleza edilicia, porteros, creaci\u00f3n de cargo de preceptores, cargos de ascensos, como tambi\u00e9n que se cumpla la normativa respecto de supervisores en cuanto la correcta liquidaci\u00f3n del A44 (dedicaci\u00f3n exclusiva), concursos de ascensos de todos los niveles, titularizaci\u00f3n de horas c\u00e1tedra, impresoras en escuelas, aumento en la cantidad de pasajes.<\/p>\n<p>Conociendo que se est\u00e1n por liquidar d\u00e9cimas y respecto de toda liquidaci\u00f3n de deudas salariales solicitan que se aplique el mecanismo legal de actualizaci\u00f3n de deudas ley 2476 I. Tambi\u00e9n se abonen de manera urgente todos aquellos expedientes con deudas preexistentes. 271-A<\/p>\n<p>Respecto del reclamo referido a los temas planteados por la parte gremial de car\u00e1cter pedag\u00f3gico y edilicio, la patronal manifest\u00f3 que desde la \u00faltima paritaria hasta la fecha se han llevado a cabo 3 reuniones, en el marco del cumplimiento de lo acordado en las actas paritarias anteriores referentes a los decretos 1890, 1900, 197. 7527<\/p>\n<p>Ante esto las partes decidieron pasar a un cuarto intermedio para el Martes, 8 de Octubre a las 14 hs.<\/p>\n<p>&nbsp;<\/p>\n<p><img loading=\"lazy\" decoding=\"async\" class=\"alignnone size-full wp-image-28629\" src=\"https:\/\/vocesparalelas.com.ar\/sitio\/wp-content\/uploads\/2020\/05\/MINISTERIO-EDUCACION-SJ.jpg\" alt=\"\" width=\"800\" height=\"533\" srcset=\"https:\/\/vocesparalelas.com.ar\/sitio\/wp-content\/uploads\/2020\/05\/MINISTERIO-EDUCACION-SJ.jpg 800w, https:\/\/vocesparalelas.com.ar\/sitio\/wp-content\/uploads\/2020\/05\/MINISTERIO-EDUCACION-SJ-300x200.jpg 300w, https:\/\/vocesparalelas.com.ar\/sitio\/wp-content\/uploads\/2020\/05\/MINISTERIO-EDUCACION-SJ-768x512.jpg 768w\" sizes=\"auto, (max-width: 800px) 100vw, 800px\" \/><\/p>\n","protected":false},"excerpt":{"rendered":"<p>El Jueves, 3 de Octubre de 2024, se desarroll\u00f3 la Paritaria Docente \u00abOctubre 2024\u00bb donde se reunieron los Ministros de<\/p>\n","protected":false},"author":3,"featured_media":77593,"comment_status":"closed","ping_status":"closed","sticky":false,"template":"","format":"standard","meta":{"_acf_changed":false,"_seopress_robots_primary_cat":"none","_seopress_titles_title":"","_seopress_titles_desc":"","_seopress_robots_index":"","colormag_page_container_layout":"default_layout","colormag_page_sidebar_layout":"default_layout","footnotes":""},"categories":[5],"tags":[],"class_list":["post-77590","post","type-post","status-publish","format-standard","has-post-thumbnail","hentry","category-ofrecimientos"],"acf":[],"_links":{"self":[{"href":"https:\/\/vocesparalelas.com.ar\/sitio\/wp-json\/wp\/v2\/posts\/77590","targetHints":{"allow":["GET"]}}],"collection":[{"href":"https:\/\/vocesparalelas.com.ar\/sitio\/wp-json\/wp\/v2\/posts"}],"about":[{"href":"https:\/\/vocesparalelas.com.ar\/sitio\/wp-json\/wp\/v2\/types\/post"}],"author":[{"embeddable":true,"href":"https:\/\/vocesparalelas.com.ar\/sitio\/wp-json\/wp\/v2\/users\/3"}],"replies":[{"embeddable":true,"href":"https:\/\/vocesparalelas.com.ar\/sitio\/wp-json\/wp\/v2\/comments?post=77590"}],"version-history":[{"count":5,"href":"https:\/\/vocesparalelas.com.ar\/sitio\/wp-json\/wp\/v2\/posts\/77590\/revisions"}],"predecessor-version":[{"id":77598,"href":"https:\/\/vocesparalelas.com.ar\/sitio\/wp-json\/wp\/v2\/posts\/77590\/revisions\/77598"}],"wp:featuredmedia":[{"embeddable":true,"href":"https:\/\/vocesparalelas.com.ar\/sitio\/wp-json\/wp\/v2\/media\/77593"}],"wp:attachment":[{"href":"https:\/\/vocesparalelas.com.ar\/sitio\/wp-json\/wp\/v2\/media?parent=77590"}],"wp:term":[{"taxonomy":"category","embeddable":true,"href":"https:\/\/vocesparalelas.com.ar\/sitio\/wp-json\/wp\/v2\/categories?post=77590"},{"taxonomy":"post_tag","embeddable":true,"href":"https:\/\/vocesparalelas.com.ar\/sitio\/wp-json\/wp\/v2\/tags?post=77590"}],"curies":[{"name":"wp","href":"https:\/\/api.w.org\/{rel}","templated":true}]}}