{"id":77559,"date":"2024-10-03T12:08:53","date_gmt":"2024-10-03T15:08:53","guid":{"rendered":"https:\/\/vocesparalelas.com.ar\/sitio\/?p=77559"},"modified":"2024-10-04T23:28:57","modified_gmt":"2024-10-05T02:28:57","slug":"el-gobierno-nacional-veto-la-ley-de-financiamiento-universitario-en-argentina","status":"publish","type":"post","link":"https:\/\/vocesparalelas.com.ar\/sitio\/el-gobierno-nacional-veto-la-ley-de-financiamiento-universitario-en-argentina\/","title":{"rendered":"El Gobierno Nacional vet\u00f3 la Ley de Financiamiento Universitario en Argentina"},"content":{"rendered":"<p>Despu\u00e9s de la masiva\u00a0marcha federal universitaria,\u00a0el\u00a0Gobierno public\u00f3\u00a0el\u00a0veto\u00a0a la\u00a0ley de Financiamiento Universitario bajo el argumento de querer \u00abda\u00f1ar al gobierno pol\u00edticamente\u00bb y al equilibrio fiscal, mediante la ampliaci\u00f3n de partidas presupuestarias no previstas.\u00a0M\u00e1s temprano, en un comunicado, el Ejecutivo acus\u00f3 a referentes pol\u00edticos de la\u00a0oposici\u00f3n que asistieron a la protesta\u00a0de conformar\u00a0\u00abun nuevo frente de izquierda populista\u00bb.<\/p>\n<p>Mediante el\u00a0decreto 879\/2024,\u00a0el presidente\u00a0Javier Milei\u00a0avanz\u00f3 esta noche con el\u00a0rechazo a la normativa sancionada por el Congreso,\u00a0que apuntaba a incrementar el presupuesto del sector universitario y los salarios de los trabajadores docentes y no docentes. La medida era respaldada por una buena parte de la sociedad civil.<\/p>\n<article class=\"article-body article-body--third-paragraph content-protected-false\">El texto publicado en el Bolet\u00edn Oficial se\u00f1ala que \u00abel proyecto de ley en an\u00e1lisis no pretende defender ni garantizar la protecci\u00f3n y el sostenimiento del financiamiento de las Universidades Nacionales, sino que\u00a0procura da\u00f1ar al gobierno pol\u00edticamente\u00bb. Adem\u00e1s, denuncia que \u00abes\u00a0manifiestamente violatorio del marco jur\u00eddico vigente, en tanto\u00a0no contempla el impacto fiscal\u00a0de la medida ni tampoco determina la fuente de su financiamiento\u00bb.<\/article>\n<article class=\"article-body article-body--fourth-paragraph content-protected-false\">En otra parte del documento, el Gobierno justifica el veto para \u00ablimitar la discrecionalidad del Poder Legislativo Nacional que debe actuar con sensatez institucional, de forma responsable, cuidando de no emitir disposiciones cuya aplicaci\u00f3n sea inconveniente para las cuentas p\u00fablicas, o que contradigan la proyecci\u00f3n de ingresos y distribuci\u00f3n de gastos prevista en el Presupuesto Nacional\u00bb.<\/p>\n<article class=\"article-body article-body--remaining-paragraph content-protected-false\">Y agrega: \u00abla administraci\u00f3n de los recursos p\u00fablicos debe ser realizada en forma responsable\u00a0y conforme a los fines p\u00fablicos y principios de buena administraci\u00f3n que debe perseguir toda acci\u00f3n de gobierno, procurando alcanzar el bien com\u00fan que debe guiar toda pol\u00edtica de gobierno\u00bb<span style=\"color: #0000ff;\"><strong>Salarios: Gobierno aclara cu\u00e1nto le aumentaron a los docentes universitarios<\/strong><\/span>las entidades de educaci\u00f3n represent\u00f3 un incremento del 87% por el\u00a0per\u00edodo entre diciembre y agosto\u00a0y en t\u00e9rminos comparativos con el resto del personal de la Administraci\u00f3n P\u00fablica Nacional se aprecia que dicho porcentaje se ubica en el 78%, mientras que la variaci\u00f3n porcentual acumulada del \u00cdndice de Precios al Consumidor (IPC) publicada por el\u00a0INSTITUTO NACIONAL DE ESTAD\u00cdSTICA Y CENSOS (INDEC) para ese per\u00edodo alcanza un CIENTO CUARENTA Y CUATRO POR CIENTO (144 %).\u00a0Es decir, admite que los salarios est\u00e1n por debajo del \u00edndice de precios.<\/p>\n<p>Pero al mismo tiempo, aclara que\u00a0\u00abestablecer\u00eda un privilegio\u00bb\u00a0para el personal de las Universidades Nacionales respecto al resto del personal de la Administraci\u00f3n P\u00fablica Nacional, \u00abpor lo que los incrementos salariales deben tener lugar a trav\u00e9s de la negociaci\u00f3n colectiva de trabajo\u00bb.<\/p>\n<p><span style=\"color: #0000ff;\"><strong>Para el Gobierno, el proyecto de ley procura \u00abda\u00f1ar\u00bb pol\u00edticamente<\/strong><\/span><\/p>\n<p>El proyecto de ley en an\u00e1lisis, para el Gobierno, \u00abno pretende defender ni garantizar la protecci\u00f3n y el sostenimiento del financiamiento de las Universidades nacionales, sino que procura da\u00f1ar al gobierno pol\u00edticamente\u00bb. Y asegura, en el final del decreto, que en todo caso,\u00a0el financiamiento debe ser discutido al momento de la sanci\u00f3n del Presupuesto Nacional para el ejercicio fiscal que corresponda.<\/p>\n<p>M\u00e1s temprano, la Oficina del Presidente difundi\u00f3 un comunicado esta noche donde explic\u00f3 las razones del rechazo a la ley. Descalific\u00f3 la iniciativa y responsabiliz\u00f3 directamente a algunos dirigentes pol\u00edticos de la oposici\u00f3n de orquestar un ataque al Gobierno. \u00abEl Poder Ejecutivo celebra\u00a0el sinceramiento de los dirigentes Cristina Kirchner, Sergio Massa, Mart\u00edn Lousteau, Horacio Rodr\u00edguez Larreta y Elisa Carri\u00f3, qui\u00e9nes han decidido unirse p\u00fablicamente p\u00fablicamente con el objetivo de\u00a0obstruir el plan econ\u00f3mico del Presidente\u00bb, afirmaron.<\/p>\n<p>Seg\u00fan el comunicado, la participaci\u00f3n en la marcha universitaria de estos dirigentes se trata de una convergencia que \u00abdeja de manifiesto\u00a0la consolidaci\u00f3n de un nuevo frente de izquierda populista en defensa de los privilegios de la dirigencia pol\u00edtica\u00bb.<\/p>\n<p>A pesar del veto,\u00a0el Gobierno \u00abreafirma su compromiso con las Universidades Nacionales, al igual que con la defensa del esfuerzo que cada uno de los argentinos viene realizando desde diciembre para alcanzar el d\u00e9ficit cero, reducir la inflaci\u00f3n y recuperar la prosperidad econ\u00f3mica\u00bb.<\/p>\n<p>Finalmente, el comunicado realiz\u00f3 una promesa: \u00abesta administraci\u00f3n no ceder\u00e1 ante el espect\u00e1culo medi\u00e1tico, los proyectos de ley irresponsables, ni la manipulaci\u00f3n de causas nobles con fines partidarios\u00bb.<\/p>\n<p><span style=\"color: #0000ff;\"><strong>Universidades advirtieron que la situaci\u00f3n actual \u00abes m\u00e1s cr\u00edtica que a comienzos de a\u00f1o\u00bb<\/strong><\/span><\/p>\n<p>El\u00a0Consejo Interuniversitario Nacional (CIN)\u00a0que aglutina a las\u00a061 universidades p\u00fablicas\u00a0del pa\u00eds, convocante de la marcha de este mi\u00e9rcoles,\u00a0emiti\u00f3 un comunicado\u00a0tras la movilizaci\u00f3n en donde se\u00f1alaron que, pese a haber pasado cinco meses desde la primera marcha, y luego de sucesivas reuniones con el Gobierno, la\u00a0situaci\u00f3n actual \u00abes m\u00e1s cr\u00edtica que a comienzos de a\u00f1o\u00bb.<\/p>\n<p>El ente universitario afirm\u00f3 que en aquel momento, el objetivo de la movilizaci\u00f3n era\u00a0\u00abevitar la grave situaci\u00f3n que vivimos hoy\u00bb. Sin embargo, pese a la buena voluntad de los rectores y de los gremios, \u00abla\u00a0reconducci\u00f3n del presupuesto 2023 para el 2024 hizo que las partidas de gastos de funcionamiento quedaran completamente desactualizadas\u00bb y las\u00a0paritarias \u00abprofundizaron la p\u00e9rdida del poder adquisitivo del salario\u00bb.<\/p>\n<p>\u00abComo si esto no fuera suficiente, soportamos una campa\u00f1a injusta, planificada e intencional, que busca, sistem\u00e1ticamente, desprestigiar lo que sucede en el \u00e1mbito cient\u00edfico y universitario para fundamentar la desjerarquizaci\u00f3n y el ahogo presupuestario\u00bb, critic\u00f3 el\u00a0CIN.\u00a0Cabe recordar que en los \u00faltimos d\u00edas, desde el Ministerio de Capital Humano\u00a0acusaron a las universidades de\u00a0\u00abinventar alumnos\u00bb\u00a0para ampliar los cargos docentes.<\/p>\n<p>\u00abLa\u00a0situaci\u00f3n hoy es m\u00e1s cr\u00edtica que a comienzos de a\u00f1o, con un cap\u00edtulo dram\u00e1tico en materia salarial. La p\u00e9rdida de quienes trabajamos en las universidades p\u00fablicas es de una\u00a0gravedad inusitada;\u00a0con un porcentaje enorme de docentes y no docentes percibiendo un salario por debajo de la l\u00ednea de la pobreza, cuando no de la indigencia. Esto compromete uno de los n\u00facleos de la\u00a0universidad p\u00fablica,\u00a0pues pone en riesgo la continuidad de los cuadros acad\u00e9micos, de administraci\u00f3n y de servicios esenciales para su funcionamiento\u00bb, continu\u00f3 el comunicado.<\/p>\n<p>Asimismo, manifestaron que defender el salario de los trabajadores universitarios \u00aben este angustiante contexto no es defender privilegios sino nuestros derechos\u00bb, dado que se trata de reclamar por \u00abcondiciones m\u00ednimas para la vida digna\u00a0de quienes tienen la responsabilidad de formar a futuras generaciones de profesionales, de garantizar el funcionamiento de la instituci\u00f3n que lo hace posible\u00bb.<\/p>\n<p>Sobre el final, le hablaron al Presidente para que no vete la ley. \u00abTiene al alcance de su mano una ley razonable que resuelve los problemas, cuidando al Estado y a su econom\u00eda.\u00a0Las y los estudiantes de toda la argentina le pedimos, en un grito de auxilio para salvar al sistema: \u00a1promulgue la Ley de Financiamiento universitario!\u00bb, cerraron.<\/p>\n<p>Fuente: \u00c1mbito Financiero<\/p>\n<\/article>\n<\/article>\n","protected":false},"excerpt":{"rendered":"<p>Despu\u00e9s de la masiva\u00a0marcha federal universitaria,\u00a0el\u00a0Gobierno public\u00f3\u00a0el\u00a0veto\u00a0a la\u00a0ley de Financiamiento Universitario bajo el argumento de querer \u00abda\u00f1ar al gobierno pol\u00edticamente\u00bb<\/p>\n","protected":false},"author":3,"featured_media":42000,"comment_status":"closed","ping_status":"closed","sticky":false,"template":"","format":"standard","meta":{"_acf_changed":false,"_seopress_robots_primary_cat":"none","_seopress_titles_title":"","_seopress_titles_desc":"","_seopress_robots_index":"","colormag_page_container_layout":"default_layout","colormag_page_sidebar_layout":"default_layout","footnotes":""},"categories":[6],"tags":[],"class_list":["post-77559","post","type-post","status-publish","format-standard","has-post-thumbnail","hentry","category-eventos"],"acf":[],"_links":{"self":[{"href":"https:\/\/vocesparalelas.com.ar\/sitio\/wp-json\/wp\/v2\/posts\/77559","targetHints":{"allow":["GET"]}}],"collection":[{"href":"https:\/\/vocesparalelas.com.ar\/sitio\/wp-json\/wp\/v2\/posts"}],"about":[{"href":"https:\/\/vocesparalelas.com.ar\/sitio\/wp-json\/wp\/v2\/types\/post"}],"author":[{"embeddable":true,"href":"https:\/\/vocesparalelas.com.ar\/sitio\/wp-json\/wp\/v2\/users\/3"}],"replies":[{"embeddable":true,"href":"https:\/\/vocesparalelas.com.ar\/sitio\/wp-json\/wp\/v2\/comments?post=77559"}],"version-history":[{"count":3,"href":"https:\/\/vocesparalelas.com.ar\/sitio\/wp-json\/wp\/v2\/posts\/77559\/revisions"}],"predecessor-version":[{"id":77631,"href":"https:\/\/vocesparalelas.com.ar\/sitio\/wp-json\/wp\/v2\/posts\/77559\/revisions\/77631"}],"wp:featuredmedia":[{"embeddable":true,"href":"https:\/\/vocesparalelas.com.ar\/sitio\/wp-json\/wp\/v2\/media\/42000"}],"wp:attachment":[{"href":"https:\/\/vocesparalelas.com.ar\/sitio\/wp-json\/wp\/v2\/media?parent=77559"}],"wp:term":[{"taxonomy":"category","embeddable":true,"href":"https:\/\/vocesparalelas.com.ar\/sitio\/wp-json\/wp\/v2\/categories?post=77559"},{"taxonomy":"post_tag","embeddable":true,"href":"https:\/\/vocesparalelas.com.ar\/sitio\/wp-json\/wp\/v2\/tags?post=77559"}],"curies":[{"name":"wp","href":"https:\/\/api.w.org\/{rel}","templated":true}]}}