{"id":77543,"date":"2024-10-02T20:47:34","date_gmt":"2024-10-02T23:47:34","guid":{"rendered":"https:\/\/vocesparalelas.com.ar\/sitio\/?p=77543"},"modified":"2024-10-03T21:26:50","modified_gmt":"2024-10-04T00:26:50","slug":"entregaron-certificados-del-programa-programa-emprende-juventud-en-san-juan","status":"publish","type":"post","link":"https:\/\/vocesparalelas.com.ar\/sitio\/entregaron-certificados-del-programa-programa-emprende-juventud-en-san-juan\/","title":{"rendered":"Entregaron certificados del Programa programa \u201cEmprende Juventud\u201d en San Juan"},"content":{"rendered":"<p>La Direcci\u00f3n de Juventudes, dependiente del Ministerio de Familia y Desarrollo Humano del Gobierno de San Juan, entreg\u00f3 certificados a los asistentes de las capacitaciones del programa \u201cEmprende Juventud\u201d, que busca potenciar a emprendedores avanzados.<\/p>\n<p>La capacitaci\u00f3n tuvo una duraci\u00f3n de 4 meses, donde se trataron diversas tem\u00e1ticas inherentes al emprendedurismo. El objetivo fue brindar los conocimientos y las habilidades necesarias para lograr una marca exitosa.<\/p>\n<p>Para la cartera, es importante fomentar el esp\u00edritu emprendedor en los j\u00f3venes y brindarles las herramientas para que logren desarrollar y aprovechar mejor sus capacidades.<\/p>\n<p>El curso estuvo orientado a j\u00f3venes sanjuaninos con el fin de valorizar las capacidades y fortalecer el talento con herramientas de acompa\u00f1amiento para el desarrollo de sus proyectos.<\/p>\n<p>Los m\u00f3dulos fueron dise\u00f1ados para ayudar a los j\u00f3venes a adquirir nuevas habilidades y conocimientos que les permitan crecer y desarrollarse en diversos campos.<\/p>\n<p>En este sentido, el Estado busca que m\u00e1s sanjuaninos y sanjuaninas logren una inmediata salida laboral que les permita desarrollarse como unidad productiva, a trav\u00e9s de pol\u00edticas p\u00fablicas orientadas a potenciar el pleno desarrollo de las juventudes.<\/p>\n<p>Estas capacitaciones incluyeron temas como desarrollo de habilidades empresariales, finanzas, marketing, estrat\u00e9gica, entre otros. Es fundamental fomentar el esp\u00edritu emprendedor en los j\u00f3venes y brindarles las herramientas para que logren desarrollar y aprovechar mejor sus capacidades, brind\u00e1ndole un valor agregado a su emprendimiento.<\/p>\n<p>En la entrega estuvieron presentes el subsecretario de Desarrollo Social, Miguel Blanquier; el titular de Hub del Oeste, Dr. Leonardo Siere; la directora de Juventudes, Tania Villavicencio y el subdirector de Juventudes, Yamil Ochi.<\/p>\n","protected":false},"excerpt":{"rendered":"<p>La Direcci\u00f3n de Juventudes, dependiente del Ministerio de Familia y Desarrollo Humano del Gobierno de San Juan, entreg\u00f3 certificados a<\/p>\n","protected":false},"author":3,"featured_media":77546,"comment_status":"closed","ping_status":"closed","sticky":false,"template":"","format":"standard","meta":{"_acf_changed":false,"_seopress_robots_primary_cat":"none","_seopress_titles_title":"","_seopress_titles_desc":"","_seopress_robots_index":"","colormag_page_container_layout":"default_layout","colormag_page_sidebar_layout":"default_layout","footnotes":""},"categories":[9],"tags":[],"class_list":["post-77543","post","type-post","status-publish","format-standard","has-post-thumbnail","hentry","category-cursos"],"acf":[],"_links":{"self":[{"href":"https:\/\/vocesparalelas.com.ar\/sitio\/wp-json\/wp\/v2\/posts\/77543","targetHints":{"allow":["GET"]}}],"collection":[{"href":"https:\/\/vocesparalelas.com.ar\/sitio\/wp-json\/wp\/v2\/posts"}],"about":[{"href":"https:\/\/vocesparalelas.com.ar\/sitio\/wp-json\/wp\/v2\/types\/post"}],"author":[{"embeddable":true,"href":"https:\/\/vocesparalelas.com.ar\/sitio\/wp-json\/wp\/v2\/users\/3"}],"replies":[{"embeddable":true,"href":"https:\/\/vocesparalelas.com.ar\/sitio\/wp-json\/wp\/v2\/comments?post=77543"}],"version-history":[{"count":1,"href":"https:\/\/vocesparalelas.com.ar\/sitio\/wp-json\/wp\/v2\/posts\/77543\/revisions"}],"predecessor-version":[{"id":77547,"href":"https:\/\/vocesparalelas.com.ar\/sitio\/wp-json\/wp\/v2\/posts\/77543\/revisions\/77547"}],"wp:featuredmedia":[{"embeddable":true,"href":"https:\/\/vocesparalelas.com.ar\/sitio\/wp-json\/wp\/v2\/media\/77546"}],"wp:attachment":[{"href":"https:\/\/vocesparalelas.com.ar\/sitio\/wp-json\/wp\/v2\/media?parent=77543"}],"wp:term":[{"taxonomy":"category","embeddable":true,"href":"https:\/\/vocesparalelas.com.ar\/sitio\/wp-json\/wp\/v2\/categories?post=77543"},{"taxonomy":"post_tag","embeddable":true,"href":"https:\/\/vocesparalelas.com.ar\/sitio\/wp-json\/wp\/v2\/tags?post=77543"}],"curies":[{"name":"wp","href":"https:\/\/api.w.org\/{rel}","templated":true}]}}