{"id":77531,"date":"2024-10-02T23:36:33","date_gmt":"2024-10-03T02:36:33","guid":{"rendered":"https:\/\/vocesparalelas.com.ar\/sitio\/?p=77531"},"modified":"2024-10-03T23:06:08","modified_gmt":"2024-10-04T02:06:08","slug":"marcha-no-al-veto-si-al-financiamiento-de-las-universidades-publicas-en-san-juan","status":"publish","type":"post","link":"https:\/\/vocesparalelas.com.ar\/sitio\/marcha-no-al-veto-si-al-financiamiento-de-las-universidades-publicas-en-san-juan\/","title":{"rendered":"Marcha \u00abNo al veto, si al Financiamiento de las Universidades P\u00fablicas\u00bb en San Juan"},"content":{"rendered":"<p>El Mi\u00e9rcoles, 02 de Octubre, la comunidad de la Universidad Nacional de San Juan desarroll\u00f3 la marcha Universitaria Nacional en Defensa de la Educaci\u00f3n P\u00fablica \u00abNo al veto, si al Financiamiento de las Universidades P\u00fablicas\u00bb.<\/p>\n<p>La misma comenz\u00f3 frente a la Facultad de Filosof\u00eda, Humanidades y Artes de la UNSJ, con la participaci\u00f3n de la comunidad Universitaria portando cartelas alusivos como \u00abSin presupuesto ni salarios dignos no hay universidad p\u00fablica\u00bb, \u00abYo defiendo la UNSJ\u00bb, \u00abLa conquista m\u00e1s grande fue que la Universidad se llen\u00f3 de hijos de obreros\u00bb, \u00abPap\u00e1 Alba\u00f1il\u00bb, \u00abHija Profesional Universitaria\u00bb, \u00abLa educaci\u00f3n universitaria no es un gasto es una inversi\u00f3n\u00bb, \u00abLa educaci\u00f3n universitaria no se vende se defiende\u00bb, y miles m\u00e1s. acompa\u00f1aron con cantos, saltos de reclamo de docentes, investigadores, no docentes, padres, hijos y los jubilados.<\/p>\n<p><iframe loading=\"lazy\" title=\"UNSJ MARCHA DEFENSA UNIVERSIDAD P\u00daBLICA\" width=\"800\" height=\"450\" src=\"https:\/\/www.youtube.com\/embed\/bjpt_ydIXKs?feature=oembed\" frameborder=\"0\" allow=\"accelerometer; autoplay; clipboard-write; encrypted-media; gyroscope; picture-in-picture; web-share\" referrerpolicy=\"strict-origin-when-cross-origin\" allowfullscreen><\/iframe><\/p>\n<p>Por momentos, la macha se desbord\u00f3 defiendo lo logrado y lo que falta lograr. La Universidad Nacional de San Juan cumpli\u00f3 50 a\u00f1os y transita los 51 a\u00f1os de vida. hay un legado que debe continuar fortaleci\u00e9ndose.<\/p>\n<p><iframe loading=\"lazy\" title=\"UNSJ MARCHA EN DEFENSA DE LA UNIVERSIDAD P\u00daBLICA\" width=\"800\" height=\"450\" src=\"https:\/\/www.youtube.com\/embed\/Zg4-EB-IHI4?feature=oembed\" frameborder=\"0\" allow=\"accelerometer; autoplay; clipboard-write; encrypted-media; gyroscope; picture-in-picture; web-share\" referrerpolicy=\"strict-origin-when-cross-origin\" allowfullscreen><\/iframe><\/p>\n<p>Siguen los valores para defender la Universidad P\u00fablica cuando cantaron \u00abNo al Veto s\u00ed a la financiaci\u00f3n de las Universidades P\u00fablicas\u00bb que pretende imponer a la fuerza el Gobierno Nacional.<\/p>\n<p><iframe loading=\"lazy\" title=\"UNSJ MARCHA EN DEFENSA DE LA UNIVERSIDAD P\u00daBLICA\" width=\"800\" height=\"450\" src=\"https:\/\/www.youtube.com\/embed\/tl-rhAsDXoA?feature=oembed\" frameborder=\"0\" allow=\"accelerometer; autoplay; clipboard-write; encrypted-media; gyroscope; picture-in-picture; web-share\" referrerpolicy=\"strict-origin-when-cross-origin\" allowfullscreen><\/iframe><\/p>\n<p>La marcha fue acompa\u00f1ada por una gran cantidad de p\u00fablico que aplaudi\u00f3 al paso de los universitarios, ubicados a ambos lados de la calle sobre la vereda. Fue un gesto de apoyo a la Universidad P\u00fablica. hasta la Legislatura de San Juan se lleg\u00f3 con la participaci\u00f3n de m\u00e1s de 45 mil defensores.<\/p>\n<p><img loading=\"lazy\" decoding=\"async\" class=\"alignnone size-full wp-image-77534\" src=\"https:\/\/vocesparalelas.com.ar\/sitio\/wp-content\/uploads\/2024\/10\/UNSJ-MARCHA-01.jpg\" alt=\"\" width=\"800\" height=\"533\" srcset=\"https:\/\/vocesparalelas.com.ar\/sitio\/wp-content\/uploads\/2024\/10\/UNSJ-MARCHA-01.jpg 800w, https:\/\/vocesparalelas.com.ar\/sitio\/wp-content\/uploads\/2024\/10\/UNSJ-MARCHA-01-300x200.jpg 300w, https:\/\/vocesparalelas.com.ar\/sitio\/wp-content\/uploads\/2024\/10\/UNSJ-MARCHA-01-768x512.jpg 768w\" sizes=\"auto, (max-width: 800px) 100vw, 800px\" \/><\/p>\n<p>Primero se cant\u00f3 el Himno Nacional Argentino que se escuch\u00f3 con un sentimiento arraigado a la UNSJ y al ser de Argentina.<\/p>\n<p><iframe loading=\"lazy\" title=\"UNSJ HIMNO NACIONAL ARGENTINO\" width=\"800\" height=\"450\" src=\"https:\/\/www.youtube.com\/embed\/plmkaHPvLT4?feature=oembed\" frameborder=\"0\" allow=\"accelerometer; autoplay; clipboard-write; encrypted-media; gyroscope; picture-in-picture; web-share\" referrerpolicy=\"strict-origin-when-cross-origin\" allowfullscreen><\/iframe><\/p>\n<p>Luego, la presidenta de la Federaci\u00f3n Universitaria, Cinthia De Luca, ley\u00f3 de un documento firmado por la Multisectorial en Defensa de la Educaci\u00f3n P\u00fablica.<\/p>\n<p><iframe loading=\"lazy\" title=\"UNSJ FEDERACION UNIVERSITARIA SAN JUAN PRESIDENTA CINTHIA DE LUCAS\" width=\"800\" height=\"450\" src=\"https:\/\/www.youtube.com\/embed\/cNZ439ziT6A?feature=oembed\" frameborder=\"0\" allow=\"accelerometer; autoplay; clipboard-write; encrypted-media; gyroscope; picture-in-picture; web-share\" referrerpolicy=\"strict-origin-when-cross-origin\" allowfullscreen><\/iframe><\/p>\n<p>Finalmente, el Rector de la UNSJ, Ing. Tadeo Berenguer, quien destac\u00f3 y describi\u00f3 las distintas acusaciones que recibe la Universidad P\u00fablica.<\/p>\n<p><iframe loading=\"lazy\" title=\"UNSJ RECTOR ING TADEO BERENGUER\" width=\"800\" height=\"450\" src=\"https:\/\/www.youtube.com\/embed\/fuThglNm14s?feature=oembed\" frameborder=\"0\" allow=\"accelerometer; autoplay; clipboard-write; encrypted-media; gyroscope; picture-in-picture; web-share\" referrerpolicy=\"strict-origin-when-cross-origin\" allowfullscreen><\/iframe><\/p>\n<p>&nbsp;<\/p>\n<p><img loading=\"lazy\" decoding=\"async\" class=\"alignnone size-full wp-image-54035\" src=\"https:\/\/vocesparalelas.com.ar\/sitio\/wp-content\/uploads\/2022\/11\/UNSJ-LOGO-10.jpg\" alt=\"\" width=\"800\" height=\"533\" srcset=\"https:\/\/vocesparalelas.com.ar\/sitio\/wp-content\/uploads\/2022\/11\/UNSJ-LOGO-10.jpg 800w, https:\/\/vocesparalelas.com.ar\/sitio\/wp-content\/uploads\/2022\/11\/UNSJ-LOGO-10-300x200.jpg 300w, https:\/\/vocesparalelas.com.ar\/sitio\/wp-content\/uploads\/2022\/11\/UNSJ-LOGO-10-768x512.jpg 768w\" sizes=\"auto, (max-width: 800px) 100vw, 800px\" \/><\/p>\n<p>&nbsp;<\/p>\n","protected":false},"excerpt":{"rendered":"<p>El Mi\u00e9rcoles, 02 de Octubre, la comunidad de la Universidad Nacional de San Juan desarroll\u00f3 la marcha Universitaria Nacional en<\/p>\n","protected":false},"author":3,"featured_media":77537,"comment_status":"closed","ping_status":"closed","sticky":false,"template":"","format":"standard","meta":{"_acf_changed":false,"_seopress_robots_primary_cat":"none","_seopress_titles_title":"","_seopress_titles_desc":"","_seopress_robots_index":"","colormag_page_container_layout":"default_layout","colormag_page_sidebar_layout":"default_layout","footnotes":""},"categories":[10,7],"tags":[],"class_list":["post-77531","post","type-post","status-publish","format-standard","has-post-thumbnail","hentry","category-opiniones","category-videos"],"acf":[],"_links":{"self":[{"href":"https:\/\/vocesparalelas.com.ar\/sitio\/wp-json\/wp\/v2\/posts\/77531","targetHints":{"allow":["GET"]}}],"collection":[{"href":"https:\/\/vocesparalelas.com.ar\/sitio\/wp-json\/wp\/v2\/posts"}],"about":[{"href":"https:\/\/vocesparalelas.com.ar\/sitio\/wp-json\/wp\/v2\/types\/post"}],"author":[{"embeddable":true,"href":"https:\/\/vocesparalelas.com.ar\/sitio\/wp-json\/wp\/v2\/users\/3"}],"replies":[{"embeddable":true,"href":"https:\/\/vocesparalelas.com.ar\/sitio\/wp-json\/wp\/v2\/comments?post=77531"}],"version-history":[{"count":1,"href":"https:\/\/vocesparalelas.com.ar\/sitio\/wp-json\/wp\/v2\/posts\/77531\/revisions"}],"predecessor-version":[{"id":77538,"href":"https:\/\/vocesparalelas.com.ar\/sitio\/wp-json\/wp\/v2\/posts\/77531\/revisions\/77538"}],"wp:featuredmedia":[{"embeddable":true,"href":"https:\/\/vocesparalelas.com.ar\/sitio\/wp-json\/wp\/v2\/media\/77537"}],"wp:attachment":[{"href":"https:\/\/vocesparalelas.com.ar\/sitio\/wp-json\/wp\/v2\/media?parent=77531"}],"wp:term":[{"taxonomy":"category","embeddable":true,"href":"https:\/\/vocesparalelas.com.ar\/sitio\/wp-json\/wp\/v2\/categories?post=77531"},{"taxonomy":"post_tag","embeddable":true,"href":"https:\/\/vocesparalelas.com.ar\/sitio\/wp-json\/wp\/v2\/tags?post=77531"}],"curies":[{"name":"wp","href":"https:\/\/api.w.org\/{rel}","templated":true}]}}