{"id":77526,"date":"2024-10-02T15:39:03","date_gmt":"2024-10-02T18:39:03","guid":{"rendered":"https:\/\/vocesparalelas.com.ar\/sitio\/?p=77526"},"modified":"2024-10-03T21:19:09","modified_gmt":"2024-10-04T00:19:09","slug":"avances-de-proyectos-mineros-en-san-juan-por-la-empresa-bhp-anunciado-en-londres","status":"publish","type":"post","link":"https:\/\/vocesparalelas.com.ar\/sitio\/avances-de-proyectos-mineros-en-san-juan-por-la-empresa-bhp-anunciado-en-londres\/","title":{"rendered":"Avances de proyectos mineros en San Juan por la Empresa BHP anunciado en Londres"},"content":{"rendered":"<p>El gobernador de San Juan, Argentina, Dr. Marcelo Orrego se reuni\u00f3 en Londres con el presidente de Lundin Mining, Adam Lundin y confirm\u00f3 lo adelantado por BHP sobre el buen avance de los acuerdos entre ambas compa\u00f1\u00edas, en el Marco Metal Exchange Week, en Londres, Inglaterra.<\/p>\n<p>Se estima que para el primer trimestre del pr\u00f3ximo a\u00f1o contar\u00e1n con todas las homologaciones y autorizaciones necesarias para aprobar la fusi\u00f3n en los proyectos Jos\u00e9 Mar\u00eda y Lundin. A partir de entonces, tanto Lundin como BHP se comprometieron a presentar un cronograma espec\u00edfico con los plazos del proyecto y los montos definitivos de la inversi\u00f3n.<\/p>\n<p>En la reuni\u00f3n tambi\u00e9n estuvieron presentes los ministros de Miner\u00eda del Gobierno de San Juan, Dr. Juan Pablo Perea y de Producci\u00f3n, Trabajo e Innovaci\u00f3n, VPN Gustavo Fern\u00e1ndez. Durante el encuentro, se dialog\u00f3 sobre la importancia de la pr\u00f3xima construcci\u00f3n del camino hacia la mina y el impacto positivo para la provincia de San Juan. Se destac\u00f3 que la mano de obra y los proveedores que participan en la obra sean locales, compromiso que la empresa consolida.<\/p>\n<p>Lundin, adem\u00e1s, confirm\u00f3 la ampliaci\u00f3n de la exploraci\u00f3n en el proyecto Lunahuasi, ubicado en el distrito Vicu\u00f1a. Este plan de exploraci\u00f3n, junto con los trabajos en Jos\u00e9 Mar\u00eda y Filo del Sol, consolidar\u00e1 al distrito Vicu\u00f1a como el \u00e1rea de mayor exploraci\u00f3n en Argentina en la pr\u00f3xima campa\u00f1a, con 18 pozos en operaci\u00f3n.<\/p>\n<p>La reuni\u00f3n tuvo lugar en el marco de la London Metal Exchange Week, un evento que re\u00fane a los principales actores e inversores mineros de Europa y el mundo. Este viaje fue financiado por el Consejo Federal de Inversiones.<\/p>\n","protected":false},"excerpt":{"rendered":"<p>El gobernador de San Juan, Argentina, Dr. Marcelo Orrego se reuni\u00f3 en Londres con el presidente de Lundin Mining, Adam<\/p>\n","protected":false},"author":3,"featured_media":77529,"comment_status":"closed","ping_status":"closed","sticky":false,"template":"","format":"standard","meta":{"_acf_changed":false,"_seopress_robots_primary_cat":"none","_seopress_titles_title":"","_seopress_titles_desc":"","_seopress_robots_index":"","colormag_page_container_layout":"default_layout","colormag_page_sidebar_layout":"default_layout","footnotes":""},"categories":[2],"tags":[],"class_list":["post-77526","post","type-post","status-publish","format-standard","has-post-thumbnail","hentry","category-convocatorias"],"acf":[],"_links":{"self":[{"href":"https:\/\/vocesparalelas.com.ar\/sitio\/wp-json\/wp\/v2\/posts\/77526","targetHints":{"allow":["GET"]}}],"collection":[{"href":"https:\/\/vocesparalelas.com.ar\/sitio\/wp-json\/wp\/v2\/posts"}],"about":[{"href":"https:\/\/vocesparalelas.com.ar\/sitio\/wp-json\/wp\/v2\/types\/post"}],"author":[{"embeddable":true,"href":"https:\/\/vocesparalelas.com.ar\/sitio\/wp-json\/wp\/v2\/users\/3"}],"replies":[{"embeddable":true,"href":"https:\/\/vocesparalelas.com.ar\/sitio\/wp-json\/wp\/v2\/comments?post=77526"}],"version-history":[{"count":1,"href":"https:\/\/vocesparalelas.com.ar\/sitio\/wp-json\/wp\/v2\/posts\/77526\/revisions"}],"predecessor-version":[{"id":77530,"href":"https:\/\/vocesparalelas.com.ar\/sitio\/wp-json\/wp\/v2\/posts\/77526\/revisions\/77530"}],"wp:featuredmedia":[{"embeddable":true,"href":"https:\/\/vocesparalelas.com.ar\/sitio\/wp-json\/wp\/v2\/media\/77529"}],"wp:attachment":[{"href":"https:\/\/vocesparalelas.com.ar\/sitio\/wp-json\/wp\/v2\/media?parent=77526"}],"wp:term":[{"taxonomy":"category","embeddable":true,"href":"https:\/\/vocesparalelas.com.ar\/sitio\/wp-json\/wp\/v2\/categories?post=77526"},{"taxonomy":"post_tag","embeddable":true,"href":"https:\/\/vocesparalelas.com.ar\/sitio\/wp-json\/wp\/v2\/tags?post=77526"}],"curies":[{"name":"wp","href":"https:\/\/api.w.org\/{rel}","templated":true}]}}