{"id":77484,"date":"2024-10-01T16:07:52","date_gmt":"2024-10-01T19:07:52","guid":{"rendered":"https:\/\/vocesparalelas.com.ar\/sitio\/?p=77484"},"modified":"2024-10-01T22:28:31","modified_gmt":"2024-10-02T01:28:31","slug":"late-un-corazon-tango-integrativo-y-familiar-en-el-chalet-cantoni-en-san-juan","status":"publish","type":"post","link":"https:\/\/vocesparalelas.com.ar\/sitio\/late-un-corazon-tango-integrativo-y-familiar-en-el-chalet-cantoni-en-san-juan\/","title":{"rendered":"Late un Coraz\u00f3n\u00a0\u201cTango Integrativo y familiar\u201d en el Chalet Cantoni en San Juan"},"content":{"rendered":"<p>El Domingo, 6 de Octubre. de 16 a 22 hs.; en el Chalet Cantoni se desarrolla Late un Coraz\u00f3n \u201cTango Integrativo y familiar\u201d.<\/p>\n<p>El proyecto tiene como objetivo generar un espacio cultural para integrar las diferentes actividades vinculadas al tango en la provincia de San Juan, con el fin de difundir y promocionar las mismas.<\/p>\n<p>El evento est\u00e1 organizado y coordinado por un equipo de bailarines y profesoras, Sof\u00eda Romero, Eduardo Gallardo y Flavia Zabaleta.<\/p>\n<p>Se puede disfrutar de una jornada llena de tango, conversatorios que permitan ampliar el conocimiento sobre esta danza y tambi\u00e9n, de expositores que tendr\u00e1n a la venta art\u00edculos relacionados con esta tradicional danza.<\/p>\n<p>Asimismo, cuenta con la presencia del maestro del tango Gerardo Lecich el cual tiene una gran trayectoria en la provincia, la Tandas DJ invitada Fernanda D\u00edaz ser\u00e1 la encargada de musicalizar el evento y la danza ser\u00e1 de la mano de los bailarines Juan Gerardo Lecich y Silvana Meneses.<\/p>\n<p>La actividad consiste en un bono contribuci\u00f3n con un valor de $3500 y se puede adquirir en los siguientes n\u00fameros:<\/p>\n<ul>\n<li>Flavia Zabaleta (2645658863),<\/li>\n<li>Sof\u00eda Romero (2645737871),<\/li>\n<li>Eduardo Gallardo (2645051084).<\/li>\n<\/ul>\n<p>Las personas que lo deseen pueden llevar el mate para disfrutar en familia de una tarde tanguera.<\/p>\n<p><img loading=\"lazy\" decoding=\"async\" class=\"alignnone size-full wp-image-74110\" src=\"https:\/\/vocesparalelas.com.ar\/sitio\/wp-content\/uploads\/2024\/06\/CHALET-CANTONI-01.jpg\" alt=\"\" width=\"800\" height=\"450\" srcset=\"https:\/\/vocesparalelas.com.ar\/sitio\/wp-content\/uploads\/2024\/06\/CHALET-CANTONI-01.jpg 800w, https:\/\/vocesparalelas.com.ar\/sitio\/wp-content\/uploads\/2024\/06\/CHALET-CANTONI-01-300x169.jpg 300w, https:\/\/vocesparalelas.com.ar\/sitio\/wp-content\/uploads\/2024\/06\/CHALET-CANTONI-01-768x432.jpg 768w\" sizes=\"auto, (max-width: 800px) 100vw, 800px\" \/><\/p>\n","protected":false},"excerpt":{"rendered":"<p>El Domingo, 6 de Octubre. de 16 a 22 hs.; en el Chalet Cantoni se desarrolla Late un Coraz\u00f3n \u201cTango<\/p>\n","protected":false},"author":3,"featured_media":4370,"comment_status":"closed","ping_status":"closed","sticky":false,"template":"","format":"standard","meta":{"_acf_changed":false,"_seopress_robots_primary_cat":"none","_seopress_titles_title":"","_seopress_titles_desc":"","_seopress_robots_index":"","colormag_page_container_layout":"default_layout","colormag_page_sidebar_layout":"default_layout","footnotes":""},"categories":[20],"tags":[],"class_list":["post-77484","post","type-post","status-publish","format-standard","has-post-thumbnail","hentry","category-cartelera"],"acf":[],"_links":{"self":[{"href":"https:\/\/vocesparalelas.com.ar\/sitio\/wp-json\/wp\/v2\/posts\/77484","targetHints":{"allow":["GET"]}}],"collection":[{"href":"https:\/\/vocesparalelas.com.ar\/sitio\/wp-json\/wp\/v2\/posts"}],"about":[{"href":"https:\/\/vocesparalelas.com.ar\/sitio\/wp-json\/wp\/v2\/types\/post"}],"author":[{"embeddable":true,"href":"https:\/\/vocesparalelas.com.ar\/sitio\/wp-json\/wp\/v2\/users\/3"}],"replies":[{"embeddable":true,"href":"https:\/\/vocesparalelas.com.ar\/sitio\/wp-json\/wp\/v2\/comments?post=77484"}],"version-history":[{"count":1,"href":"https:\/\/vocesparalelas.com.ar\/sitio\/wp-json\/wp\/v2\/posts\/77484\/revisions"}],"predecessor-version":[{"id":77487,"href":"https:\/\/vocesparalelas.com.ar\/sitio\/wp-json\/wp\/v2\/posts\/77484\/revisions\/77487"}],"wp:featuredmedia":[{"embeddable":true,"href":"https:\/\/vocesparalelas.com.ar\/sitio\/wp-json\/wp\/v2\/media\/4370"}],"wp:attachment":[{"href":"https:\/\/vocesparalelas.com.ar\/sitio\/wp-json\/wp\/v2\/media?parent=77484"}],"wp:term":[{"taxonomy":"category","embeddable":true,"href":"https:\/\/vocesparalelas.com.ar\/sitio\/wp-json\/wp\/v2\/categories?post=77484"},{"taxonomy":"post_tag","embeddable":true,"href":"https:\/\/vocesparalelas.com.ar\/sitio\/wp-json\/wp\/v2\/tags?post=77484"}],"curies":[{"name":"wp","href":"https:\/\/api.w.org\/{rel}","templated":true}]}}