{"id":77460,"date":"2024-09-30T19:45:11","date_gmt":"2024-09-30T22:45:11","guid":{"rendered":"https:\/\/vocesparalelas.com.ar\/sitio\/?p=77460"},"modified":"2024-10-01T21:59:07","modified_gmt":"2024-10-02T00:59:07","slug":"ensamble-bracelet-en-el-auditorio-ing-juan-victoria","status":"publish","type":"post","link":"https:\/\/vocesparalelas.com.ar\/sitio\/ensamble-bracelet-en-el-auditorio-ing-juan-victoria\/","title":{"rendered":"Ensamble Bracelet en el Auditorio Ing. Juan Victoria"},"content":{"rendered":"<div class=\"box-sociales\">\u00a0El Ciclo de M\u00fasica de C\u00e1mara perteneciente al Centro de Creaci\u00f3n Art\u00edstica Orquestal de la Facultad de Filosof\u00eda, Humanidades y Artes de la UNSJ realiza un nuevo concierto el Martes, 1 de Octubre, a las 21 hs.; en el Auditorio Ing. Juan Victoria, con entrada libre y gratuita.<\/div>\n<div class=\"box-text\">\n<p>Esta funci\u00f3n trata sobre Pierrot Lunaire,\u00a0Op. 21, ciclo de canciones\u00a0compuesto por\u00a0Arnold Schoenberg e interpretada por el Ensamble Bracelet.<\/p>\n<p>El Ensamble Bracelet se form\u00f3 en 2007 con la intenci\u00f3n de interpretar m\u00fasica de c\u00e1mara vocal e instrumental de diversas \u00e9pocas. Est\u00e1 integrado por las\/os m\u00fasicos\/as: Johanna Pizani (canto), Elizabeth Magazian (flautas), Javier Mariani (clarinetes), Elena Buchbinder (viol\u00edn y viola), Silvia Luna (violoncello), Alejandro Labast\u00eda (piano)\u00a0\u00a0y como director invitado Federico Gariglio.<\/p>\n<p>Dentro de su repertorio se destacan estrenos y primeras audiciones de obras de los m\u00e1s importantes compositores de la actualidad, con especial \u00e9nfasis en la producci\u00f3n de creadores argentinos. Julio Mart\u00edn Viera, Diego Tedesco, Jorge Horst, Marcelo Delgado, Francisco del Pino, Juan Carlos Figueiras, Diego Taranto, V\u00edctor Am\u00edcola, Manolo Ju\u00e1rez, Tom\u00e1s Gueglio, Gustavo De Leonardis y Carlos Simkin han escrito especialmente para la agrupaci\u00f3n.<\/p>\n<p><iframe loading=\"lazy\" title=\"(VJPC 10 02 CM VX AX) Ensamble Bracelet. Francisco Kr\u00f6pfl. Conservatorio \u00c1stor Piazzolla\" width=\"800\" height=\"450\" src=\"https:\/\/www.youtube.com\/embed\/9qcyM_xhmBc?feature=oembed\" frameborder=\"0\" allow=\"accelerometer; autoplay; clipboard-write; encrypted-media; gyroscope; picture-in-picture; web-share\" referrerpolicy=\"strict-origin-when-cross-origin\" allowfullscreen><\/iframe><\/p>\n<p>En estos a\u00f1os, el Ensamble ha ofrecido numerosos conciertos en importantes salas de la ciudad de Buenos Aires y Santa Fe, entre los que destacan los programas monogr\u00e1ficos dedicados a Olivier Messiaen, Julio Mart\u00edn Viera y Manolo Ju\u00e1rez, el estreno de la \u00f3pera El Fiord de Diego Tedesco (sobre el texto hom\u00f3nimo de O. Lamborghini, Festival Nueva \u00d3pera de Buenos Aires, CETC, 2016), el concierto en recuerdo de Luc\u00eda Maranca (Biblioteca Nacional, 2018) y el homenaje a Francisco Kr\u00f6pfl (Conservatorio Superior de M\u00fasica \u00c1stor Piazzolla, 2023).<\/p>\n<p>Federico Gariglio es director especializado en m\u00fasica de c\u00e1mara. Estren\u00f3 y grab\u00f3 obras de prestigiosos compositores, entre ellos, Mario Davidovsky, Gerardo Gandini, Francisco Kr\u00f6pfl, Dante Grela, Julio Viera, Jorge Horst, Cergio Prudencio y Jorge Rotter, entre otros. Profesor e investigador en la Universidad Nacional de Tres de Febrero. Editor de la Revista da Fundarte y profesor visitante de la Universida de Estadual do Rio Grande do Sul (Brasil). Autor de los libros Escritos sobre M\u00fasica, Un\u00edsono, Punto contra punto, Music in intimacy y Sotto voce (notas sobre interpretaci\u00f3n musical); adem\u00e1s de varios art\u00edculos en medios especializados. Como guitarrista, grab\u00f3 varios discos de blues y jazz.<\/p>\n<\/div>\n<p><img loading=\"lazy\" decoding=\"async\" class=\"alignnone size-full wp-image-61468\" src=\"https:\/\/vocesparalelas.com.ar\/sitio\/wp-content\/uploads\/2023\/07\/AUDITORIO-EDIFICIO.jpg\" alt=\"\" width=\"800\" height=\"533\" srcset=\"https:\/\/vocesparalelas.com.ar\/sitio\/wp-content\/uploads\/2023\/07\/AUDITORIO-EDIFICIO.jpg 800w, https:\/\/vocesparalelas.com.ar\/sitio\/wp-content\/uploads\/2023\/07\/AUDITORIO-EDIFICIO-300x200.jpg 300w, https:\/\/vocesparalelas.com.ar\/sitio\/wp-content\/uploads\/2023\/07\/AUDITORIO-EDIFICIO-768x512.jpg 768w\" sizes=\"auto, (max-width: 800px) 100vw, 800px\" \/><\/p>\n","protected":false},"excerpt":{"rendered":"<p>\u00a0El Ciclo de M\u00fasica de C\u00e1mara perteneciente al Centro de Creaci\u00f3n Art\u00edstica Orquestal de la Facultad de Filosof\u00eda, Humanidades y<\/p>\n","protected":false},"author":3,"featured_media":77465,"comment_status":"closed","ping_status":"closed","sticky":false,"template":"","format":"standard","meta":{"_acf_changed":false,"_seopress_robots_primary_cat":"none","_seopress_titles_title":"","_seopress_titles_desc":"","_seopress_robots_index":"","colormag_page_container_layout":"default_layout","colormag_page_sidebar_layout":"default_layout","footnotes":""},"categories":[20,7],"tags":[],"class_list":["post-77460","post","type-post","status-publish","format-standard","has-post-thumbnail","hentry","category-cartelera","category-videos"],"acf":[],"_links":{"self":[{"href":"https:\/\/vocesparalelas.com.ar\/sitio\/wp-json\/wp\/v2\/posts\/77460","targetHints":{"allow":["GET"]}}],"collection":[{"href":"https:\/\/vocesparalelas.com.ar\/sitio\/wp-json\/wp\/v2\/posts"}],"about":[{"href":"https:\/\/vocesparalelas.com.ar\/sitio\/wp-json\/wp\/v2\/types\/post"}],"author":[{"embeddable":true,"href":"https:\/\/vocesparalelas.com.ar\/sitio\/wp-json\/wp\/v2\/users\/3"}],"replies":[{"embeddable":true,"href":"https:\/\/vocesparalelas.com.ar\/sitio\/wp-json\/wp\/v2\/comments?post=77460"}],"version-history":[{"count":1,"href":"https:\/\/vocesparalelas.com.ar\/sitio\/wp-json\/wp\/v2\/posts\/77460\/revisions"}],"predecessor-version":[{"id":77464,"href":"https:\/\/vocesparalelas.com.ar\/sitio\/wp-json\/wp\/v2\/posts\/77460\/revisions\/77464"}],"wp:featuredmedia":[{"embeddable":true,"href":"https:\/\/vocesparalelas.com.ar\/sitio\/wp-json\/wp\/v2\/media\/77465"}],"wp:attachment":[{"href":"https:\/\/vocesparalelas.com.ar\/sitio\/wp-json\/wp\/v2\/media?parent=77460"}],"wp:term":[{"taxonomy":"category","embeddable":true,"href":"https:\/\/vocesparalelas.com.ar\/sitio\/wp-json\/wp\/v2\/categories?post=77460"},{"taxonomy":"post_tag","embeddable":true,"href":"https:\/\/vocesparalelas.com.ar\/sitio\/wp-json\/wp\/v2\/tags?post=77460"}],"curies":[{"name":"wp","href":"https:\/\/api.w.org\/{rel}","templated":true}]}}