{"id":77456,"date":"2024-09-30T16:23:13","date_gmt":"2024-09-30T19:23:13","guid":{"rendered":"https:\/\/vocesparalelas.com.ar\/sitio\/?p=77456"},"modified":"2024-09-30T23:25:26","modified_gmt":"2024-10-01T02:25:26","slug":"se-reunieron-las-comisiones-de-la-camara-de-diputados-de-san-juan","status":"publish","type":"post","link":"https:\/\/vocesparalelas.com.ar\/sitio\/se-reunieron-las-comisiones-de-la-camara-de-diputados-de-san-juan\/","title":{"rendered":"Se reunieron las Comisiones de la C\u00e1mara de Diputados de San Juan"},"content":{"rendered":"<p>El Lunes, 30 de Septiembre, los legisladores integrantes de las comisiones de Hacienda y Presupuesto, y Legislaci\u00f3n y Asuntos Constitucionales de la C\u00e1mara de Diputados de San Juan se reunieron a analizar proyectos de Ley.<\/p>\n<p><strong><span style=\"color: #666699;\">Hacienda y Presupuesto<\/span><\/strong><\/p>\n<p>En primer lugar, fue desarrollada la reuni\u00f3n de Hacienda y Presupuesto que estuvo encabezada por su presidente, diputado Franco Aranda.<\/p>\n<p>Participaron los legisladores Carlos Jaime Quiroga, Luis Rueda, Alejandra Leonardo, Mar\u00eda Lascano, Rosana Luque, Stella Caparr\u00f3s y Marisa L\u00f3pez.<\/p>\n<p>En la oportunidad trataron dos proyectos de Ley (<strong>expedientes 2615 y 2616<\/strong>) remitidos por el Poder Ejecutivo que proponen ratificar dos convenios de adquisici\u00f3n directa de inmuebles, suscriptos el 5 de julio del corriente a\u00f1o, entre la Direcci\u00f3n Nacional de Vialidad y la provincial de San Juan. Estos terrenos tienen como destino la ejecuci\u00f3n de la obra: Autopista Ruta Nacional N\u00b0 40 \u2014 Tramo: Limite Interprovincial Mendoza &#8211; San Juan, Intersecci\u00f3n Acceso Sur y RP N\u00b0 179 \u2014 Secci\u00f3n II: Tres Esquinas \u2014Intersecci\u00f3n RN N\u00b0 40 y RP N\u00b0 295 (Acceso a Cochagual) \u2014 departamento Sarmiento, Provincia de San Juan.<\/p>\n<p><strong><span style=\"color: #800080;\">Legislaci\u00f3n y Asuntos Constitucionales<\/span><\/strong><\/p>\n<p>A continuaci\u00f3n, se llev\u00f3 adelante la reuni\u00f3n de la Comisi\u00f3n de L.A.C. con la presencia de los diputados Juan de la Cruz C\u00f3rdoba, Alejandra Leonardo, Sonia Ferreyra, Pedro Albagli, Franco Aranda, Luis Rueda y Marcela Quiroga.<\/p>\n<p>Durante el encuentro se dio Despacho Favorable a los siguientes proyectos:<\/p>\n<ul>\n<li><span style=\"color: #666699;\"><strong>Exp. N\u00ba 2379:<\/strong>\u00a0<\/span>Convenio Marco entre el Ministerio de Miner\u00eda y el Foro de Abogados de San Juan celebrado el d\u00eda 10 de Julio de 2024, suscripto por el Ministro, Dr. Juan Pablo Perea Fontivero y el Presidente del Foro, Dr. Franco Jos\u00e9 Montes. Dicho acuerdo tiene por objetivo brindar mutua asistencia t\u00e9cnica entre las partes, a fin de satisfacer necesidades de orden acad\u00e9mico, cient\u00edfico, de asesoramiento t\u00e9cnico, y capacitaci\u00f3n de proyecci\u00f3n social y comunitaria, \u00fatiles para el funcionamiento de las diversas \u00e1reas del Ministerio y que constituyen \u00e1reas de las disciplinas objeto de estudio del Foro.<\/li>\n<li><strong><span style=\"color: #666699;\">Exp. N\u00ba 2670:<\/span>\u00a0<\/strong>Este proyecto incluye la aprobaci\u00f3n del Convenio Marco de Colaboraci\u00f3n celebrado entre el Ministerio de Gobierno y la Asociaci\u00f3n sin fines de lucro Alianza Francesa de San Juan, tiene por objeto la cooperaci\u00f3n y vinculaci\u00f3n interinstitucional, para llevar a cabo acciones coordinadas de asistencia t\u00e9cnica y colaboraci\u00f3n mutua en el \u00e1mbito de sus competencias. Tambi\u00e9n se aprueba el Acta Complementaria N\u00b0 1, celebrada entre el Ministerio de Gobierno, la Secretar\u00eda de Relaciones Institucionales y la Asociaci\u00f3n sin fines de lucro Alianza Francesa de San Juan; que tiene por objeto el asesoramiento, la asistencia y orientaci\u00f3n por parte del equipo t\u00e9cnico de la Alianza Francesa de San Juan, al personal de la Direcci\u00f3n del Archivo General de la Provincia y Sistema Provincial de Archivos dependiente de la Secretar\u00eda de Relaciones Institucionales en todo lo concerniente a la digitalizaci\u00f3n documental, previo inventario bajo la presencia y responsabilidad de la Direcci\u00f3n del Archivo General de la Provincia y Sistema Provincial de Archivos.<\/li>\n<\/ul>\n<figure id=\"attachment_37951\" aria-describedby=\"caption-attachment-37951\" style=\"width: 800px\" class=\"wp-caption alignnone\"><img loading=\"lazy\" decoding=\"async\" class=\"size-full wp-image-37951\" src=\"https:\/\/vocesparalelas.com.ar\/sitio\/wp-content\/uploads\/2021\/05\/CAMARA-EDIFICIO.jpg\" alt=\"\" width=\"800\" height=\"515\" srcset=\"https:\/\/vocesparalelas.com.ar\/sitio\/wp-content\/uploads\/2021\/05\/CAMARA-EDIFICIO.jpg 800w, https:\/\/vocesparalelas.com.ar\/sitio\/wp-content\/uploads\/2021\/05\/CAMARA-EDIFICIO-300x193.jpg 300w, https:\/\/vocesparalelas.com.ar\/sitio\/wp-content\/uploads\/2021\/05\/CAMARA-EDIFICIO-768x494.jpg 768w\" sizes=\"auto, (max-width: 800px) 100vw, 800px\" \/><figcaption id=\"caption-attachment-37951\" class=\"wp-caption-text\">Legislatura Provincial de San Juan, Rep\u00fablica Argentina<\/figcaption><\/figure>\n","protected":false},"excerpt":{"rendered":"<p>El Lunes, 30 de Septiembre, los legisladores integrantes de las comisiones de Hacienda y Presupuesto, y Legislaci\u00f3n y Asuntos Constitucionales<\/p>\n","protected":false},"author":3,"featured_media":76695,"comment_status":"closed","ping_status":"closed","sticky":false,"template":"","format":"standard","meta":{"_acf_changed":false,"_seopress_robots_primary_cat":"none","_seopress_titles_title":"","_seopress_titles_desc":"","_seopress_robots_index":"","colormag_page_container_layout":"default_layout","colormag_page_sidebar_layout":"default_layout","footnotes":""},"categories":[1],"tags":[],"class_list":["post-77456","post","type-post","status-publish","format-standard","has-post-thumbnail","hentry","category-destacadas"],"acf":[],"_links":{"self":[{"href":"https:\/\/vocesparalelas.com.ar\/sitio\/wp-json\/wp\/v2\/posts\/77456","targetHints":{"allow":["GET"]}}],"collection":[{"href":"https:\/\/vocesparalelas.com.ar\/sitio\/wp-json\/wp\/v2\/posts"}],"about":[{"href":"https:\/\/vocesparalelas.com.ar\/sitio\/wp-json\/wp\/v2\/types\/post"}],"author":[{"embeddable":true,"href":"https:\/\/vocesparalelas.com.ar\/sitio\/wp-json\/wp\/v2\/users\/3"}],"replies":[{"embeddable":true,"href":"https:\/\/vocesparalelas.com.ar\/sitio\/wp-json\/wp\/v2\/comments?post=77456"}],"version-history":[{"count":1,"href":"https:\/\/vocesparalelas.com.ar\/sitio\/wp-json\/wp\/v2\/posts\/77456\/revisions"}],"predecessor-version":[{"id":77459,"href":"https:\/\/vocesparalelas.com.ar\/sitio\/wp-json\/wp\/v2\/posts\/77456\/revisions\/77459"}],"wp:featuredmedia":[{"embeddable":true,"href":"https:\/\/vocesparalelas.com.ar\/sitio\/wp-json\/wp\/v2\/media\/76695"}],"wp:attachment":[{"href":"https:\/\/vocesparalelas.com.ar\/sitio\/wp-json\/wp\/v2\/media?parent=77456"}],"wp:term":[{"taxonomy":"category","embeddable":true,"href":"https:\/\/vocesparalelas.com.ar\/sitio\/wp-json\/wp\/v2\/categories?post=77456"},{"taxonomy":"post_tag","embeddable":true,"href":"https:\/\/vocesparalelas.com.ar\/sitio\/wp-json\/wp\/v2\/tags?post=77456"}],"curies":[{"name":"wp","href":"https:\/\/api.w.org\/{rel}","templated":true}]}}