{"id":77451,"date":"2024-09-30T19:43:51","date_gmt":"2024-09-30T22:43:51","guid":{"rendered":"https:\/\/vocesparalelas.com.ar\/sitio\/?p=77451"},"modified":"2024-09-30T22:46:31","modified_gmt":"2024-10-01T01:46:31","slug":"el-stand-de-san-juan-en-la-feria-internacional-de-turismo-atrapo-a-los-visitantes","status":"publish","type":"post","link":"https:\/\/vocesparalelas.com.ar\/sitio\/el-stand-de-san-juan-en-la-feria-internacional-de-turismo-atrapo-a-los-visitantes\/","title":{"rendered":"El Stand de San Juan en la Feria Internacional de Turismo atrap\u00f3 a los visitantes"},"content":{"rendered":"<p>El Stand de San Juan en la Feria Internacional de Turismo &#8211; FIT &#8211; en Buenos Aires, con un importante despliegue que ha captado la atenci\u00f3n de miles de visitantes.<\/p>\n<p>Est\u00e1 ubicado en un lugar estrat\u00e9gico de la feria, se convierte en uno de los puntos m\u00e1s concurridos gracias a su propuesta inmersiva y original con una puesta en escena de dinosaurios y un despliegue de activaciones tecnol\u00f3gicas.<\/p>\n<p>La\u00a0\u00abExperiencia Dinos\u00bb, eje central de la presencia sanjuanina, deslumbra con una recreaci\u00f3n escenogr\u00e1fica que transporta a los visitantes al\u00a0Parque Provincial Ischigualasto, en pleno Tri\u00e1sico. A trav\u00e9s de la realidad virtual, los asistentes se sumergen en un emocionante viaje rodeados de dinosaurios corp\u00f3reos, sonidos envolventes y luces deslumbrantes, viviendo una aventura \u00fanica que ha sido el gran llamador del p\u00fablico que visita el stand.<\/p>\n<p>Adem\u00e1s, cientos de personas ya han disfrutado en el stand de las degustaciones de vinos a cargo de la destacada sommelier Miriam P\u00e9rez, a lo que se agrega la presentaci\u00f3n de las mejores etiquetas sanjuaninas en el stand \u201cTierra de Vinos\u00bb. Los visitantes no solo disfrutan de los sabores aut\u00f3ctonos sino tambi\u00e9n de un show art\u00edstico donde las voces de talentos sanjuaninos cautivan con su gran despliegue esc\u00e9nico compartido con San Luis.<\/p>\n<p>El stand de San Juan combina tecnolog\u00eda y paisajes, con experiencias interactivas como los \u00f3culos 3D y los t\u00f3tems virtuales que exhiben la Ruta Interlagos, el Dique Punta Negra, la Ruta del Vino, Pampa del Leoncito, el Teatro del Bicentenario y la Ruta del Cielo, junto al siempre atractivo turismo aventura.<\/p>\n<p>En este marco, San Juan present\u00f3 la Fiesta Nacional del Sol 2024 con la difusi\u00f3n del spot promocional y una amplia concurrencia de p\u00fablico en el que el ministro de Turismo, Cultura y Deporte, Guido Romero, pudo comentar c\u00f3mo es la nueva impronta de la Fiesta que tendr\u00e1 lugar del 31 de octubre al 2 de noviembre.<\/p>\n<p><img loading=\"lazy\" decoding=\"async\" class=\"alignnone size-full wp-image-75903\" src=\"https:\/\/vocesparalelas.com.ar\/sitio\/wp-content\/uploads\/2024\/08\/FNS-2024-02.jpg\" alt=\"\" width=\"800\" height=\"480\" srcset=\"https:\/\/vocesparalelas.com.ar\/sitio\/wp-content\/uploads\/2024\/08\/FNS-2024-02.jpg 800w, https:\/\/vocesparalelas.com.ar\/sitio\/wp-content\/uploads\/2024\/08\/FNS-2024-02-300x180.jpg 300w, https:\/\/vocesparalelas.com.ar\/sitio\/wp-content\/uploads\/2024\/08\/FNS-2024-02-768x461.jpg 768w\" sizes=\"auto, (max-width: 800px) 100vw, 800px\" \/><\/p>\n<p>En el espacio colaborativo de Cuyo, San Juan y Mendoza se unen para ofrecer una experiencia gastron\u00f3mica \u00fanica, de la mano del chef sanjuanino Federico Castro quien junto con los chefs mendocinos y puntanos deleitan a los presentes con platos t\u00edpicos, degustaciones y clases de cocina.<\/p>\n<p>Con m\u00e1s de 20 expositores sanjuaninos, que le marcan la impronta al stand, San Juan sigue demostrando por qu\u00e9 es un destino imperdible, cautivando a todos con sus paisajes, sabores y experiencias innovadoras. La participaci\u00f3n en la FIT fortalece el turismo de la regi\u00f3n de Cuyo, uniendo esfuerzos con Mendoza y San Luis para ofrecer lo mejor de sus tierras.<\/p>\n<p><iframe loading=\"lazy\" title=\"Somos Energ\u00eda \u2728 Fiesta Nacional del Sol 2024\" width=\"800\" height=\"450\" src=\"https:\/\/www.youtube.com\/embed\/CNmQ_L1Popc?feature=oembed\" frameborder=\"0\" allow=\"accelerometer; autoplay; clipboard-write; encrypted-media; gyroscope; picture-in-picture; web-share\" referrerpolicy=\"strict-origin-when-cross-origin\" allowfullscreen><\/iframe><\/p>\n<p>&nbsp;<\/p>\n<p>&nbsp;<\/p>\n","protected":false},"excerpt":{"rendered":"<p>El Stand de San Juan en la Feria Internacional de Turismo &#8211; FIT &#8211; en Buenos Aires, con un importante<\/p>\n","protected":false},"author":3,"featured_media":77454,"comment_status":"closed","ping_status":"closed","sticky":false,"template":"","format":"standard","meta":{"_acf_changed":false,"_seopress_robots_primary_cat":"none","_seopress_titles_title":"","_seopress_titles_desc":"","_seopress_robots_index":"","colormag_page_container_layout":"default_layout","colormag_page_sidebar_layout":"default_layout","footnotes":""},"categories":[1,7],"tags":[],"class_list":["post-77451","post","type-post","status-publish","format-standard","has-post-thumbnail","hentry","category-destacadas","category-videos"],"acf":[],"_links":{"self":[{"href":"https:\/\/vocesparalelas.com.ar\/sitio\/wp-json\/wp\/v2\/posts\/77451","targetHints":{"allow":["GET"]}}],"collection":[{"href":"https:\/\/vocesparalelas.com.ar\/sitio\/wp-json\/wp\/v2\/posts"}],"about":[{"href":"https:\/\/vocesparalelas.com.ar\/sitio\/wp-json\/wp\/v2\/types\/post"}],"author":[{"embeddable":true,"href":"https:\/\/vocesparalelas.com.ar\/sitio\/wp-json\/wp\/v2\/users\/3"}],"replies":[{"embeddable":true,"href":"https:\/\/vocesparalelas.com.ar\/sitio\/wp-json\/wp\/v2\/comments?post=77451"}],"version-history":[{"count":1,"href":"https:\/\/vocesparalelas.com.ar\/sitio\/wp-json\/wp\/v2\/posts\/77451\/revisions"}],"predecessor-version":[{"id":77455,"href":"https:\/\/vocesparalelas.com.ar\/sitio\/wp-json\/wp\/v2\/posts\/77451\/revisions\/77455"}],"wp:featuredmedia":[{"embeddable":true,"href":"https:\/\/vocesparalelas.com.ar\/sitio\/wp-json\/wp\/v2\/media\/77454"}],"wp:attachment":[{"href":"https:\/\/vocesparalelas.com.ar\/sitio\/wp-json\/wp\/v2\/media?parent=77451"}],"wp:term":[{"taxonomy":"category","embeddable":true,"href":"https:\/\/vocesparalelas.com.ar\/sitio\/wp-json\/wp\/v2\/categories?post=77451"},{"taxonomy":"post_tag","embeddable":true,"href":"https:\/\/vocesparalelas.com.ar\/sitio\/wp-json\/wp\/v2\/tags?post=77451"}],"curies":[{"name":"wp","href":"https:\/\/api.w.org\/{rel}","templated":true}]}}