{"id":77445,"date":"2024-09-30T19:41:45","date_gmt":"2024-09-30T22:41:45","guid":{"rendered":"https:\/\/vocesparalelas.com.ar\/sitio\/?p=77445"},"modified":"2024-09-30T22:46:10","modified_gmt":"2024-10-01T01:46:10","slug":"rivadavia-presente-en-la-feria-internacional-de-turismo-2024-en-buenos-aires","status":"publish","type":"post","link":"https:\/\/vocesparalelas.com.ar\/sitio\/rivadavia-presente-en-la-feria-internacional-de-turismo-2024-en-buenos-aires\/","title":{"rendered":"Rivadavia presente en la Feria Internacional de Turismo 2024 en Buenos Aires"},"content":{"rendered":"<p>La Municipalidad de la ciudad de Rivadavia de la Provincia de San Juan participa en la Feria Internacional de Turismo &#8211; FIT &#8211; 2024, en Buenos Aires, uno de los eventos m\u00e1s importantes del sector tur\u00edstico en Am\u00e9rica Latina.<\/p>\n<p>La FIT 2024 se desarrolla desde el 28 de Septiembre hasta el 1 de octubre en el predio de La Rural, donde la Municipalidad de la Ciudad de Rivadavia presenta su oferta tur\u00edstica, destacando sus atractivos naturales, culturales y recreativos.<\/p>\n<p>El stand muestra la riqueza y diversidad de la ciudad, invitando a los visitantes a descubrir sus encantos, festivales y eventos culturales, paisajes naturales y opciones de turismo aventura, y nuestra deliciosa gastronom\u00eda local y productos artesanales.<\/p>\n<p>Adem\u00e1s, el Departamento Rivadavia se destaca por ser un destino de excelencia para los amantes de la gastronom\u00eda y la bebida, ofreciendo tres rutas exclusivas: la Ruta del Vino, la Ruta de la Cerveza y la Ruta del Olivo. Estas rutas permiten a los visitantes explorar y degustar los mejores productos locales, desde vinos premium hasta cervezas artesanales y aceites de oliva de alta calidad.<\/p>\n<p>Asimismo, las celebraciones en los fines de semana largos y feriados en el Parque de Rivadavia son un gran atractivo cultural para los visitantes, ofreciendo una experiencia \u00fanica y aut\u00e9ntica de nuestra identidad y tradiciones. Los eventos musicales, art\u00edsticos y gastron\u00f3micos que se realizan en este emblem\u00e1tico lugar son una excelente oportunidad para que los turistas se sumerjan en la esencia de la ciudad.<\/p>\n<p>Por otro lado, tambi\u00e9n ofrece atractivos educativos donde se aprende de la naturaleza, como el Faun\u00edstico, Anchipurac y el Parque de la Biodiversidad. Estos espacios permiten a los visitantes descubrir la riqueza fauna y flora local, fomentando la conciencia y el respeto por el medio ambiente.<\/p>\n<p>Adem\u00e1s, el polo gastron\u00f3mico de Rivadavia, asentado sobre Avenida Libertador Gral. San Mart\u00edn, es una excusa perfecta para visitar el departamento durante el d\u00eda y durante la noche. Disfrutar de una deliciosa comida o cena en alguno de los reconocidos restaurantes, bares y cafeter\u00edas es una experiencia inolvidable que combina la riqueza gastron\u00f3mica con la hospitalidad y calidez de nuestro pueblo.<\/p>\n<p>En este a\u00f1o, por primera vez, la recientemente creada C\u00e1mara de Prestadores Tur\u00edsticos de Rivadavia &#8211; CamPreTur &#8211; se une a la Municipalidad para participar en la FIT, demostrando el compromiso y la uni\u00f3n del sector privado y p\u00fablico para promover el turismo en nuestra ciudad.<\/p>\n<p><img loading=\"lazy\" decoding=\"async\" class=\"alignnone size-full wp-image-77449\" src=\"https:\/\/vocesparalelas.com.ar\/sitio\/wp-content\/uploads\/2024\/09\/FIT-RIVADAVIA-02.jpg\" alt=\"\" width=\"800\" height=\"450\" srcset=\"https:\/\/vocesparalelas.com.ar\/sitio\/wp-content\/uploads\/2024\/09\/FIT-RIVADAVIA-02.jpg 800w, https:\/\/vocesparalelas.com.ar\/sitio\/wp-content\/uploads\/2024\/09\/FIT-RIVADAVIA-02-300x169.jpg 300w, https:\/\/vocesparalelas.com.ar\/sitio\/wp-content\/uploads\/2024\/09\/FIT-RIVADAVIA-02-768x432.jpg 768w\" sizes=\"auto, (max-width: 800px) 100vw, 800px\" \/><\/p>\n<p>La participaci\u00f3n en la FIT busca posicionar a Rivadavia como destino tur\u00edstico atractivo y diverso, generando oportunidades para el desarrollo econ\u00f3mico y social de nuestra ciudad.<\/p>\n<p>El Intendente Sergio Miodowsky entiende al turismo como una industria sustentable, que dinamiza las econom\u00edas departamentales y genera un c\u00edrculo virtuoso de bienestar para sus ciudadanos.<\/p>\n<p><img loading=\"lazy\" decoding=\"async\" class=\"alignnone size-full wp-image-66896\" src=\"https:\/\/vocesparalelas.com.ar\/sitio\/wp-content\/uploads\/2023\/12\/RIVADAVIA-LOGO-NUEVO.jpg\" alt=\"\" width=\"800\" height=\"533\" srcset=\"https:\/\/vocesparalelas.com.ar\/sitio\/wp-content\/uploads\/2023\/12\/RIVADAVIA-LOGO-NUEVO.jpg 800w, https:\/\/vocesparalelas.com.ar\/sitio\/wp-content\/uploads\/2023\/12\/RIVADAVIA-LOGO-NUEVO-300x200.jpg 300w, https:\/\/vocesparalelas.com.ar\/sitio\/wp-content\/uploads\/2023\/12\/RIVADAVIA-LOGO-NUEVO-768x512.jpg 768w\" sizes=\"auto, (max-width: 800px) 100vw, 800px\" \/><\/p>\n","protected":false},"excerpt":{"rendered":"<p>La Municipalidad de la ciudad de Rivadavia de la Provincia de San Juan participa en la Feria Internacional de Turismo<\/p>\n","protected":false},"author":3,"featured_media":77448,"comment_status":"closed","ping_status":"closed","sticky":false,"template":"","format":"standard","meta":{"_acf_changed":false,"_seopress_robots_primary_cat":"none","_seopress_titles_title":"","_seopress_titles_desc":"","_seopress_robots_index":"","colormag_page_container_layout":"default_layout","colormag_page_sidebar_layout":"default_layout","footnotes":""},"categories":[1],"tags":[],"class_list":["post-77445","post","type-post","status-publish","format-standard","has-post-thumbnail","hentry","category-destacadas"],"acf":[],"_links":{"self":[{"href":"https:\/\/vocesparalelas.com.ar\/sitio\/wp-json\/wp\/v2\/posts\/77445","targetHints":{"allow":["GET"]}}],"collection":[{"href":"https:\/\/vocesparalelas.com.ar\/sitio\/wp-json\/wp\/v2\/posts"}],"about":[{"href":"https:\/\/vocesparalelas.com.ar\/sitio\/wp-json\/wp\/v2\/types\/post"}],"author":[{"embeddable":true,"href":"https:\/\/vocesparalelas.com.ar\/sitio\/wp-json\/wp\/v2\/users\/3"}],"replies":[{"embeddable":true,"href":"https:\/\/vocesparalelas.com.ar\/sitio\/wp-json\/wp\/v2\/comments?post=77445"}],"version-history":[{"count":1,"href":"https:\/\/vocesparalelas.com.ar\/sitio\/wp-json\/wp\/v2\/posts\/77445\/revisions"}],"predecessor-version":[{"id":77450,"href":"https:\/\/vocesparalelas.com.ar\/sitio\/wp-json\/wp\/v2\/posts\/77445\/revisions\/77450"}],"wp:featuredmedia":[{"embeddable":true,"href":"https:\/\/vocesparalelas.com.ar\/sitio\/wp-json\/wp\/v2\/media\/77448"}],"wp:attachment":[{"href":"https:\/\/vocesparalelas.com.ar\/sitio\/wp-json\/wp\/v2\/media?parent=77445"}],"wp:term":[{"taxonomy":"category","embeddable":true,"href":"https:\/\/vocesparalelas.com.ar\/sitio\/wp-json\/wp\/v2\/categories?post=77445"},{"taxonomy":"post_tag","embeddable":true,"href":"https:\/\/vocesparalelas.com.ar\/sitio\/wp-json\/wp\/v2\/tags?post=77445"}],"curies":[{"name":"wp","href":"https:\/\/api.w.org\/{rel}","templated":true}]}}