{"id":77437,"date":"2024-09-30T20:11:19","date_gmt":"2024-09-30T23:11:19","guid":{"rendered":"https:\/\/vocesparalelas.com.ar\/sitio\/?p=77437"},"modified":"2024-10-03T21:07:42","modified_gmt":"2024-10-04T00:07:42","slug":"san-juan-posee-un-gran-potencial-no-solo-en-mineria-sino-tambien-en-energias-renovables","status":"publish","type":"post","link":"https:\/\/vocesparalelas.com.ar\/sitio\/san-juan-posee-un-gran-potencial-no-solo-en-mineria-sino-tambien-en-energias-renovables\/","title":{"rendered":"\u00abSan Juan posee un gran potencial no solo en miner\u00eda, sino tambi\u00e9n en energ\u00edas renovables\u00bb"},"content":{"rendered":"<p>En la jornada del Lunes, 30 de Septiembre, el gobernador de San Juan, Dr. Marcelo Orrego estuvo participando de una actividad clave para el mundo de la miner\u00eda mundial en la Conferencia Anual de la LME &#8211; London Metal Exchange, de London School of Economics and Political Science.<\/p>\n<p>Cabe destacar que el gobernador forma parte de la comitiva de Argentina integrada por la embajadora argentina en Reino Unido, Mariana Plaza; los gobernadores de Salta, Jujuy, Mendoza y Catamarca, que conforman junto a San Juan, la Mesa del Cobre.<\/p>\n<p>Esto, en el marco de la London Metal Exchange Week, evento que congrega a los principales actores e inversores mineros de Europa y el mundo entero. Este viaje fue financiado por el Consejo Federal de Inversiones.<\/p>\n<p>La actividad en la London School of Economics and Political Science, se llama \u201cLas provincias como usinas de desarrollo: oportunidades y desaf\u00edos del federalismo en Argentina\u201d. Se trata de un evento de discusi\u00f3n y presentaci\u00f3n del potencial de desarrollo de las provincias argentinas frente a estudiantes, acad\u00e9micos y expertos en desarrollo de Am\u00e9rica Latina y de la Argentina.<\/p>\n<p>LSE es una de las universidades m\u00e1s prestigiosas del mundo en temas econ\u00f3micos, sociales y de pol\u00edticas p\u00fablicas. Su comunidad acad\u00e9mica se compone de profesores, exfuncionarios y futuros policy makers de todo el mundo.<br \/>\nEl evento fue organizado por el Decano de la escuela de pol\u00edticas p\u00fablicas y exministro de Finanzas de Chile, y el panel fue moderado por Anabel Mar\u00edn, investigadora argentina de la Universidad de Sussex.<\/p>\n<p>El gobernador de San Juan. Dr. Marcelo Orrego puntualiz\u00f3 que \u00abel foco en que San Juan posee un gran potencial no solo en miner\u00eda, sino tambi\u00e9n en energ\u00edas renovables, as\u00ed como en la vinculaci\u00f3n entre ambos sectores. Esta conexi\u00f3n representa una oportunidad para generar sostenibilidad y valor agregado\u00bb.<\/p>\n<p>\u00abEn la provincia, la miner\u00eda est\u00e1 en condiciones de consumir el 100% de su energ\u00eda de fuentes renovables, como la solar, que puede ser generada localmente. Esto no solo implica el uso de energ\u00edas renovables, sino tambi\u00e9n la producci\u00f3n de energ\u00eda solar en San Juan, promoviendo as\u00ed el desarrollo de tecnolog\u00edas y parques energ\u00e9ticos de origen sanjuanino. De este modo, se fomenta el empleo local y se maximiza el valor agregado para la comunidad\u00bb.<\/p>\n<p>\u201cEsperamos que, en un futuro pr\u00f3ximo, San Juan lidere la oferta de cobre en Argentina, contribuyendo a posicionarnos entre los principales proveedores mundiales, con el valor a\u00f1adido de una miner\u00eda comprometida con el ambiente que obtendr\u00e1 su energ\u00eda de fuentes renovables locales\u201d.<\/p>\n<p>\u201cNuestro compromiso es continuar fortaleciendo, junto a las empresas, el amplio consenso social en torno a la miner\u00eda. Para lograrlo, es fundamental que nuestras pol\u00edticas se centren en dos aspectos clave: por un lado, asegurar la protecci\u00f3n del medio ambiente, con especial \u00e9nfasis en el cuidado del agua; y por otro, promover el desarrollo local de nuestras comunidades mediante la creaci\u00f3n de empleo y el impulso de cadenas de proveedores locales de bienes y servicios\u201d.<\/p>\n<p>\u201cCreo en los acuerdos con todos los sectores de la sociedad y resulta fundamental trabajar sobre una palabra clave confianza. La confianza de la sociedad en los gobiernos y en las empresas es fundamental, y eso se logra con transparencia y con un comunicaci\u00f3n veraz y efectiva, pues como siempre digo \u201cLa confianza se gana en gramos, pero se pierde en kilos\u201d.<\/p>\n<p>\u00abRespecto al rol de la juventud en las estrategias de desarrollo regional. Nuestra propuesta de gesti\u00f3n se resume en tres palabras: aprender, trabajar y producir. Los j\u00f3venes sanjuaninos destacan por su talento y esp\u00edritu emprendedor, y nuestro gobierno los apoya con diversas herramientas\u201d &#8211; sintetiz\u00f3 el Gobernador de San Juan, Dr. Marcelo Orrego.<\/p>\n<p><iframe loading=\"lazy\" title=\"Orrego en Londres San Juan busca liderar la oferta de cobre en Argentina\" width=\"800\" height=\"450\" src=\"https:\/\/www.youtube.com\/embed\/10AvPGocxUs?feature=oembed\" frameborder=\"0\" allow=\"accelerometer; autoplay; clipboard-write; encrypted-media; gyroscope; picture-in-picture; web-share\" referrerpolicy=\"strict-origin-when-cross-origin\" allowfullscreen><\/iframe><\/p>\n<p>&nbsp;<\/p>\n","protected":false},"excerpt":{"rendered":"<p>En la jornada del Lunes, 30 de Septiembre, el gobernador de San Juan, Dr. Marcelo Orrego estuvo participando de una<\/p>\n","protected":false},"author":3,"featured_media":77440,"comment_status":"closed","ping_status":"closed","sticky":false,"template":"","format":"standard","meta":{"_acf_changed":false,"_seopress_robots_primary_cat":"none","_seopress_titles_title":"","_seopress_titles_desc":"","_seopress_robots_index":"","colormag_page_container_layout":"default_layout","colormag_page_sidebar_layout":"default_layout","footnotes":""},"categories":[2,7],"tags":[],"class_list":["post-77437","post","type-post","status-publish","format-standard","has-post-thumbnail","hentry","category-convocatorias","category-videos"],"acf":[],"_links":{"self":[{"href":"https:\/\/vocesparalelas.com.ar\/sitio\/wp-json\/wp\/v2\/posts\/77437","targetHints":{"allow":["GET"]}}],"collection":[{"href":"https:\/\/vocesparalelas.com.ar\/sitio\/wp-json\/wp\/v2\/posts"}],"about":[{"href":"https:\/\/vocesparalelas.com.ar\/sitio\/wp-json\/wp\/v2\/types\/post"}],"author":[{"embeddable":true,"href":"https:\/\/vocesparalelas.com.ar\/sitio\/wp-json\/wp\/v2\/users\/3"}],"replies":[{"embeddable":true,"href":"https:\/\/vocesparalelas.com.ar\/sitio\/wp-json\/wp\/v2\/comments?post=77437"}],"version-history":[{"count":2,"href":"https:\/\/vocesparalelas.com.ar\/sitio\/wp-json\/wp\/v2\/posts\/77437\/revisions"}],"predecessor-version":[{"id":77442,"href":"https:\/\/vocesparalelas.com.ar\/sitio\/wp-json\/wp\/v2\/posts\/77437\/revisions\/77442"}],"wp:featuredmedia":[{"embeddable":true,"href":"https:\/\/vocesparalelas.com.ar\/sitio\/wp-json\/wp\/v2\/media\/77440"}],"wp:attachment":[{"href":"https:\/\/vocesparalelas.com.ar\/sitio\/wp-json\/wp\/v2\/media?parent=77437"}],"wp:term":[{"taxonomy":"category","embeddable":true,"href":"https:\/\/vocesparalelas.com.ar\/sitio\/wp-json\/wp\/v2\/categories?post=77437"},{"taxonomy":"post_tag","embeddable":true,"href":"https:\/\/vocesparalelas.com.ar\/sitio\/wp-json\/wp\/v2\/tags?post=77437"}],"curies":[{"name":"wp","href":"https:\/\/api.w.org\/{rel}","templated":true}]}}