{"id":77433,"date":"2024-09-30T15:57:12","date_gmt":"2024-09-30T18:57:12","guid":{"rendered":"https:\/\/vocesparalelas.com.ar\/sitio\/?p=77433"},"modified":"2024-09-30T15:57:12","modified_gmt":"2024-09-30T18:57:12","slug":"el-servicio-de-agua-potable-presenta-dificultades-por-el-viento-zonda-en-san-juan","status":"publish","type":"post","link":"https:\/\/vocesparalelas.com.ar\/sitio\/el-servicio-de-agua-potable-presenta-dificultades-por-el-viento-zonda-en-san-juan\/","title":{"rendered":"El Servicio de Agua Potable presenta dificultades por el Viento Zonda en San Juan"},"content":{"rendered":"<p>OSSE San Juan informa que debido a las intensas r\u00e1fagas de viento zonda se intensifican las guardias y equipos del Centro de Atenci\u00f3n al Usuario, Servicios, Mantenimiento y Producci\u00f3n para minimizar posibles consecuencias en el abastecimiento de agua potable en la provincia.<\/p>\n<p>Vale resaltar que los sistemas de producci\u00f3n y distribuci\u00f3n del servicio funcionan mediante energ\u00eda el\u00e9ctrica, por lo que se pueden ver afectados en caso de corte el\u00e9ctrico, sobre todo en los departamentos de Valle F\u00e9rtil, Iglesia, Calingasta, J\u00e1chal y Sarmiento, como as\u00ed tambi\u00e9n en el Gran San Juan.<\/p>\n<p>Solicitan extremar el cuidado de la reserva del tanque domiciliario, priorizando el agua potable para actividades b\u00e1sicas de bebida, higiene y alimentaci\u00f3n.<\/p>\n<p><strong><span style=\"color: #0000ff;\">Comunicaci\u00f3n<\/span><\/strong><\/p>\n<ul>\n<li>WhasApp 264 506 4444<\/li>\n<li>L\u00ednea gratuita 0800-222-6773<\/li>\n<\/ul>\n<p><img loading=\"lazy\" decoding=\"async\" class=\"alignnone size-large wp-image-18050\" src=\"https:\/\/vocesparalelas.com.ar\/sitio\/wp-content\/uploads\/2019\/01\/OSSE-LOGO-800x503.jpg\" alt=\"\" width=\"800\" height=\"503\" srcset=\"https:\/\/vocesparalelas.com.ar\/sitio\/wp-content\/uploads\/2019\/01\/OSSE-LOGO-800x503.jpg 800w, https:\/\/vocesparalelas.com.ar\/sitio\/wp-content\/uploads\/2019\/01\/OSSE-LOGO-300x189.jpg 300w, https:\/\/vocesparalelas.com.ar\/sitio\/wp-content\/uploads\/2019\/01\/OSSE-LOGO-768x483.jpg 768w, https:\/\/vocesparalelas.com.ar\/sitio\/wp-content\/uploads\/2019\/01\/OSSE-LOGO.jpg 1000w\" sizes=\"auto, (max-width: 800px) 100vw, 800px\" \/><\/p>\n","protected":false},"excerpt":{"rendered":"<p>OSSE San Juan informa que debido a las intensas r\u00e1fagas de viento zonda se intensifican las guardias y equipos del<\/p>\n","protected":false},"author":3,"featured_media":18022,"comment_status":"closed","ping_status":"closed","sticky":false,"template":"","format":"standard","meta":{"_acf_changed":false,"_seopress_robots_primary_cat":"none","_seopress_titles_title":"","_seopress_titles_desc":"","_seopress_robots_index":"","colormag_page_container_layout":"default_layout","colormag_page_sidebar_layout":"default_layout","footnotes":""},"categories":[1],"tags":[],"class_list":["post-77433","post","type-post","status-publish","format-standard","has-post-thumbnail","hentry","category-destacadas"],"acf":[],"_links":{"self":[{"href":"https:\/\/vocesparalelas.com.ar\/sitio\/wp-json\/wp\/v2\/posts\/77433","targetHints":{"allow":["GET"]}}],"collection":[{"href":"https:\/\/vocesparalelas.com.ar\/sitio\/wp-json\/wp\/v2\/posts"}],"about":[{"href":"https:\/\/vocesparalelas.com.ar\/sitio\/wp-json\/wp\/v2\/types\/post"}],"author":[{"embeddable":true,"href":"https:\/\/vocesparalelas.com.ar\/sitio\/wp-json\/wp\/v2\/users\/3"}],"replies":[{"embeddable":true,"href":"https:\/\/vocesparalelas.com.ar\/sitio\/wp-json\/wp\/v2\/comments?post=77433"}],"version-history":[{"count":1,"href":"https:\/\/vocesparalelas.com.ar\/sitio\/wp-json\/wp\/v2\/posts\/77433\/revisions"}],"predecessor-version":[{"id":77436,"href":"https:\/\/vocesparalelas.com.ar\/sitio\/wp-json\/wp\/v2\/posts\/77433\/revisions\/77436"}],"wp:featuredmedia":[{"embeddable":true,"href":"https:\/\/vocesparalelas.com.ar\/sitio\/wp-json\/wp\/v2\/media\/18022"}],"wp:attachment":[{"href":"https:\/\/vocesparalelas.com.ar\/sitio\/wp-json\/wp\/v2\/media?parent=77433"}],"wp:term":[{"taxonomy":"category","embeddable":true,"href":"https:\/\/vocesparalelas.com.ar\/sitio\/wp-json\/wp\/v2\/categories?post=77433"},{"taxonomy":"post_tag","embeddable":true,"href":"https:\/\/vocesparalelas.com.ar\/sitio\/wp-json\/wp\/v2\/tags?post=77433"}],"curies":[{"name":"wp","href":"https:\/\/api.w.org\/{rel}","templated":true}]}}