{"id":77424,"date":"2024-09-30T12:52:33","date_gmt":"2024-09-30T15:52:33","guid":{"rendered":"https:\/\/vocesparalelas.com.ar\/sitio\/?p=77424"},"modified":"2024-10-01T18:53:50","modified_gmt":"2024-10-01T21:53:50","slug":"practica-de-tiro-en-el-campo-militar-general-sarmiento-del-rim-22-san-juan-2","status":"publish","type":"post","link":"https:\/\/vocesparalelas.com.ar\/sitio\/practica-de-tiro-en-el-campo-militar-general-sarmiento-del-rim-22-san-juan-2\/","title":{"rendered":"Pr\u00e1ctica de Tiro en el Campo Militar General Sarmiento del RIM 22 San Juan"},"content":{"rendered":"<p>La Guarnici\u00f3n Ej\u00e9rcito San Juan, informa a la comunidad que el Regimiento de Infanter\u00eda de Monta\u00f1a 22, realiza ejercicios de tiro con munici\u00f3n de guerra, en distintos sectores del Campo Militar General Sarmiento.<\/p>\n<p>El mismo est\u00e1 ubicado entre la Ruta 60, Avenida Libertador General San Martin y las Sierras de Zonda, Localidad Marquesado, departamento Rivadavia\u00bb.<\/p>\n<p>La actividad se desarrolla desde el Martes, 01 hasta el S\u00e1bado, 05 de Octubre, de 07:30 a 20:00 hs.<\/p>\n<p>Por ello, el Regimiento de Infanter\u00eda de Monta\u00f1a 22 \u00abTcnl Juan Manuel Cabot\u00bb advierte a los deportistas que eviten ingresar al Campo Campo Militar General Sarmiento.<\/p>\n<p><iframe loading=\"lazy\" title=\"RIM 22 DESFILE Y CANCI\u00d3N\" width=\"800\" height=\"450\" src=\"https:\/\/www.youtube.com\/embed\/8os4zZM-ucE?feature=oembed\" frameborder=\"0\" allow=\"accelerometer; autoplay; clipboard-write; encrypted-media; gyroscope; picture-in-picture; web-share\" referrerpolicy=\"strict-origin-when-cross-origin\" allowfullscreen><\/iframe><\/p>\n<p>&nbsp;<\/p>\n<p>&nbsp;<\/p>\n<p><img loading=\"lazy\" decoding=\"async\" class=\"alignnone size-full wp-image-54801\" src=\"https:\/\/vocesparalelas.com.ar\/sitio\/wp-content\/uploads\/2022\/11\/RIM-22-LOGO.jpg\" alt=\"\" width=\"800\" height=\"600\" srcset=\"https:\/\/vocesparalelas.com.ar\/sitio\/wp-content\/uploads\/2022\/11\/RIM-22-LOGO.jpg 800w, https:\/\/vocesparalelas.com.ar\/sitio\/wp-content\/uploads\/2022\/11\/RIM-22-LOGO-300x225.jpg 300w, https:\/\/vocesparalelas.com.ar\/sitio\/wp-content\/uploads\/2022\/11\/RIM-22-LOGO-768x576.jpg 768w\" sizes=\"auto, (max-width: 800px) 100vw, 800px\" \/><\/p>\n","protected":false},"excerpt":{"rendered":"<p>La Guarnici\u00f3n Ej\u00e9rcito San Juan, informa a la comunidad que el Regimiento de Infanter\u00eda de Monta\u00f1a 22, realiza ejercicios de<\/p>\n","protected":false},"author":3,"featured_media":51645,"comment_status":"closed","ping_status":"closed","sticky":false,"template":"","format":"standard","meta":{"_acf_changed":false,"_seopress_robots_primary_cat":"none","_seopress_titles_title":"","_seopress_titles_desc":"","_seopress_robots_index":"","colormag_page_container_layout":"default_layout","colormag_page_sidebar_layout":"default_layout","footnotes":""},"categories":[6,7],"tags":[],"class_list":["post-77424","post","type-post","status-publish","format-standard","has-post-thumbnail","hentry","category-eventos","category-videos"],"acf":[],"_links":{"self":[{"href":"https:\/\/vocesparalelas.com.ar\/sitio\/wp-json\/wp\/v2\/posts\/77424","targetHints":{"allow":["GET"]}}],"collection":[{"href":"https:\/\/vocesparalelas.com.ar\/sitio\/wp-json\/wp\/v2\/posts"}],"about":[{"href":"https:\/\/vocesparalelas.com.ar\/sitio\/wp-json\/wp\/v2\/types\/post"}],"author":[{"embeddable":true,"href":"https:\/\/vocesparalelas.com.ar\/sitio\/wp-json\/wp\/v2\/users\/3"}],"replies":[{"embeddable":true,"href":"https:\/\/vocesparalelas.com.ar\/sitio\/wp-json\/wp\/v2\/comments?post=77424"}],"version-history":[{"count":4,"href":"https:\/\/vocesparalelas.com.ar\/sitio\/wp-json\/wp\/v2\/posts\/77424\/revisions"}],"predecessor-version":[{"id":77430,"href":"https:\/\/vocesparalelas.com.ar\/sitio\/wp-json\/wp\/v2\/posts\/77424\/revisions\/77430"}],"wp:featuredmedia":[{"embeddable":true,"href":"https:\/\/vocesparalelas.com.ar\/sitio\/wp-json\/wp\/v2\/media\/51645"}],"wp:attachment":[{"href":"https:\/\/vocesparalelas.com.ar\/sitio\/wp-json\/wp\/v2\/media?parent=77424"}],"wp:term":[{"taxonomy":"category","embeddable":true,"href":"https:\/\/vocesparalelas.com.ar\/sitio\/wp-json\/wp\/v2\/categories?post=77424"},{"taxonomy":"post_tag","embeddable":true,"href":"https:\/\/vocesparalelas.com.ar\/sitio\/wp-json\/wp\/v2\/tags?post=77424"}],"curies":[{"name":"wp","href":"https:\/\/api.w.org\/{rel}","templated":true}]}}