{"id":77420,"date":"2024-09-30T12:34:17","date_gmt":"2024-09-30T15:34:17","guid":{"rendered":"https:\/\/vocesparalelas.com.ar\/sitio\/?p=77420"},"modified":"2024-09-30T12:34:17","modified_gmt":"2024-09-30T15:34:17","slug":"se-suspenden-las-actividades-educativas-en-los-ipu-de-la-unsj-por-el-viento-zonda","status":"publish","type":"post","link":"https:\/\/vocesparalelas.com.ar\/sitio\/se-suspenden-las-actividades-educativas-en-los-ipu-de-la-unsj-por-el-viento-zonda\/","title":{"rendered":"Se suspenden las actividades educativas en los IPU de la UNSJ por el Viento Zonda"},"content":{"rendered":"<p>Desde las 13 hs.; y por el resto de la jornada a ra\u00edz del pronosticado viento Zonda, el Lunes, 30 de Septiembre de 2024, se suspenden las actividades educativas en los Institutos Preuniversitario de la Universidad Nacional de San Juan.<\/p>\n<ul>\n<li>Escuela Industrial \u201cDomingo Faustino Sarmiento\u201d<\/li>\n<li>Colegio Central Universitario \u201cMariano Moreno\u201d<\/li>\n<li>Escuela de Comercio \u201cLibertador Gral. San Mart\u00edn\u201d no tendr\u00e1n clases<\/li>\n<\/ul>\n<p>La medida se toma ante el alerta emitido por el Servicio Meteorol\u00f3gico Nacional y por recomendaci\u00f3n de Protecci\u00f3n Civil de la Provincia.<\/p>\n<p><img loading=\"lazy\" decoding=\"async\" class=\"alignnone size-full wp-image-54035\" src=\"https:\/\/vocesparalelas.com.ar\/sitio\/wp-content\/uploads\/2022\/11\/UNSJ-LOGO-10.jpg\" alt=\"\" width=\"800\" height=\"533\" srcset=\"https:\/\/vocesparalelas.com.ar\/sitio\/wp-content\/uploads\/2022\/11\/UNSJ-LOGO-10.jpg 800w, https:\/\/vocesparalelas.com.ar\/sitio\/wp-content\/uploads\/2022\/11\/UNSJ-LOGO-10-300x200.jpg 300w, https:\/\/vocesparalelas.com.ar\/sitio\/wp-content\/uploads\/2022\/11\/UNSJ-LOGO-10-768x512.jpg 768w\" sizes=\"auto, (max-width: 800px) 100vw, 800px\" \/><\/p>\n","protected":false},"excerpt":{"rendered":"<p>Desde las 13 hs.; y por el resto de la jornada a ra\u00edz del pronosticado viento Zonda, el Lunes, 30<\/p>\n","protected":false},"author":3,"featured_media":54097,"comment_status":"closed","ping_status":"closed","sticky":false,"template":"","format":"standard","meta":{"_acf_changed":false,"_seopress_robots_primary_cat":"none","_seopress_titles_title":"","_seopress_titles_desc":"","_seopress_robots_index":"","colormag_page_container_layout":"default_layout","colormag_page_sidebar_layout":"default_layout","footnotes":""},"categories":[1],"tags":[],"class_list":["post-77420","post","type-post","status-publish","format-standard","has-post-thumbnail","hentry","category-destacadas"],"acf":[],"_links":{"self":[{"href":"https:\/\/vocesparalelas.com.ar\/sitio\/wp-json\/wp\/v2\/posts\/77420","targetHints":{"allow":["GET"]}}],"collection":[{"href":"https:\/\/vocesparalelas.com.ar\/sitio\/wp-json\/wp\/v2\/posts"}],"about":[{"href":"https:\/\/vocesparalelas.com.ar\/sitio\/wp-json\/wp\/v2\/types\/post"}],"author":[{"embeddable":true,"href":"https:\/\/vocesparalelas.com.ar\/sitio\/wp-json\/wp\/v2\/users\/3"}],"replies":[{"embeddable":true,"href":"https:\/\/vocesparalelas.com.ar\/sitio\/wp-json\/wp\/v2\/comments?post=77420"}],"version-history":[{"count":1,"href":"https:\/\/vocesparalelas.com.ar\/sitio\/wp-json\/wp\/v2\/posts\/77420\/revisions"}],"predecessor-version":[{"id":77423,"href":"https:\/\/vocesparalelas.com.ar\/sitio\/wp-json\/wp\/v2\/posts\/77420\/revisions\/77423"}],"wp:featuredmedia":[{"embeddable":true,"href":"https:\/\/vocesparalelas.com.ar\/sitio\/wp-json\/wp\/v2\/media\/54097"}],"wp:attachment":[{"href":"https:\/\/vocesparalelas.com.ar\/sitio\/wp-json\/wp\/v2\/media?parent=77420"}],"wp:term":[{"taxonomy":"category","embeddable":true,"href":"https:\/\/vocesparalelas.com.ar\/sitio\/wp-json\/wp\/v2\/categories?post=77420"},{"taxonomy":"post_tag","embeddable":true,"href":"https:\/\/vocesparalelas.com.ar\/sitio\/wp-json\/wp\/v2\/tags?post=77420"}],"curies":[{"name":"wp","href":"https:\/\/api.w.org\/{rel}","templated":true}]}}