{"id":77412,"date":"2024-09-29T11:08:48","date_gmt":"2024-09-29T14:08:48","guid":{"rendered":"https:\/\/vocesparalelas.com.ar\/sitio\/?p=77412"},"modified":"2024-10-02T21:50:06","modified_gmt":"2024-10-03T00:50:06","slug":"marcha-universitaria-nacional-en-defensa-de-la-educacion-publica-en-san-juan","status":"publish","type":"post","link":"https:\/\/vocesparalelas.com.ar\/sitio\/marcha-universitaria-nacional-en-defensa-de-la-educacion-publica-en-san-juan\/","title":{"rendered":"Marcha Universitaria Nacional en Defensa de la Educaci\u00f3n P\u00fablica en San Juan"},"content":{"rendered":"<p>El Mi\u00e9rcoles, 02 de Octubre, a las 16:30 hs.; el punto de concentraci\u00f3n es en la Facultad de Filosof\u00eda, Humanidades y Artes de la Universidad Nacional de San Juan para desarrollar la Marcha Universitaria Nacional en Defensa de la Educaci\u00f3n P\u00fablica hacia\u00a0hacia la Legislatura Provincial.<\/p>\n<p>&nbsp;<\/p>\n<p><iframe loading=\"lazy\" title=\"ADICUS SAN JUAN MARCHA UNIVERSITARIA\" width=\"800\" height=\"450\" src=\"https:\/\/www.youtube.com\/embed\/dcmLK4wonIM?feature=oembed\" frameborder=\"0\" allow=\"accelerometer; autoplay; clipboard-write; encrypted-media; gyroscope; picture-in-picture; web-share\" referrerpolicy=\"strict-origin-when-cross-origin\" allowfullscreen><\/iframe><\/p>\n<p>&nbsp;<\/p>\n<p>Himno Nacional Argentino por la Orquesta Sinf\u00f3nica de la Universidad Nacional de San Juan<\/p>\n<p>&nbsp;<\/p>\n<p><iframe loading=\"lazy\" title=\"UNSJ HIMNO NACIONAL ARGENTINO DEFENDAMOS LA UNIVERSIDAD PUBLICA Y GRATUITA\" width=\"800\" height=\"450\" src=\"https:\/\/www.youtube.com\/embed\/YmJuUZUpkj0?feature=oembed\" frameborder=\"0\" allow=\"accelerometer; autoplay; clipboard-write; encrypted-media; gyroscope; picture-in-picture; web-share\" referrerpolicy=\"strict-origin-when-cross-origin\" allowfullscreen><\/iframe><\/p>\n","protected":false},"excerpt":{"rendered":"<p>El Mi\u00e9rcoles, 02 de Octubre, a las 16:30 hs.; el punto de concentraci\u00f3n es en la Facultad de Filosof\u00eda, Humanidades<\/p>\n","protected":false},"author":3,"featured_media":71607,"comment_status":"closed","ping_status":"closed","sticky":false,"template":"","format":"standard","meta":{"_acf_changed":false,"_seopress_robots_primary_cat":"none","_seopress_titles_title":"","_seopress_titles_desc":"","_seopress_robots_index":"","colormag_page_container_layout":"default_layout","colormag_page_sidebar_layout":"default_layout","footnotes":""},"categories":[1,7],"tags":[],"class_list":["post-77412","post","type-post","status-publish","format-standard","has-post-thumbnail","hentry","category-destacadas","category-videos"],"acf":[],"_links":{"self":[{"href":"https:\/\/vocesparalelas.com.ar\/sitio\/wp-json\/wp\/v2\/posts\/77412","targetHints":{"allow":["GET"]}}],"collection":[{"href":"https:\/\/vocesparalelas.com.ar\/sitio\/wp-json\/wp\/v2\/posts"}],"about":[{"href":"https:\/\/vocesparalelas.com.ar\/sitio\/wp-json\/wp\/v2\/types\/post"}],"author":[{"embeddable":true,"href":"https:\/\/vocesparalelas.com.ar\/sitio\/wp-json\/wp\/v2\/users\/3"}],"replies":[{"embeddable":true,"href":"https:\/\/vocesparalelas.com.ar\/sitio\/wp-json\/wp\/v2\/comments?post=77412"}],"version-history":[{"count":3,"href":"https:\/\/vocesparalelas.com.ar\/sitio\/wp-json\/wp\/v2\/posts\/77412\/revisions"}],"predecessor-version":[{"id":77444,"href":"https:\/\/vocesparalelas.com.ar\/sitio\/wp-json\/wp\/v2\/posts\/77412\/revisions\/77444"}],"wp:featuredmedia":[{"embeddable":true,"href":"https:\/\/vocesparalelas.com.ar\/sitio\/wp-json\/wp\/v2\/media\/71607"}],"wp:attachment":[{"href":"https:\/\/vocesparalelas.com.ar\/sitio\/wp-json\/wp\/v2\/media?parent=77412"}],"wp:term":[{"taxonomy":"category","embeddable":true,"href":"https:\/\/vocesparalelas.com.ar\/sitio\/wp-json\/wp\/v2\/categories?post=77412"},{"taxonomy":"post_tag","embeddable":true,"href":"https:\/\/vocesparalelas.com.ar\/sitio\/wp-json\/wp\/v2\/tags?post=77412"}],"curies":[{"name":"wp","href":"https:\/\/api.w.org\/{rel}","templated":true}]}}