{"id":77403,"date":"2024-09-28T17:25:13","date_gmt":"2024-09-28T20:25:13","guid":{"rendered":"https:\/\/vocesparalelas.com.ar\/sitio\/?p=77403"},"modified":"2024-09-30T22:48:36","modified_gmt":"2024-10-01T01:48:36","slug":"3-edicion-expo-innova-cuyo-2024-en-san-juan","status":"publish","type":"post","link":"https:\/\/vocesparalelas.com.ar\/sitio\/3-edicion-expo-innova-cuyo-2024-en-san-juan\/","title":{"rendered":"3\u00b0 edici\u00f3n Expo Innova Cuyo 2024 en San Juan"},"content":{"rendered":"<p>En la feria frutihort\u00edcola m\u00e1s grande de la regi\u00f3n, el ministerio de Producci\u00f3n, de Trabajo e innovaci\u00f3n del Gobierno de San Juan, a trav\u00e9s de la secretar\u00eda de Agricultura, Ganader\u00eda y Agroindustria y el EPSE tienen un espacio especial para la capacitaci\u00f3n e intercambio de ideas.<\/p>\n<p>Cada vez falta menos para la 3\u00b0 edici\u00f3n Expo Innova Cuyo 2024 en el que se puede apreciar los \u00faltimos avances tecnol\u00f3gicos en el \u00e1mbito agr\u00edcola y las novedades del sector.<\/p>\n<p>La feria frutihort\u00edcola m\u00e1s convocante de la regi\u00f3n se desarrolla el 1; 2 y 3 de Octubre y el Gobierno de San Juan dispone un stand con una variada tem\u00e1tica en charlas.<\/p>\n<ul>\n<li>Martes, 1 de Octubre, el eje est\u00e1 en el sector Agr\u00edcola<\/li>\n<li>Mi\u00e9rcoles, 2, el foco est\u00e1 puesto para las instituciones ligadas al sector productivo.<\/li>\n<li>Jueves 3, la tem\u00e1tica se desarrolla en base al turismo del vino.<\/li>\n<\/ul>\n<p>Adem\u00e1s, hay degustaciones durante los horarios de las charlas a cago de la Secretar\u00eda de Agricultura, Ganader\u00eda y Agroindustria.<\/p>\n<p>En la Expo se puede presenciar las \u00faltimas novedades sobre tecnolog\u00edas y agro, en la provincia y en cuyo, y este a\u00f1o cuenta con la presencia de m\u00e1s de 90 empresas en el predio. Tambi\u00e9n, hay un sector de conferencia espec\u00edficas con distintas tem\u00e1ticas en dos auditorios, un sector de campo con las novedades del sector y un campo de comidas.<\/p>\n<p><strong><span style=\"color: #ff6600;\">Entrega de envases<\/span><\/strong><\/p>\n<p>En el marco de la Expo Innova Cuyo se llevar\u00e1 una campa\u00f1a de recepci\u00f3n de envases vac\u00edos de fitosanitarios organizado por la Direcci\u00f3n de Sanidad Vegetal, Animal y Alimentos, Campolimpio y Reciclados Pl\u00e1sticos SRL. La actividad se realizar\u00e1 el jueves 3 de octubre de 2024 de 10 a 13 hs.<\/p>\n<p>Vale destacar que se recibir\u00e1n solo envases vac\u00edos de fitosanitarios triple lavados o lavados a presi\u00f3n, secos, sin etiqueta y perforados.<\/p>\n<p>Aquellos interesados pueden reservar su lugar ingresando al siguiente link<\/p>\n<p><a href=\"https:\/\/bit.ly\/TurnoEnvases\">https:\/\/bit.ly\/TurnoEnvases<\/a><\/p>\n<p><span style=\"color: #ff6600;\"><strong>Cronograma<\/strong><\/span><\/p>\n<p><strong><span style=\"color: #ff6600;\">1 de Octubre &#8211; Capacitaci\u00f3n agr\u00edcola<\/span><\/strong><\/p>\n<ul>\n<li><strong><span style=\"color: #ff6600;\">Stand del Gobierno de San Juan<\/span><\/strong><br \/>\n10:30 hs | Abordaje sobre el control de Aedes Aegypty en la provincia de San Juan. Disertantes: Lic. Cristina Coria y Lic. Leonardo D\u00edaz. Min. de Producci\u00f3n<\/li>\n<li>11:00 hs | Energ\u00eda solar para el campo: costos y beneficios. Disertantes: Ing. Juan Manuel Juli\u00e1n e Ing. Sergio Salinas. EPSE.<\/li>\n<li>11:30 hs | Energ\u00eda solar para el campo (normativa). Disertante: Ing. Ricardo Rubio. EPSE.<\/li>\n<li>12:00 hs | Servicios que se realizan en el laboratorio: Semillas y Virolog\u00eda. Disertantes: Ing. Agr. Valeria Pantano, Ing. Agr. Rafael Hidalgo, Biol. Valeria Flaques. INSEMI.<\/li>\n<\/ul>\n<p><strong><span style=\"color: #ff6600;\">2 de Octubre &#8211; Instituciones ligadas al sector productivo<\/span><\/strong><\/p>\n<p><strong><span style=\"color: #ff6600;\">Stand del Gobierno de San Juan<\/span><\/strong><\/p>\n<ul>\n<li>10:30 hs | Programa Aprender, Trabajar y Producir: en qu\u00e9 consiste, las capacitaciones y modalidad de inscripci\u00f3n. Disertantes: Pablo Fernando Guardia y Juan Marcelo Fern\u00e1ndez. Min. de Producci\u00f3n.<\/li>\n<li>11:30 hs | Energ\u00eda solar para el campo: costos y beneficios. Disertantes: Ing. Juan Manuel Juli\u00e1n e Ing. Sergio Salinas. EPSE.<\/li>\n<li>12:00 hs | Energ\u00eda solar para el campo (normativa). Disertante: Ing. Ricardo Rubio. EPSE.<\/li>\n<li>14:00 hs | Mesa t\u00e9cnica de producci\u00f3n porcina. Disertante: Ing. Eduardo Terrado. Direcci\u00f3n Nacional de Producci\u00f3n Porcina.<\/li>\n<\/ul>\n<p><span style=\"color: #ff6600;\"><strong>3 de octubre &#8211; Turismo del vino<\/strong><\/span><\/p>\n<p>Stand del Gobierno de San Juan<\/p>\n<ul>\n<li>10:30 hs | Trazabilidad e Inteligencia Artificial en el Agro: Innovaci\u00f3n para la Seguridad Alimentaria. Disertante: Mauricio P\u00e9rez. Min. de Producci\u00f3n.<\/li>\n<li>11:00 hs | Energ\u00eda solar para el campo: costos y beneficios. Disertantes: Ing. Juan Manuel Juli\u00e1n e Ing. Sergio Salinas. EPSE.<\/li>\n<li>11:30 hs | Energ\u00eda solar para el campo (normativa). Disertante: Ing. Ricardo Rubio. EPSE.<\/li>\n<li>12:00 hs | La innovaci\u00f3n comercial a trav\u00e9s de los vinos del valle. Disertante: Pedro Pelegrina.<br \/>\nConsejo de En\u00f3logos de San Juan.<\/li>\n<\/ul>\n","protected":false},"excerpt":{"rendered":"<p>En la feria frutihort\u00edcola m\u00e1s grande de la regi\u00f3n, el ministerio de Producci\u00f3n, de Trabajo e innovaci\u00f3n del Gobierno de<\/p>\n","protected":false},"author":3,"featured_media":77406,"comment_status":"closed","ping_status":"closed","sticky":false,"template":"","format":"standard","meta":{"_acf_changed":false,"_seopress_robots_primary_cat":"none","_seopress_titles_title":"","_seopress_titles_desc":"","_seopress_robots_index":"","colormag_page_container_layout":"default_layout","colormag_page_sidebar_layout":"default_layout","footnotes":""},"categories":[6],"tags":[],"class_list":["post-77403","post","type-post","status-publish","format-standard","has-post-thumbnail","hentry","category-eventos"],"acf":[],"_links":{"self":[{"href":"https:\/\/vocesparalelas.com.ar\/sitio\/wp-json\/wp\/v2\/posts\/77403","targetHints":{"allow":["GET"]}}],"collection":[{"href":"https:\/\/vocesparalelas.com.ar\/sitio\/wp-json\/wp\/v2\/posts"}],"about":[{"href":"https:\/\/vocesparalelas.com.ar\/sitio\/wp-json\/wp\/v2\/types\/post"}],"author":[{"embeddable":true,"href":"https:\/\/vocesparalelas.com.ar\/sitio\/wp-json\/wp\/v2\/users\/3"}],"replies":[{"embeddable":true,"href":"https:\/\/vocesparalelas.com.ar\/sitio\/wp-json\/wp\/v2\/comments?post=77403"}],"version-history":[{"count":1,"href":"https:\/\/vocesparalelas.com.ar\/sitio\/wp-json\/wp\/v2\/posts\/77403\/revisions"}],"predecessor-version":[{"id":77407,"href":"https:\/\/vocesparalelas.com.ar\/sitio\/wp-json\/wp\/v2\/posts\/77403\/revisions\/77407"}],"wp:featuredmedia":[{"embeddable":true,"href":"https:\/\/vocesparalelas.com.ar\/sitio\/wp-json\/wp\/v2\/media\/77406"}],"wp:attachment":[{"href":"https:\/\/vocesparalelas.com.ar\/sitio\/wp-json\/wp\/v2\/media?parent=77403"}],"wp:term":[{"taxonomy":"category","embeddable":true,"href":"https:\/\/vocesparalelas.com.ar\/sitio\/wp-json\/wp\/v2\/categories?post=77403"},{"taxonomy":"post_tag","embeddable":true,"href":"https:\/\/vocesparalelas.com.ar\/sitio\/wp-json\/wp\/v2\/tags?post=77403"}],"curies":[{"name":"wp","href":"https:\/\/api.w.org\/{rel}","templated":true}]}}