{"id":77397,"date":"2024-09-28T14:33:14","date_gmt":"2024-09-28T17:33:14","guid":{"rendered":"https:\/\/vocesparalelas.com.ar\/sitio\/?p=77397"},"modified":"2024-09-30T20:17:57","modified_gmt":"2024-09-30T23:17:57","slug":"6-edicion-del-sanjuaniiinos-2024","status":"publish","type":"post","link":"https:\/\/vocesparalelas.com.ar\/sitio\/6-edicion-del-sanjuaniiinos-2024\/","title":{"rendered":"6\u00b0 edici\u00f3n del \u201cSANJUANIII\u00d1OS 2024\u201d"},"content":{"rendered":"<p>Desde el 4 al 6 de Octubre se desarrolla la 6\u00b0 edici\u00f3n del \u201cSANJUANIII\u00d1OS 2024\u201d, una propuesta, declarada de inter\u00e9s cultural por el Ministerio de Turismo, Cultura y Deporte del Gobierno de San Juan, incluye diferentes actividades destinadas a toda la comunidad.<\/p>\n<p>El festival destinado a las infancias tiene como objetivo principal acercar a los ni\u00f1os y ni\u00f1as al teatro, promoviendo espacios creativos que logren una participaci\u00f3n activa en el desarrollo de la cultura, generando inter\u00e9s en la actividad teatral y reflexionando sobre las vivencias del espect\u00e1culo art\u00edstico.<\/p>\n<p>En esta edici\u00f3n se realizan funciones de obras de San Juan y Mendoza en espacios culturales de la Provincia de San Juan.<\/p>\n<p><strong><span style=\"color: #ff6600;\">Cronograma<\/span><\/strong><\/p>\n<p><span style=\"color: #ff6600;\"><strong>Funci\u00f3n para los alumnos de las Escuelas de San Juan<\/strong><\/span><\/p>\n<p><span style=\"color: #ff6600;\"><strong>Viernes, 4 de Otubre<\/strong><\/span><\/p>\n<ul>\n<li>10:00 hs. en el Teatro Sarmiento, \u00abDe la mano de Belgrano\u00bb, del Elenco MARABUNTA TEATRO, de la Provincia de Mendoza<\/li>\n<\/ul>\n<p><strong style=\"color: #ff6600;\">Funciones para el P\u00fablico en General<\/strong><\/p>\n<p><span style=\"color: #ff6600;\"><strong>S\u00e1bado, <\/strong><strong>5 de Octubre<\/strong><\/span><\/p>\n<ul>\n<li>17 hs en el Espacio Teatral TES, T\u00edteres en serio, Intervenci\u00f3n: \u00abLe Cachivache\u00bb a cargo de Lanotannegra Teatro, Provincia de San Juan<\/li>\n<li>\u00abUn loco experimento\u00bb con el Elenco Clap! Provincia de San Juan<\/li>\n<\/ul>\n<p><span style=\"color: #ff6600;\"><strong>Entradas<\/strong><\/span><\/p>\n<ul>\n<li>$4000 &#8211; Anticipada de ventas On Line<br \/>\n<a href=\"https:\/\/www.entradaweb.com.ar\/evento\/e6d9e605\/step\/1\">https:\/\/www.entradaweb.com.ar\/evento\/e6d9e605\/step\/1<\/a><\/li>\n<li>$5000 en la Boleter\u00eda<\/li>\n<\/ul>\n<p><span style=\"color: #ff6600;\"><strong>Domingo, 6 de Octubre<\/strong><\/span><\/p>\n<ul>\n<li>17 hs en la Sala Audit\u00f3rium del Teatro del Bicentenario, Intervenci\u00f3n: \u00abMimo\u00bb a cargo de Luis Cravero Provincia de San Juan<\/li>\n<li>Clasiclown\u00bb con Telares Teatro, Provincia de Mendoza<\/li>\n<\/ul>\n<p><span style=\"color: #ff6600;\"><strong>Entradas<\/strong><\/span><\/p>\n<ul>\n<li>$5000 \u2013 VENTA ONLINE en:<\/li>\n<\/ul>\n<p><a href=\"https:\/\/www.tuentrada.com\/eventos\/detalle\/clasiclown-tbsj\/402582747022\">https:\/\/www.tuentrada.com\/eventos\/detalle\/clasiclown-tbsj\/402582747022<\/a><\/p>\n<p>Promociones SOLO en boleter\u00eda del Teatro del Bicentenario:<\/p>\n<ol>\n<li>A) TICKET YA 20% de descuento, hasta 72 hs. antes de la funci\u00f3n, hasta 2 por persona.<\/li>\n<li>B) Ticket Joven, de 17 a 24 a\u00f1os inclusive: descuento del 50 %; beneficio personal<\/li>\n<li>C)Ticket JUBILADOS: descuento del 20% presentando DNI \u2013 recibo de haberes y\/o carnet PAMI, hasta 2 por persona<\/li>\n<\/ol>\n<p><span style=\"color: #ff6600;\"><strong>Para m\u00e1s informaci\u00f3n<\/strong><\/span><\/p>\n<ul>\n<li>E-mail:\u00a0<a href=\"festinfantilsanjuanino@gmail.com\">festinfantilsanjuanino@gmail.com<\/a><\/li>\n<li>Facebook\/Instagram: @festivalsanjuaniiino<\/li>\n<\/ul>\n<p>&nbsp;<\/p>\n","protected":false},"excerpt":{"rendered":"<p>Desde el 4 al 6 de Octubre se desarrolla la 6\u00b0 edici\u00f3n del \u201cSANJUANIII\u00d1OS 2024\u201d, una propuesta, declarada de inter\u00e9s<\/p>\n","protected":false},"author":3,"featured_media":77402,"comment_status":"closed","ping_status":"closed","sticky":false,"template":"","format":"standard","meta":{"_acf_changed":false,"_seopress_robots_primary_cat":"none","_seopress_titles_title":"","_seopress_titles_desc":"","_seopress_robots_index":"","colormag_page_container_layout":"default_layout","colormag_page_sidebar_layout":"default_layout","footnotes":""},"categories":[20],"tags":[],"class_list":["post-77397","post","type-post","status-publish","format-standard","has-post-thumbnail","hentry","category-cartelera"],"acf":[],"_links":{"self":[{"href":"https:\/\/vocesparalelas.com.ar\/sitio\/wp-json\/wp\/v2\/posts\/77397","targetHints":{"allow":["GET"]}}],"collection":[{"href":"https:\/\/vocesparalelas.com.ar\/sitio\/wp-json\/wp\/v2\/posts"}],"about":[{"href":"https:\/\/vocesparalelas.com.ar\/sitio\/wp-json\/wp\/v2\/types\/post"}],"author":[{"embeddable":true,"href":"https:\/\/vocesparalelas.com.ar\/sitio\/wp-json\/wp\/v2\/users\/3"}],"replies":[{"embeddable":true,"href":"https:\/\/vocesparalelas.com.ar\/sitio\/wp-json\/wp\/v2\/comments?post=77397"}],"version-history":[{"count":1,"href":"https:\/\/vocesparalelas.com.ar\/sitio\/wp-json\/wp\/v2\/posts\/77397\/revisions"}],"predecessor-version":[{"id":77400,"href":"https:\/\/vocesparalelas.com.ar\/sitio\/wp-json\/wp\/v2\/posts\/77397\/revisions\/77400"}],"wp:featuredmedia":[{"embeddable":true,"href":"https:\/\/vocesparalelas.com.ar\/sitio\/wp-json\/wp\/v2\/media\/77402"}],"wp:attachment":[{"href":"https:\/\/vocesparalelas.com.ar\/sitio\/wp-json\/wp\/v2\/media?parent=77397"}],"wp:term":[{"taxonomy":"category","embeddable":true,"href":"https:\/\/vocesparalelas.com.ar\/sitio\/wp-json\/wp\/v2\/categories?post=77397"},{"taxonomy":"post_tag","embeddable":true,"href":"https:\/\/vocesparalelas.com.ar\/sitio\/wp-json\/wp\/v2\/tags?post=77397"}],"curies":[{"name":"wp","href":"https:\/\/api.w.org\/{rel}","templated":true}]}}