{"id":77393,"date":"2024-09-28T19:00:20","date_gmt":"2024-09-28T22:00:20","guid":{"rendered":"https:\/\/vocesparalelas.com.ar\/sitio\/?p=77393"},"modified":"2024-09-30T23:25:57","modified_gmt":"2024-10-01T02:25:57","slug":"fns-2024-forum-innovacion-y-energia-para-crecer-se-desarrolla-en-el-teatro-del-bicentenario-de-san-juan","status":"publish","type":"post","link":"https:\/\/vocesparalelas.com.ar\/sitio\/fns-2024-forum-innovacion-y-energia-para-crecer-se-desarrolla-en-el-teatro-del-bicentenario-de-san-juan\/","title":{"rendered":"\u201cFNS 2024 F\u00f3rum Innovaci\u00f3n y Energ\u00eda para Crecer\u201d se desarrolla en el Teatro del Bicentenario de San Juan"},"content":{"rendered":"<p>La Fiesta Nacional de Sol 2024 se desarrolla el 31 de Octubre, 1 y 2 de Noviembre, en la Provincia de San Juan, Rep\u00fablica Argentina. Entre las actividades que se pueden disfrutar la \u201cFNS 2024 F\u00f3rum-Innovaci\u00f3n y Energ\u00eda para Crecer\u201d con disertantes inspiracionales, ruedas de negocios y paneles de di\u00e1logo sobre temas estrat\u00e9gicos en el Teatro del Bicentenario.<\/p>\n<p>&nbsp;<\/p>\n<p><img loading=\"lazy\" decoding=\"async\" class=\"alignnone size-large wp-image-21666\" src=\"https:\/\/vocesparalelas.com.ar\/sitio\/wp-content\/uploads\/2019\/06\/TEATRO-BICENTENARIO-10-800x600.jpg\" alt=\"\" width=\"800\" height=\"600\" srcset=\"https:\/\/vocesparalelas.com.ar\/sitio\/wp-content\/uploads\/2019\/06\/TEATRO-BICENTENARIO-10-800x600.jpg 800w, https:\/\/vocesparalelas.com.ar\/sitio\/wp-content\/uploads\/2019\/06\/TEATRO-BICENTENARIO-10-300x225.jpg 300w, https:\/\/vocesparalelas.com.ar\/sitio\/wp-content\/uploads\/2019\/06\/TEATRO-BICENTENARIO-10-768x576.jpg 768w, https:\/\/vocesparalelas.com.ar\/sitio\/wp-content\/uploads\/2019\/06\/TEATRO-BICENTENARIO-10.jpg 1000w\" sizes=\"auto, (max-width: 800px) 100vw, 800px\" \/><\/p>\n<p>&nbsp;<\/p>\n<p>Si bien en un inicio se pens\u00f3 como marco de este encuentro el Vel\u00f3dromo, los organizadores de la FNS junto a las autoridades del ministerio de Producci\u00f3n, Trabajo e Innovaci\u00f3n del Gobierno de San Juan decidieron trasladar esta novedosa parte del evento al coraz\u00f3n de Capital.<\/p>\n<p>De este modo, tanto las delegaciones de embajadas y agregados comerciales, junto a invitados especiales que visiten la provincia, se sumar\u00e1n a los sanjuaninos interesados en participar de estas charlas sobre tem\u00e1ticas de inter\u00e9s en la provincia y el mundo que vienen.<\/p>\n<p>Este foro, que por primera vez se suma a la Fiesta Nacional del Sol 2024, es una gran oportunidad para tomar contacto con nuevas ideas, potenciar conceptos o despertar proyectos que sirvan al crecimiento local y regional.<\/p>\n<p>El objetivo es inspirar al sector empresarial y a j\u00f3venes de la provincia buscando transformar su visi\u00f3n de los negocios, descubrir tendencias y conectar con otras empresas.<\/p>\n<p><iframe loading=\"lazy\" title=\"FNS 2024 Producci\u00f3n de la nueva grabaci\u00f3n del tema Estrella de los Andes\" width=\"800\" height=\"450\" src=\"https:\/\/www.youtube.com\/embed\/iyvnFgauI1A?feature=oembed\" frameborder=\"0\" allow=\"accelerometer; autoplay; clipboard-write; encrypted-media; gyroscope; picture-in-picture; web-share\" referrerpolicy=\"strict-origin-when-cross-origin\" allowfullscreen><\/iframe><\/p>\n<p>Tambi\u00e9n, es \u00fatil para que, en forma paralela, se generen oportunidades de intercambio comercial entre potenciales interesados en la oferta y lo que representa San Juan y los distintos actores del quehacer econ\u00f3mico de nuestra provincia.<\/p>\n<p>Charlas inspiracionales junto a \u00abEmprezar\u00bb inspira, rondas de negocios y el espacio de di\u00e1logo y reflexi\u00f3n Argentina Impacta: Summit, hace que en Capital de la Ciudad de San Juan, se sienta la energ\u00eda vibrante de la Fiesta Nacional del Sol 2024.<\/p>\n<p>&nbsp;<\/p>\n<p><iframe loading=\"lazy\" title=\"Somos Energ\u00eda \u2728 Fiesta Nacional del Sol 2024\" width=\"800\" height=\"450\" src=\"https:\/\/www.youtube.com\/embed\/CNmQ_L1Popc?feature=oembed\" frameborder=\"0\" allow=\"accelerometer; autoplay; clipboard-write; encrypted-media; gyroscope; picture-in-picture; web-share\" referrerpolicy=\"strict-origin-when-cross-origin\" allowfullscreen><\/iframe><\/p>\n","protected":false},"excerpt":{"rendered":"<p>La Fiesta Nacional de Sol 2024 se desarrolla el 31 de Octubre, 1 y 2 de Noviembre, en la Provincia<\/p>\n","protected":false},"author":3,"featured_media":75903,"comment_status":"closed","ping_status":"closed","sticky":false,"template":"","format":"standard","meta":{"_acf_changed":false,"_seopress_robots_primary_cat":"none","_seopress_titles_title":"","_seopress_titles_desc":"","_seopress_robots_index":"","colormag_page_container_layout":"default_layout","colormag_page_sidebar_layout":"default_layout","footnotes":""},"categories":[2,7],"tags":[],"class_list":["post-77393","post","type-post","status-publish","format-standard","has-post-thumbnail","hentry","category-convocatorias","category-videos"],"acf":[],"_links":{"self":[{"href":"https:\/\/vocesparalelas.com.ar\/sitio\/wp-json\/wp\/v2\/posts\/77393","targetHints":{"allow":["GET"]}}],"collection":[{"href":"https:\/\/vocesparalelas.com.ar\/sitio\/wp-json\/wp\/v2\/posts"}],"about":[{"href":"https:\/\/vocesparalelas.com.ar\/sitio\/wp-json\/wp\/v2\/types\/post"}],"author":[{"embeddable":true,"href":"https:\/\/vocesparalelas.com.ar\/sitio\/wp-json\/wp\/v2\/users\/3"}],"replies":[{"embeddable":true,"href":"https:\/\/vocesparalelas.com.ar\/sitio\/wp-json\/wp\/v2\/comments?post=77393"}],"version-history":[{"count":1,"href":"https:\/\/vocesparalelas.com.ar\/sitio\/wp-json\/wp\/v2\/posts\/77393\/revisions"}],"predecessor-version":[{"id":77396,"href":"https:\/\/vocesparalelas.com.ar\/sitio\/wp-json\/wp\/v2\/posts\/77393\/revisions\/77396"}],"wp:featuredmedia":[{"embeddable":true,"href":"https:\/\/vocesparalelas.com.ar\/sitio\/wp-json\/wp\/v2\/media\/75903"}],"wp:attachment":[{"href":"https:\/\/vocesparalelas.com.ar\/sitio\/wp-json\/wp\/v2\/media?parent=77393"}],"wp:term":[{"taxonomy":"category","embeddable":true,"href":"https:\/\/vocesparalelas.com.ar\/sitio\/wp-json\/wp\/v2\/categories?post=77393"},{"taxonomy":"post_tag","embeddable":true,"href":"https:\/\/vocesparalelas.com.ar\/sitio\/wp-json\/wp\/v2\/tags?post=77393"}],"curies":[{"name":"wp","href":"https:\/\/api.w.org\/{rel}","templated":true}]}}