{"id":77383,"date":"2024-09-27T23:21:26","date_gmt":"2024-09-28T02:21:26","guid":{"rendered":"https:\/\/vocesparalelas.com.ar\/sitio\/?p=77383"},"modified":"2024-09-27T23:54:15","modified_gmt":"2024-09-28T02:54:15","slug":"gobernadores-de-argentina-de-la-mesa-del-cobre-viajan-a-inglaterra-a-un-encuentro-minero","status":"publish","type":"post","link":"https:\/\/vocesparalelas.com.ar\/sitio\/gobernadores-de-argentina-de-la-mesa-del-cobre-viajan-a-inglaterra-a-un-encuentro-minero\/","title":{"rendered":"Gobernadores de Argentina de la \u00abMesa del Cobre\u00bb viajan a Inglaterra a un encuentro minero"},"content":{"rendered":"<p>El gobernador de San Juan, Dr. Marcelo Orrego, participa en el evento \u201cLas provincias como usinas de desarrollo: oportunidades y desaf\u00edos del federalismo en Argentina\u201d, organizado por la prestigiosa London School of Economics &#8211; LSE &#8211; el Lunes, 30 de Septiembre.<\/p>\n<p>El viaje, financiado por el Consejo Federal de Inversiones &#8211; CFI &#8211; y que conforman los gobernadores de la Mesa del Cobre:<\/p>\n<ul>\n<li>Gobernador de San Juan, Dr. Marcelo Orrego<\/li>\n<li>Gobernador de Mendoza, Ing. Alfredo Cornejo<\/li>\n<li>Gobernador de Catamarca, Lic. Ra\u00fal Jalil<\/li>\n<li>Gobernador de Salta, Dr. Gustavo S\u00e1enz<\/li>\n<li>Representante de Jujuy<\/li>\n<li>Representante de C\u00f3rdoba.<\/li>\n<\/ul>\n<p>El evento, que se desarrolla de 14:30 a 16:00 horas, busca explorar el potencial de las provincias argentinas para impulsar el crecimiento econ\u00f3mico, el desarrollo tecnol\u00f3gico y la generaci\u00f3n de empleo. Acad\u00e9micos, estudiantes y expertos internacionales se reunir\u00e1n para escuchar las perspectivas de los gobernadores sobre los desaf\u00edos y oportunidades que presentan sectores clave como la miner\u00eda.<\/p>\n<p>La Mesa del Cobre, formada a partir de un convenio firmado por los gobernadores, busca consolidar a Argentina como un jugador clave en la producci\u00f3n global de este mineral, aprovechando la favorable coyuntura internacional de precios y el creciente inter\u00e9s por el cobre debido a su rol esencial en la transici\u00f3n energ\u00e9tica mundial.<\/p>\n<p>En la carta firmada por los gobernadores, se se\u00f1ala que \u00abel contexto internacional de precios favorables y la proyecci\u00f3n de aumento de la demanda de cobre representan una oportunidad \u00fanica para que Argentina se consolide como uno de los principales productores de este mineral\u00bb. Este acuerdo marc\u00f3 un hito en la miner\u00eda del pa\u00eds, no solo por su impacto en las econom\u00edas regionales, sino tambi\u00e9n por su relevancia en el contexto global de la transici\u00f3n energ\u00e9tica.<\/p>\n<p>El evento en LSE contar\u00e1 con un panel moderado por Anabel Marin, investigadora de la Universidad de Sussex, y estar\u00e1 enfocado en c\u00f3mo las provincias ricas en minerales pueden contribuir al crecimiento econ\u00f3mico de Argentina, la innovaci\u00f3n tecnol\u00f3gica y la integraci\u00f3n de cadenas productivas.<\/p>\n<p>La London School of Economics es reconocida mundialmente por su excelencia en temas econ\u00f3micos, sociales y de pol\u00edticas p\u00fablicas. Su comunidad acad\u00e9mica est\u00e1 formada por profesores, exfuncionarios y futuros policy makers de diversas partes del mundo, lo que convierte a este evento en una plataforma clave para posicionar a las provincias argentinas como motores de desarrollo.<\/p>\n<p>&nbsp;<\/p>\n<p>&nbsp;<\/p>\n","protected":false},"excerpt":{"rendered":"<p>El gobernador de San Juan, Dr. Marcelo Orrego, participa en el evento \u201cLas provincias como usinas de desarrollo: oportunidades y<\/p>\n","protected":false},"author":3,"featured_media":72655,"comment_status":"closed","ping_status":"closed","sticky":false,"template":"","format":"standard","meta":{"_acf_changed":false,"_seopress_robots_primary_cat":"none","_seopress_titles_title":"","_seopress_titles_desc":"","_seopress_robots_index":"","colormag_page_container_layout":"default_layout","colormag_page_sidebar_layout":"default_layout","footnotes":""},"categories":[1],"tags":[],"class_list":["post-77383","post","type-post","status-publish","format-standard","has-post-thumbnail","hentry","category-destacadas"],"acf":[],"_links":{"self":[{"href":"https:\/\/vocesparalelas.com.ar\/sitio\/wp-json\/wp\/v2\/posts\/77383","targetHints":{"allow":["GET"]}}],"collection":[{"href":"https:\/\/vocesparalelas.com.ar\/sitio\/wp-json\/wp\/v2\/posts"}],"about":[{"href":"https:\/\/vocesparalelas.com.ar\/sitio\/wp-json\/wp\/v2\/types\/post"}],"author":[{"embeddable":true,"href":"https:\/\/vocesparalelas.com.ar\/sitio\/wp-json\/wp\/v2\/users\/3"}],"replies":[{"embeddable":true,"href":"https:\/\/vocesparalelas.com.ar\/sitio\/wp-json\/wp\/v2\/comments?post=77383"}],"version-history":[{"count":2,"href":"https:\/\/vocesparalelas.com.ar\/sitio\/wp-json\/wp\/v2\/posts\/77383\/revisions"}],"predecessor-version":[{"id":77391,"href":"https:\/\/vocesparalelas.com.ar\/sitio\/wp-json\/wp\/v2\/posts\/77383\/revisions\/77391"}],"wp:featuredmedia":[{"embeddable":true,"href":"https:\/\/vocesparalelas.com.ar\/sitio\/wp-json\/wp\/v2\/media\/72655"}],"wp:attachment":[{"href":"https:\/\/vocesparalelas.com.ar\/sitio\/wp-json\/wp\/v2\/media?parent=77383"}],"wp:term":[{"taxonomy":"category","embeddable":true,"href":"https:\/\/vocesparalelas.com.ar\/sitio\/wp-json\/wp\/v2\/categories?post=77383"},{"taxonomy":"post_tag","embeddable":true,"href":"https:\/\/vocesparalelas.com.ar\/sitio\/wp-json\/wp\/v2\/tags?post=77383"}],"curies":[{"name":"wp","href":"https:\/\/api.w.org\/{rel}","templated":true}]}}