{"id":77379,"date":"2024-09-27T20:34:50","date_gmt":"2024-09-27T23:34:50","guid":{"rendered":"https:\/\/vocesparalelas.com.ar\/sitio\/?p=77379"},"modified":"2024-09-30T12:18:06","modified_gmt":"2024-09-30T15:18:06","slug":"talleres-restaurando-vidas-forjando-futuros-el-gran-desafio-de-las-zonas-aridas-en-la-fcefn-de-la-unsj","status":"publish","type":"post","link":"https:\/\/vocesparalelas.com.ar\/sitio\/talleres-restaurando-vidas-forjando-futuros-el-gran-desafio-de-las-zonas-aridas-en-la-fcefn-de-la-unsj\/","title":{"rendered":"Talleres \u00abRestaurando Vidas, Forjando Futuros: el Gran Desaf\u00edo de las Zonas \u00c1ridas\u00bb en la FCEFN de la UNSJ"},"content":{"rendered":"<p>La Facultad de Ciencias Exactas, F\u00edsicas y Naturales de la Universidad Nacional de San Juan informa que est\u00e1n abiertas las inscripciones para el \u00abVI Taller sobre Rehabilitaci\u00f3n y Restauraci\u00f3n Ecol\u00f3gica en la Diagonal \u00c1rida de Argentina\u00bb\u00a0y el \u00abII Taller Internacional de Restauraci\u00f3n de Ecosistemas \u00c1ridos de Am\u00e9rica Latina\u00bb, que en el 2024 se realizan bajo el lema \u00abRestaurando Vidas, Forjando Futuros: el Gran Desaf\u00edo de las Zonas \u00c1ridas\u00bb.<\/p>\n<p>Ambos acontecimientos acad\u00e9micos se enmarcan en el decenio de las Naciones Unidas para la Restauraci\u00f3n Ecol\u00f3gica de los Ecosistemas 2021-2030 y son organizados por el Centro de Investigaciones de la Ge\u00f3sfera y Bi\u00f3sfera &#8211; CIGEOBIO -, dependiente del CONICET y la FCEFN de la UNSJ.<\/p>\n<p><strong><span style=\"color: #ff6600;\">Los encuentros son el 16; 17 y 18 de Octubre de 2024 en<\/span><\/strong><\/p>\n<ul>\n<li>Centro de Convenciones Guillermo Barrena Guzm\u00e1n con Conferencias,<\/li>\n<li>Centro Cultural Conte Grand con Paneles y<\/li>\n<li>Museo Provincial de Bellas Artes Franklin Rawson con Talleres<\/li>\n<\/ul>\n<p>Este evento acad\u00e9mico re\u00fane a expertos, investigadores, profesionales y l\u00edderes en el campo de la restauraci\u00f3n ecol\u00f3gica, con el objetivo de abordar los desaf\u00edos y oportunidades que se presentan en la rehabilitaci\u00f3n de los ecosistemas en entornos \u00e1ridos.<\/p>\n<p>Durante los encuentros, se exploran las \u00faltimas investigaciones, tecnolog\u00edas innovadoras y mejores pr\u00e1cticas en restauraci\u00f3n y rehabilitaci\u00f3n de ecosistemas en la Diagonal \u00c1rida Argentina.<\/p>\n<p>Adem\u00e1s, se brinda un espacio para el intercambio de conocimientos y experiencias, fomentando la colaboraci\u00f3n entre diversos actores involucrados en la conservaci\u00f3n y regeneraci\u00f3n del medio ambiente.<\/p>\n<p>La idea es\u00a0reunir a un amplio espectro de participantes, incluyendo acad\u00e9micos, profesionales, estudiantes y representantes de las industrias locales, en un esfuerzo colectivo para abordar los desaf\u00edos y oportunidades de restauraci\u00f3n ambiental en San Juan, especialmente considerando las industrias locales como la miner\u00eda, vitivinicultura, energ\u00eda y turismo.<\/p>\n<p>El objetivo es hacer que este taller se convierta en una plataforma invaluable para promover la restauraci\u00f3n ecol\u00f3gica como una herramienta fundamental para la conservaci\u00f3n de la biodiversidad, la mitigaci\u00f3n del cambio clim\u00e1tico y la mejora de la calidad de vida de las comunidades en las regiones \u00e1ridas.<\/p>\n<p><span style=\"color: #ff6600;\"><b>Ejes tem\u00e1ticos y actividades<\/b><\/span><\/p>\n<p>Durante el encuentro se abordan conceptos como rehabilitaci\u00f3n, restauraci\u00f3n ecol\u00f3gica, reforestaci\u00f3n, restauraci\u00f3n productiva, restauraci\u00f3n y participaci\u00f3n social.<\/p>\n<p>Tambi\u00e9n, se comparten experiencias de plantaci\u00f3n, siembra, relocalizaci\u00f3n, reintroducci\u00f3n, a trav\u00e9s de talleres interactivos y salidas de campo.<\/p>\n<p>Los encuentros buscan no solo enriquecer acad\u00e9mica y profesionalmente a los participantes sino tambi\u00e9n, fomentar la interacci\u00f3n con las comunidades locales, en el marco de grandes temas como la gesti\u00f3n del agua, conservaci\u00f3n de ecosistemas e impacto de actividades econ\u00f3micas en la biodiversidad.<\/p>\n<p><span style=\"color: #ff6600;\"><strong>Personas interesadas pueden inscribirse en el siguiente\u00a0link\u00a0<span lang=\"ES\">\u00a0<\/span><\/strong><\/span><\/p>\n<p><a href=\"https:\/\/docs.google.com\/forms\/d\/e\/1FAIpQLSeURS7cqryFomlOgUdsHZ4GDEOPQyUMRMYVsllHsLX6k0ileA\/viewform?pli=1\">https:\/\/docs.google.com\/forms\/d\/e\/1FAIpQLSeURS7cqryFomlOgUdsHZ4GDEOPQyUMRMYVsllHsLX6k0ileA\/viewform?pli=1<\/a><\/p>\n<p><span style=\"color: #ff6600;\"><strong>Para m\u00e1s informaci\u00f3n<\/strong><\/span><\/p>\n<p><a href=\"http:\/\/www.tallerdiagonalarida.unsj.edu.ar\/\" target=\"_blank\" rel=\"noopener noreferrer\">www.tallerdiagonalarida.unsj.edu.ar<\/a><\/p>\n<p>&nbsp;<\/p>\n<p><img loading=\"lazy\" decoding=\"async\" class=\"alignnone size-large wp-image-22761\" src=\"https:\/\/vocesparalelas.com.ar\/sitio\/wp-content\/uploads\/2019\/08\/FCEFN-UNSJ-LOGO-800x600.jpg\" alt=\"\" width=\"800\" height=\"600\" srcset=\"https:\/\/vocesparalelas.com.ar\/sitio\/wp-content\/uploads\/2019\/08\/FCEFN-UNSJ-LOGO-800x600.jpg 800w, https:\/\/vocesparalelas.com.ar\/sitio\/wp-content\/uploads\/2019\/08\/FCEFN-UNSJ-LOGO-300x225.jpg 300w, https:\/\/vocesparalelas.com.ar\/sitio\/wp-content\/uploads\/2019\/08\/FCEFN-UNSJ-LOGO-768x576.jpg 768w, https:\/\/vocesparalelas.com.ar\/sitio\/wp-content\/uploads\/2019\/08\/FCEFN-UNSJ-LOGO.jpg 1000w\" sizes=\"auto, (max-width: 800px) 100vw, 800px\" \/><\/p>\n","protected":false},"excerpt":{"rendered":"<p>La Facultad de Ciencias Exactas, F\u00edsicas y Naturales de la Universidad Nacional de San Juan informa que est\u00e1n abiertas las<\/p>\n","protected":false},"author":3,"featured_media":6984,"comment_status":"closed","ping_status":"closed","sticky":false,"template":"","format":"standard","meta":{"_acf_changed":false,"_seopress_robots_primary_cat":"none","_seopress_titles_title":"","_seopress_titles_desc":"","_seopress_robots_index":"","colormag_page_container_layout":"default_layout","colormag_page_sidebar_layout":"default_layout","footnotes":""},"categories":[9],"tags":[],"class_list":["post-77379","post","type-post","status-publish","format-standard","has-post-thumbnail","hentry","category-cursos"],"acf":[],"_links":{"self":[{"href":"https:\/\/vocesparalelas.com.ar\/sitio\/wp-json\/wp\/v2\/posts\/77379","targetHints":{"allow":["GET"]}}],"collection":[{"href":"https:\/\/vocesparalelas.com.ar\/sitio\/wp-json\/wp\/v2\/posts"}],"about":[{"href":"https:\/\/vocesparalelas.com.ar\/sitio\/wp-json\/wp\/v2\/types\/post"}],"author":[{"embeddable":true,"href":"https:\/\/vocesparalelas.com.ar\/sitio\/wp-json\/wp\/v2\/users\/3"}],"replies":[{"embeddable":true,"href":"https:\/\/vocesparalelas.com.ar\/sitio\/wp-json\/wp\/v2\/comments?post=77379"}],"version-history":[{"count":1,"href":"https:\/\/vocesparalelas.com.ar\/sitio\/wp-json\/wp\/v2\/posts\/77379\/revisions"}],"predecessor-version":[{"id":77382,"href":"https:\/\/vocesparalelas.com.ar\/sitio\/wp-json\/wp\/v2\/posts\/77379\/revisions\/77382"}],"wp:featuredmedia":[{"embeddable":true,"href":"https:\/\/vocesparalelas.com.ar\/sitio\/wp-json\/wp\/v2\/media\/6984"}],"wp:attachment":[{"href":"https:\/\/vocesparalelas.com.ar\/sitio\/wp-json\/wp\/v2\/media?parent=77379"}],"wp:term":[{"taxonomy":"category","embeddable":true,"href":"https:\/\/vocesparalelas.com.ar\/sitio\/wp-json\/wp\/v2\/categories?post=77379"},{"taxonomy":"post_tag","embeddable":true,"href":"https:\/\/vocesparalelas.com.ar\/sitio\/wp-json\/wp\/v2\/tags?post=77379"}],"curies":[{"name":"wp","href":"https:\/\/api.w.org\/{rel}","templated":true}]}}