{"id":77373,"date":"2024-09-27T21:24:37","date_gmt":"2024-09-28T00:24:37","guid":{"rendered":"https:\/\/vocesparalelas.com.ar\/sitio\/?p=77373"},"modified":"2024-09-27T21:30:27","modified_gmt":"2024-09-28T00:30:27","slug":"sesiono-el-parlamento-de-cuyo-para-su-normalizacion-en-mendoza","status":"publish","type":"post","link":"https:\/\/vocesparalelas.com.ar\/sitio\/sesiono-el-parlamento-de-cuyo-para-su-normalizacion-en-mendoza\/","title":{"rendered":"Sesion\u00f3 el Parlamento de Cuyo para su normalizaci\u00f3n en Mendoza"},"content":{"rendered":"<p>En la planta baja del edificio Margarita Malharro de Torres se realiz\u00f3 la reuni\u00f3n plenaria del Parlamento de Cuyo, con la participaci\u00f3n de representantes de Mendoza, San Juan y San Luis. Este encuentro formaliz\u00f3 la renovaci\u00f3n de autoridades y destac\u00f3 la importancia de la cooperaci\u00f3n regional.<\/p>\n<p>La vicegobernadora de Mendoza, Hebe Casado, inaugur\u00f3 la reuni\u00f3n dando la bienvenida a los presentes y a aquellos conectados virtualmente, destacando la relevancia de la integraci\u00f3n de las tres provincias cuyanas para potenciar el trabajo conjunto, especialmente en el \u00e1mbito legislativo. Subray\u00f3 que esta colaboraci\u00f3n es fundamental para avanzar en \u00e1reas clave como el desarrollo productivo y la seguridad.<\/p>\n<p>Posteriormente, el vicegobernador de San Juan, Fabi\u00e1n Mart\u00edn, tambi\u00e9n hizo \u00e9nfasis en la necesidad de unir criterios y compartir experiencias entre las provincias, recordando la similitud entre sus econom\u00edas e idiosincrasias. Resalt\u00f3 que la reactivaci\u00f3n del Parlamento de Cuyo permitir\u00e1 trabajar en conjunto para beneficio de los ciudadanos de las tres provincias.<\/p>\n<p>Por su parte, Andr\u00e9s Lombardi, presidente de la C\u00e1mara de Diputados de Mendoza, destac\u00f3 la historia compartida entre las provincias y la oportunidad de aprender unos de otros. Consider\u00f3 que trabajar como regi\u00f3n, con pol\u00edticas complementarias y unificadas, es clave para enfrentar desaf\u00edos comunes, especialmente en sectores como la vitivinicultura, el turismo y la seguridad. Subray\u00f3 adem\u00e1s la importancia de que los poderes legislativos trabajen de manera articulada para dar sostenibilidad a las pol\u00edticas p\u00fablicas.<\/p>\n<p>El presidente del Parlamento, el senador mendocino Germ\u00e1n Vicchi, agradeci\u00f3 la participaci\u00f3n de los legisladores de San Juan y San Luis y valor\u00f3 el proceso de normalizaci\u00f3n que se est\u00e1 llevando adelante. Expres\u00f3 su esperanza de que este espacio sirva para generar pol\u00edticas locales y regionales que beneficien a todos los habitantes de Cuyo. Asimismo, record\u00f3 que la pr\u00f3xima reuni\u00f3n plenaria ser\u00e1 el 22 de noviembre de 2024 y pidi\u00f3 que las comisiones trabajen activamente en los temas pendientes para esa fecha, consolidando as\u00ed la integraci\u00f3n y el trabajo conjunto entre las provincias.<\/p>\n<p><iframe loading=\"lazy\" title=\"Reuni\u00f3n Plenaria para la Normalizaci\u00f3n del Parlamento de Cuyo  27\/09\/2024\" width=\"800\" height=\"600\" src=\"https:\/\/www.youtube.com\/embed\/ib4skm8Y7po?feature=oembed\" frameborder=\"0\" allow=\"accelerometer; autoplay; clipboard-write; encrypted-media; gyroscope; picture-in-picture; web-share\" referrerpolicy=\"strict-origin-when-cross-origin\" allowfullscreen><\/iframe><\/p>\n<p>Durante la jornada, se abordaron diversos temas clave como la normalizaci\u00f3n del Parlamento y la asunci\u00f3n de nuevas autoridades, adem\u00e1s de la discusi\u00f3n sobre la agenda anual y la incorporaci\u00f3n de nuevos asuntos. Asimismo, se establecieron pautas para coordinar acciones regionales en \u00e1reas que incluyen el desarrollo humano, la infraestructura y la protecci\u00f3n de los recursos naturales.<\/p>\n<p>El Parlamento de Cuyo estar\u00e1 integrado por diferentes comisiones y foros especializados, encargados de tratar temas fundamentales para la regi\u00f3n. Las comisiones permanentes abarcar\u00e1n \u00e1reas como legislaci\u00f3n y asuntos constitucionales, desarrollo humano, relaciones internacionales e integraci\u00f3n, entre otros. Estas comisiones trabajar\u00e1n en la revisi\u00f3n y tratamiento de propuestas que impactan en las tres provincias que conforman la regi\u00f3n de Cuyo.<\/p>\n<p>Adem\u00e1s de las comisiones permanentes, se formaron comisiones ad hoc para atender cuestiones puntuales, como la creaci\u00f3n de un protocolo operativo para situaciones de cat\u00e1strofes o la elaboraci\u00f3n de un mapa actualizado sobre las plagas existentes en la regi\u00f3n. Estos espacios permitir\u00e1n una mejor preparaci\u00f3n y respuesta ante posibles emergencias, as\u00ed como una mayor coordinaci\u00f3n en temas relacionados con el desarrollo agr\u00edcola y la sanidad de los cultivos.<\/p>\n<p>Los foros del Parlamento, que tambi\u00e9n estar\u00e1n activos, se centrar\u00e1n en el impulso de proyectos estrat\u00e9gicos para el crecimiento y la integraci\u00f3n regional. El foro de los corredores bioce\u00e1nicos y pasos fronterizos ser\u00e1 clave para optimizar el tr\u00e1nsito comercial entre Argentina y Chile a trav\u00e9s de los pasos como Cristo Redentor, Pehuenche y Las Le\u00f1as, mejorando la conectividad y fomentando el comercio internacional. El foro de la mujer, por su parte, estar\u00e1 dedicado a promover la igualdad de g\u00e9nero y el empoderamiento femenino en la regi\u00f3n, mientras que el foro de la juventud buscar\u00e1 involucrar a los j\u00f3venes en el desarrollo de pol\u00edticas que reflejen sus inquietudes y aspiraciones.<\/p>\n<p>Finalmente, se cre\u00f3 un Consejo Consultivo que tendr\u00e1 un rol asesor dentro del Parlamento, aportando ideas y propuestas que contribuir\u00e1n al dise\u00f1o de pol\u00edticas p\u00fablicas regionales. La pr\u00f3xima reuni\u00f3n plenaria se celebrar\u00e1 el 22 de noviembre de 2024, de acuerdo con lo estipulado en el estatuto del Parlamento de Cuyo, consolidando el compromiso de las provincias de trabajar en conjunto por el bienestar de la regi\u00f3n.<\/p>\n<p>El encuentro concluy\u00f3 con un renovado compromiso de fortalecer la colaboraci\u00f3n entre Mendoza, San Juan y San Luis, con el objetivo de impulsar legislaciones conjuntas que promuevan el desarrollo regional en beneficio de todos los cuyanos.<\/p>\n<p><span style=\"color: #800080;\"><strong>Miembros del Parlamento de Cuyo y sus Comisiones<\/strong><\/span><\/p>\n<ul>\n<li>El Parlamento de Cuyo qued\u00f3 conformado por autoridades y representantes de las tres provincias, quienes tendr\u00e1n a su cargo diferentes \u00e1reas de trabajo.<\/li>\n<\/ul>\n<p><span style=\"color: #800080;\"><strong><u>Autoridades Principales<\/u><\/strong><\/span><\/p>\n<p><span style=\"color: #800080;\"><strong>Presidentes Honorarios (2024-2026):<\/strong><\/span><\/p>\n<ul>\n<li>Fabi\u00e1n Martin (San Juan )\u2013 Hebe Casado (Mendoza)\u2013 Ricardo Endeiza (San Luis)<\/li>\n<\/ul>\n<p><span style=\"color: #800080;\"><strong>Presidente del Parlamento<\/strong><strong>:<\/strong><\/span><\/p>\n<ul>\n<li>Legislador Germ\u00e1n Vicchi (Mendoza)<\/li>\n<\/ul>\n<p><span style=\"color: #800080;\"><strong>Vicepresidentes<\/strong><\/span><\/p>\n<ul>\n<li>Legisladores Walter Marcolini y Ver\u00f3nica Valverde (Mendoza), Silvia Sosa Araujo y Francisco Ivar Irusta (San Luis), Juan de la Cruz C\u00f3rdoba y Enzo Ariel Cornejo (San Juan)<\/li>\n<\/ul>\n<p><span style=\"color: #800080;\"><strong>Secretario Permanente<\/strong><\/span><\/p>\n<ul>\n<li>Hip\u00f3lito Riveira (Mendoza)<\/li>\n<\/ul>\n<p><span style=\"color: #800080;\"><strong><u>Comisiones Permanentes<\/u><\/strong><\/span><\/p>\n<p><span style=\"color: #800080;\"><strong>El trabajo se dividir\u00e1 en varias comisiones permanentes, que estar\u00e1n encargadas de \u00e1reas espec\u00edficas<\/strong><\/span><\/p>\n<p><span style=\"color: #800080;\"><strong>Legislaci\u00f3n y Asuntos Constitucionales<\/strong><\/span><\/p>\n<ul>\n<li>Presidida por Alejandro Diumenjo (Mendoza), con Pedro Serra como vicepresidente.<\/li>\n<\/ul>\n<p><span style=\"color: #800080;\"><strong>Desarrollo Humano (Deporte, Salud, Educaci\u00f3n y Cultura)<\/strong><\/span><\/p>\n<ul>\n<li>Presidida por Claudia Najul (Mendoza), con Helio Pervi\u00fa como vicepresidente.<\/li>\n<\/ul>\n<p><span style=\"color: #800080;\"><strong>Relaciones Internacionales e Integraci\u00f3n<\/strong><\/span><\/p>\n<ul>\n<li>Presidida por Juan de la Cruz C\u00f3rdoba (San Juan), con Sol Salinas como vicepresidente.<\/li>\n<\/ul>\n<p><span style=\"color: #800080;\"><strong>Econom\u00eda, Producci\u00f3n y Empleo<\/strong><\/span><\/p>\n<ul>\n<li>Presidida por Mar\u00eda Rita Lascano (San Juan), con Alejandra Natalia Leonardo como vicepresidenta.<\/li>\n<\/ul>\n<p><span style=\"color: #800080;\"><strong>Medio Ambiente y Recursos Naturales<\/strong><\/span><\/p>\n<ul>\n<li>A\u00fan sin definir sus autoridades.<\/li>\n<\/ul>\n<p><span style=\"color: #800080;\"><strong><u>Comisiones Ad Hoc<\/u><\/strong><\/span><\/p>\n<ul>\n<li>Adem\u00e1s, se conformaron comisiones ad hoc para temas puntuales que requieren coordinaci\u00f3n regional:<\/li>\n<\/ul>\n<p><span style=\"color: #800080;\"><strong>Protocolo Operativo ante Cat\u00e1strofes<\/strong><\/span><\/p>\n<ul>\n<li>Presidida por Gerardo Vaquer (Mendoza).<\/li>\n<\/ul>\n<p><span style=\"color: #800080;\"><strong>Mapa de Plagas Regionales<\/strong><\/span><\/p>\n<ul>\n<li>Presidida por Daniel Llaver (Mendoza).<\/li>\n<\/ul>\n<p><span style=\"color: #800080;\"><strong><u>Foros Tem\u00e1ticos<\/u><\/strong><\/span><\/p>\n<ul>\n<li>El Parlamento tambi\u00e9n contar\u00e1 con foros especializados para tratar temas de inter\u00e9s regional:<\/li>\n<\/ul>\n<p><span style=\"color: #800080;\"><strong>Corredores Bioce\u00e1nicos y Pasos Fronterizos<\/strong><\/span><\/p>\n<ul>\n<li>Varios pasos internacionales estar\u00e1n bajo la coordinaci\u00f3n de diferentes legisladores, como Walter Marcolini para el Paso Pehuenche, Ariel Pringles para el Paso Las Le\u00f1as, y Gimena Cogo para el Paso Planch\u00f3n Vergara.<\/li>\n<\/ul>\n<p><span style=\"color: #800080;\"><strong>Foro de la Mujer<\/strong><\/span><\/p>\n<ul>\n<li>Representado por las legisladoras Adriana Cano y Valentina Mor\u00e1n (Mendoza), M\u00f3nica Beatriz Gonz\u00e1lez y Alejandra Natalia Leonardo (San Juan), y a\u00fan por designar representantes de San Luis.<\/li>\n<\/ul>\n<p><span style=\"color: #800080;\"><strong>Foro de la Juventud<\/strong><\/span><\/p>\n<ul>\n<li>Con Giuliana D\u00edaz y Gabriel Pradines (Mendoza), Carlos Gustavo Jaime Quiroga y Mar\u00eda Rita Lascano (San Juan), y a\u00fan por definir en San Luis.<\/li>\n<\/ul>\n<p>&nbsp;<\/p>\n<p><img loading=\"lazy\" decoding=\"async\" class=\"alignnone size-full wp-image-77377\" src=\"https:\/\/vocesparalelas.com.ar\/sitio\/wp-content\/uploads\/2024\/09\/PARLAMENTO-VICEGOBERNADORES-01.jpg\" alt=\"\" width=\"800\" height=\"533\" srcset=\"https:\/\/vocesparalelas.com.ar\/sitio\/wp-content\/uploads\/2024\/09\/PARLAMENTO-VICEGOBERNADORES-01.jpg 800w, https:\/\/vocesparalelas.com.ar\/sitio\/wp-content\/uploads\/2024\/09\/PARLAMENTO-VICEGOBERNADORES-01-300x200.jpg 300w, https:\/\/vocesparalelas.com.ar\/sitio\/wp-content\/uploads\/2024\/09\/PARLAMENTO-VICEGOBERNADORES-01-768x512.jpg 768w\" sizes=\"auto, (max-width: 800px) 100vw, 800px\" \/><\/p>\n<p>&nbsp;<\/p>\n","protected":false},"excerpt":{"rendered":"<p>En la planta baja del edificio Margarita Malharro de Torres se realiz\u00f3 la reuni\u00f3n plenaria del Parlamento de Cuyo, con<\/p>\n","protected":false},"author":3,"featured_media":77376,"comment_status":"closed","ping_status":"closed","sticky":false,"template":"","format":"standard","meta":{"_acf_changed":false,"_seopress_robots_primary_cat":"none","_seopress_titles_title":"","_seopress_titles_desc":"","_seopress_robots_index":"","colormag_page_container_layout":"default_layout","colormag_page_sidebar_layout":"default_layout","footnotes":""},"categories":[1,7],"tags":[],"class_list":["post-77373","post","type-post","status-publish","format-standard","has-post-thumbnail","hentry","category-destacadas","category-videos"],"acf":[],"_links":{"self":[{"href":"https:\/\/vocesparalelas.com.ar\/sitio\/wp-json\/wp\/v2\/posts\/77373","targetHints":{"allow":["GET"]}}],"collection":[{"href":"https:\/\/vocesparalelas.com.ar\/sitio\/wp-json\/wp\/v2\/posts"}],"about":[{"href":"https:\/\/vocesparalelas.com.ar\/sitio\/wp-json\/wp\/v2\/types\/post"}],"author":[{"embeddable":true,"href":"https:\/\/vocesparalelas.com.ar\/sitio\/wp-json\/wp\/v2\/users\/3"}],"replies":[{"embeddable":true,"href":"https:\/\/vocesparalelas.com.ar\/sitio\/wp-json\/wp\/v2\/comments?post=77373"}],"version-history":[{"count":1,"href":"https:\/\/vocesparalelas.com.ar\/sitio\/wp-json\/wp\/v2\/posts\/77373\/revisions"}],"predecessor-version":[{"id":77378,"href":"https:\/\/vocesparalelas.com.ar\/sitio\/wp-json\/wp\/v2\/posts\/77373\/revisions\/77378"}],"wp:featuredmedia":[{"embeddable":true,"href":"https:\/\/vocesparalelas.com.ar\/sitio\/wp-json\/wp\/v2\/media\/77376"}],"wp:attachment":[{"href":"https:\/\/vocesparalelas.com.ar\/sitio\/wp-json\/wp\/v2\/media?parent=77373"}],"wp:term":[{"taxonomy":"category","embeddable":true,"href":"https:\/\/vocesparalelas.com.ar\/sitio\/wp-json\/wp\/v2\/categories?post=77373"},{"taxonomy":"post_tag","embeddable":true,"href":"https:\/\/vocesparalelas.com.ar\/sitio\/wp-json\/wp\/v2\/tags?post=77373"}],"curies":[{"name":"wp","href":"https:\/\/api.w.org\/{rel}","templated":true}]}}