{"id":77324,"date":"2024-09-25T20:06:53","date_gmt":"2024-09-25T23:06:53","guid":{"rendered":"https:\/\/vocesparalelas.com.ar\/sitio\/?p=77324"},"modified":"2024-09-26T22:20:26","modified_gmt":"2024-09-27T01:20:26","slug":"disfruta-de-espectaculos-de-musica-y-danza-en-san-juan","status":"publish","type":"post","link":"https:\/\/vocesparalelas.com.ar\/sitio\/disfruta-de-espectaculos-de-musica-y-danza-en-san-juan\/","title":{"rendered":"Disfruta de espect\u00e1culos de m\u00fasica y danza en San Juan"},"content":{"rendered":"<p>Como cada fin de semana los diferentes espacios culturales de San Juan ofrece un amplio abanico de actividades para poder disfrutar de los d\u00edas de descanso en familia o con amigos. En esta oportunidad, la propuesta de la agenda cultural de San Juan comienza el Viernes, 27 de Septiembre y se extiende hasta el Domingo, 29 de Septiembre, despidiendo el mes de la primavera.<\/p>\n<p><strong><span style=\"color: #993300;\">Programa<\/span><\/strong><\/p>\n<ul>\n<li>Viernes, 27 de Septiembre, por la noche la Sala Audit\u00f3rium del Teatro del Bicentenario se llena de m\u00fasica de la mano del artista sanjuanino Fabricio Montilla que estar\u00e1 presentando \u201cEncendido\u201d, su sexto disco. Este nuevo trabajo explora diferentes g\u00e9neros musicales como el house, pop, R&amp;B, indie y reggaet\u00f3n. De la presentaci\u00f3n, que comienza a las 21.30 hs., tambi\u00e9n estar\u00e1n participando la cantante Esha, la bailarina Julieta Nardi y la banda Fondo de Bikini. Las entradas, con un valor de $4.000, se podr\u00e1n adquirir en boleter\u00eda del lugar o a trav\u00e9s de <a href=\"https:\/\/www.tuentrada.com\/eventos\/detalle\/fabriciomontilla-tbsj\/665068309026\">TuEntrada.com<\/a><\/li>\n<li>Para quienes disfrutan de la m\u00fasica sinf\u00f3nica, el\u00a0Auditorio Juan Victoria acerca la propuesta \u201cDe los Beatles al pop espa\u00f1ol sinf\u00f3nico\u201d de la mano de la\u00a0Orquesta Sinf\u00f3nica\u00a0con la direcci\u00f3n de Juan Jos\u00e9 Garc\u00eda Caffi. El repertorio incluye un repaso por las canciones m\u00e1s ic\u00f3nicas del g\u00e9nero y la banda brit\u00e1nica. El evento ser\u00e1 este viernes 27 a partir de las 21.30 con entrada libre, gratuita y abierta a todo p\u00fablico.<\/li>\n<li>Para quienes gustan de la expresi\u00f3n de los cuerpos a trav\u00e9s de la danza, en el hall del Teatro del Bicentenario se presentar\u00e1 la muestra \u201cDise\u00f1ando en el Espacio\u201d. Se trata de la culminaci\u00f3n del laboratorio de danza contempor\u00e1nea a cargo de la maestra Margarita Wolf. Con entrada libre y gratuita, los interesados podr\u00e1n acercarse por el lugar desde las 17 el S\u00e1bado.<\/li>\n<li>S\u00e1bado, 28 de Septiembre, al Centro Cultural Conte Grand llega con \u201cNoche Intercultural\u201d, un espacio dedicado a la posibilidad de intercambiar de lenguaje, tradiciones y gastronom\u00eda con diferentes culturas. El evento es libre y gratuito y comenzar\u00e1 a las 18 y se extender\u00e1 hasta las 22.<\/li>\n<li>S\u00e1bado, 28 de Septiembre, el Teatro Sarmiento recibe a \u201cEclipse\u201d, la banda tributo a Pink Floyd para presentar The Wall, el ic\u00f3nico disco lanzado hace 40 a\u00f1os. Los fan\u00e1ticos de la banda inglesa podr\u00e1n disfrutar de 90 minutos con las mejores canciones del grupo. Las entradas tienen un costo dependiendo la ubicaci\u00f3n y arrancan a partir de los $12.000 hasta los $18.000. Se podr\u00e1n comprar por Entradaweb.com<\/li>\n<li>En el Auditorio Juan Victoria se presentar\u00e1 \u201cTipicamente Sanjuanino\u201d, con la puesta en escena de la Orquesta T\u00edpica San Juan, acompa\u00f1ando a los cantantes Hugo C\u00e1rdenas, Flor Tomassini y Eduardo M\u00e1rquez. La invitaci\u00f3n es para el pr\u00f3ximo s\u00e1bado a partir de las 21.30 y la entrada tendr\u00e1 un costo de $4.000 que se podr\u00e1 comprar en boleter\u00eda del lugar.<\/li>\n<li>En la Sala Audit\u00f3rium del Teatro del Bicentenario se presenta \u201cTablao flamenco y copla\u201d, a cargo de la compa\u00f1\u00eda de danza Aires de C\u00e1diz junto al grupo musical de Mariana Clemens\u00f3. En esta oportunidad se fusionar\u00e1 lo mejor de la danza y m\u00fasica espa\u00f1ola. Los artistas se presentar\u00e1n el d\u00eda s\u00e1bado y subir\u00e1n a escena a las 22. Las entradas, con un valor de $8.000, se podr\u00e1n adquirir en boleter\u00eda del lugar o a trav\u00e9s de TuEntrada.com<\/li>\n<li>Para cerrar el fin de semana, el artista sanjuanino Lucas Sastriques, presentar\u00e1 en el Teatro Sarmiento este domingo 29 a las 21 su nuevo trabajo titulado \u201cTodo empieza a tu manera\u201d, explorando los g\u00e9neros del pop y el rock. Durante el show, participar\u00e1n tambi\u00e9n como invitados la banda \u201cDespacho Urgente\u201d y la bailarina Valle Montes. Quienes deseen asistir, podr\u00e1n comprar su entrada en avantti.io y tendr\u00e1n un valor de $5.700.<\/li>\n<\/ul>\n","protected":false},"excerpt":{"rendered":"<p>Como cada fin de semana los diferentes espacios culturales de San Juan ofrece un amplio abanico de actividades para poder<\/p>\n","protected":false},"author":3,"featured_media":1815,"comment_status":"closed","ping_status":"closed","sticky":false,"template":"","format":"standard","meta":{"_acf_changed":false,"_seopress_robots_primary_cat":"none","_seopress_titles_title":"","_seopress_titles_desc":"","_seopress_robots_index":"","colormag_page_container_layout":"default_layout","colormag_page_sidebar_layout":"default_layout","footnotes":""},"categories":[20],"tags":[],"class_list":["post-77324","post","type-post","status-publish","format-standard","has-post-thumbnail","hentry","category-cartelera"],"acf":[],"_links":{"self":[{"href":"https:\/\/vocesparalelas.com.ar\/sitio\/wp-json\/wp\/v2\/posts\/77324","targetHints":{"allow":["GET"]}}],"collection":[{"href":"https:\/\/vocesparalelas.com.ar\/sitio\/wp-json\/wp\/v2\/posts"}],"about":[{"href":"https:\/\/vocesparalelas.com.ar\/sitio\/wp-json\/wp\/v2\/types\/post"}],"author":[{"embeddable":true,"href":"https:\/\/vocesparalelas.com.ar\/sitio\/wp-json\/wp\/v2\/users\/3"}],"replies":[{"embeddable":true,"href":"https:\/\/vocesparalelas.com.ar\/sitio\/wp-json\/wp\/v2\/comments?post=77324"}],"version-history":[{"count":1,"href":"https:\/\/vocesparalelas.com.ar\/sitio\/wp-json\/wp\/v2\/posts\/77324\/revisions"}],"predecessor-version":[{"id":77327,"href":"https:\/\/vocesparalelas.com.ar\/sitio\/wp-json\/wp\/v2\/posts\/77324\/revisions\/77327"}],"wp:featuredmedia":[{"embeddable":true,"href":"https:\/\/vocesparalelas.com.ar\/sitio\/wp-json\/wp\/v2\/media\/1815"}],"wp:attachment":[{"href":"https:\/\/vocesparalelas.com.ar\/sitio\/wp-json\/wp\/v2\/media?parent=77324"}],"wp:term":[{"taxonomy":"category","embeddable":true,"href":"https:\/\/vocesparalelas.com.ar\/sitio\/wp-json\/wp\/v2\/categories?post=77324"},{"taxonomy":"post_tag","embeddable":true,"href":"https:\/\/vocesparalelas.com.ar\/sitio\/wp-json\/wp\/v2\/tags?post=77324"}],"curies":[{"name":"wp","href":"https:\/\/api.w.org\/{rel}","templated":true}]}}