{"id":77319,"date":"2024-09-25T20:58:16","date_gmt":"2024-09-25T23:58:16","guid":{"rendered":"https:\/\/vocesparalelas.com.ar\/sitio\/?p=77319"},"modified":"2024-09-27T00:23:22","modified_gmt":"2024-09-27T03:23:22","slug":"bomberos-de-la-policia-de-san-juan-se-suman-a-combatir-los-incendios-forestales-en-provincia-de-cordoba","status":"publish","type":"post","link":"https:\/\/vocesparalelas.com.ar\/sitio\/bomberos-de-la-policia-de-san-juan-se-suman-a-combatir-los-incendios-forestales-en-provincia-de-cordoba\/","title":{"rendered":"Bomberos de la Polic\u00eda de San Juan se suman a combatir los incendios forestales en Provincia de C\u00f3rdoba"},"content":{"rendered":"<p>En un gesto de solidaridad, un grupo de bomberos de la Polic\u00eda de San Juan e integrantes de Protecci\u00f3n Civil han viajado a la Provincia de C\u00f3rdoba para sumarse a las labores de combate contra los incendios forestales que est\u00e1n devastando extensas \u00e1reas de terreno.<\/p>\n<p>La partida del contingente, conformado por personal altamente capacitado con equipamiento especiales, se llev\u00f3 a cabo en la madrugada del Mi\u00e9rcoles 25 de septiembre, con la finalidad de brindar apoyo a los equipos locales que, en este momento cr\u00edtico, se encuentran trabajando incansablemente para controlar las llamas y proteger a las comunidades afectadas.<\/p>\n<p><iframe loading=\"lazy\" title=\"BOMBEROS SAN JUAN\" width=\"800\" height=\"450\" src=\"https:\/\/www.youtube.com\/embed\/IXAKILcpHpQ?feature=oembed\" frameborder=\"0\" allow=\"accelerometer; autoplay; clipboard-write; encrypted-media; gyroscope; picture-in-picture; web-share\" referrerpolicy=\"strict-origin-when-cross-origin\" allowfullscreen><\/iframe><\/p>\n<p>Los incendios en C\u00f3rdoba han generado preocupaci\u00f3n y urgencia, con m\u00faltiples focos activos que amenazan la fauna, la flora y la seguridad de los habitantes de la zona. Ante esta situaci\u00f3n, la colaboraci\u00f3n de expertos en el manejo de incendios se torna indispensable. El equipo de San Juan aporta no solo recursos humanos, sino tambi\u00e9n tecnolog\u00eda y equipamiento especializado que facilitar\u00e1 las labores de extinci\u00f3n.<\/p>\n<p>Desde la Polic\u00eda de San Juan se expres\u00f3: \u00abEstamos aqu\u00ed para ayudar. Es nuestra responsabilidad como bomberos y ciudadanos solidarios colaborar en situaciones de emergencia, m\u00e1s a\u00fan cuando la naturaleza y la comunidad necesitan de nuestra intervenci\u00f3n\u00bb.<\/p>\n<p>El Gobierno de San Juan ha manifestado su apoyo y ha instado a la comunidad a seguir de cerca el desarrollo de los acontecimientos, recordando la importancia de la prevenci\u00f3n y la concienciaci\u00f3n sobre el cuidado del entorno natural.<\/p>\n","protected":false},"excerpt":{"rendered":"<p>En un gesto de solidaridad, un grupo de bomberos de la Polic\u00eda de San Juan e integrantes de Protecci\u00f3n Civil<\/p>\n","protected":false},"author":3,"featured_media":77322,"comment_status":"closed","ping_status":"closed","sticky":false,"template":"","format":"standard","meta":{"_acf_changed":false,"_seopress_robots_primary_cat":"none","_seopress_titles_title":"","_seopress_titles_desc":"","_seopress_robots_index":"","colormag_page_container_layout":"default_layout","colormag_page_sidebar_layout":"default_layout","footnotes":""},"categories":[6,7],"tags":[],"class_list":["post-77319","post","type-post","status-publish","format-standard","has-post-thumbnail","hentry","category-eventos","category-videos"],"acf":[],"_links":{"self":[{"href":"https:\/\/vocesparalelas.com.ar\/sitio\/wp-json\/wp\/v2\/posts\/77319","targetHints":{"allow":["GET"]}}],"collection":[{"href":"https:\/\/vocesparalelas.com.ar\/sitio\/wp-json\/wp\/v2\/posts"}],"about":[{"href":"https:\/\/vocesparalelas.com.ar\/sitio\/wp-json\/wp\/v2\/types\/post"}],"author":[{"embeddable":true,"href":"https:\/\/vocesparalelas.com.ar\/sitio\/wp-json\/wp\/v2\/users\/3"}],"replies":[{"embeddable":true,"href":"https:\/\/vocesparalelas.com.ar\/sitio\/wp-json\/wp\/v2\/comments?post=77319"}],"version-history":[{"count":1,"href":"https:\/\/vocesparalelas.com.ar\/sitio\/wp-json\/wp\/v2\/posts\/77319\/revisions"}],"predecessor-version":[{"id":77323,"href":"https:\/\/vocesparalelas.com.ar\/sitio\/wp-json\/wp\/v2\/posts\/77319\/revisions\/77323"}],"wp:featuredmedia":[{"embeddable":true,"href":"https:\/\/vocesparalelas.com.ar\/sitio\/wp-json\/wp\/v2\/media\/77322"}],"wp:attachment":[{"href":"https:\/\/vocesparalelas.com.ar\/sitio\/wp-json\/wp\/v2\/media?parent=77319"}],"wp:term":[{"taxonomy":"category","embeddable":true,"href":"https:\/\/vocesparalelas.com.ar\/sitio\/wp-json\/wp\/v2\/categories?post=77319"},{"taxonomy":"post_tag","embeddable":true,"href":"https:\/\/vocesparalelas.com.ar\/sitio\/wp-json\/wp\/v2\/tags?post=77319"}],"curies":[{"name":"wp","href":"https:\/\/api.w.org\/{rel}","templated":true}]}}