{"id":77310,"date":"2024-09-25T21:17:44","date_gmt":"2024-09-26T00:17:44","guid":{"rendered":"https:\/\/vocesparalelas.com.ar\/sitio\/?p=77310"},"modified":"2024-09-26T00:18:59","modified_gmt":"2024-09-26T03:18:59","slug":"el-19-operativo-integral-de-san-juan-se-desarrollo-en-el-departamento-rivadavia","status":"publish","type":"post","link":"https:\/\/vocesparalelas.com.ar\/sitio\/el-19-operativo-integral-de-san-juan-se-desarrollo-en-el-departamento-rivadavia\/","title":{"rendered":"El 19\u00b0 Operativo Integral de San Juan se desarroll\u00f3 en el Departamento Rivadavia"},"content":{"rendered":"<p>El Mi\u00e9rcoles, 25 de Septiembre, el 19\u00b0 Operativo Integral de San Juan se desarroll\u00f3 en el Departamento Rivadavia, en la Escuela Nuevo Cuyo, Localidad La Bebida.<\/p>\n<p>En esta oportunidad, acompa\u00f1\u00f3 el gobernador de San Juan, Dr. Marcelo Orrego al Operativo Integral, coordinado por el Ministerio de Familia y Desarrollo Humano, en el que participan las distintas \u00e1reas del Gobierno.<\/p>\n<p>Es as\u00ed que el Gobernador, Dr. Marcelo Orrego remarc\u00f3 que \u00abla importancia de acercar servicios a los distintos puntos de la provincia y de poner a consideraci\u00f3n tr\u00e1mites que se pueden desarrollar en el Centro C\u00edvico, y ahora lo pueden hacer en el Operativo Integral, que son abordajes territoriales con asesoramiento de las reparticiones del estado\u201d.<\/p>\n<p>\u201cEstamos convencidos que el estado debe llegar a cada rinc\u00f3n de San Juan y por eso lo hacemos en las localidades m\u00e1s alejadas\u201d<\/p>\n<p>\u00abParticipar de cada operativo para mi es una oportunidad de estar con la gente, abrir las orejas, escuchar. En estos momentos complejos siempre es importante estar a la altura de las circunstancias\u201d &#8211; sintetiz\u00f3 el Gobernador, Dr. Marcelo Orrego.<\/p>\n<p>Durante la jornada del operativo, los vecinos pueden acceder a una amplia gama de servicios y asesoramiento en programas sociales y asistenciales, atenci\u00f3n m\u00e9dica general, controles pedi\u00e1tricos, cardiovasculares y ginecol\u00f3gicos. Adem\u00e1s, podr\u00e1n recibir ayuda sobre el EPRE con Tarifa Social, Rentas, Moratorias, capacitaci\u00f3n y formaci\u00f3n profesional, asesoramiento en seguridad y prevenci\u00f3n, actividades recreativas y deportivas.<\/p>\n<p>En esta oportunidad, la Direcci\u00f3n de Pol\u00edticas para Personas mayores pondr\u00e1 a disposici\u00f3n de la comunidad un taller denominado \u201cArte y emociones\u201d.<\/p>\n<p>Lo acompa\u00f1aron el vicegobernador, Dr. Fabi\u00e1n Mart\u00edn, la ministra de Gobierno, Dra. Laura Palma; el ministro de Familia y Desarrollo Humano, Prof. Carlos Platero; el ministro de Salud, Dr. Amilcar Dobladez, el secretario de Seguridad, Dr. Gustavo S\u00e1nchez, el intendente de Rivadavia, Sergio Miodowsky y dem\u00e1s autoridades.<\/p>\n<p><iframe loading=\"lazy\" title=\"Rivadavia fue epicentro de 19\u00b0 Operativo Integral\" width=\"800\" height=\"450\" src=\"https:\/\/www.youtube.com\/embed\/lrVPdxjvTNU?feature=oembed\" frameborder=\"0\" allow=\"accelerometer; autoplay; clipboard-write; encrypted-media; gyroscope; picture-in-picture; web-share\" referrerpolicy=\"strict-origin-when-cross-origin\" allowfullscreen><\/iframe><\/p>\n<p>&nbsp;<\/p>\n<p>&nbsp;<\/p>\n<p>&nbsp;<\/p>\n","protected":false},"excerpt":{"rendered":"<p>El Mi\u00e9rcoles, 25 de Septiembre, el 19\u00b0 Operativo Integral de San Juan se desarroll\u00f3 en el Departamento Rivadavia, en la<\/p>\n","protected":false},"author":3,"featured_media":77313,"comment_status":"closed","ping_status":"closed","sticky":false,"template":"","format":"standard","meta":{"_acf_changed":false,"_seopress_robots_primary_cat":"none","_seopress_titles_title":"","_seopress_titles_desc":"","_seopress_robots_index":"","colormag_page_container_layout":"default_layout","colormag_page_sidebar_layout":"default_layout","footnotes":""},"categories":[1,7],"tags":[],"class_list":["post-77310","post","type-post","status-publish","format-standard","has-post-thumbnail","hentry","category-destacadas","category-videos"],"acf":[],"_links":{"self":[{"href":"https:\/\/vocesparalelas.com.ar\/sitio\/wp-json\/wp\/v2\/posts\/77310","targetHints":{"allow":["GET"]}}],"collection":[{"href":"https:\/\/vocesparalelas.com.ar\/sitio\/wp-json\/wp\/v2\/posts"}],"about":[{"href":"https:\/\/vocesparalelas.com.ar\/sitio\/wp-json\/wp\/v2\/types\/post"}],"author":[{"embeddable":true,"href":"https:\/\/vocesparalelas.com.ar\/sitio\/wp-json\/wp\/v2\/users\/3"}],"replies":[{"embeddable":true,"href":"https:\/\/vocesparalelas.com.ar\/sitio\/wp-json\/wp\/v2\/comments?post=77310"}],"version-history":[{"count":1,"href":"https:\/\/vocesparalelas.com.ar\/sitio\/wp-json\/wp\/v2\/posts\/77310\/revisions"}],"predecessor-version":[{"id":77314,"href":"https:\/\/vocesparalelas.com.ar\/sitio\/wp-json\/wp\/v2\/posts\/77310\/revisions\/77314"}],"wp:featuredmedia":[{"embeddable":true,"href":"https:\/\/vocesparalelas.com.ar\/sitio\/wp-json\/wp\/v2\/media\/77313"}],"wp:attachment":[{"href":"https:\/\/vocesparalelas.com.ar\/sitio\/wp-json\/wp\/v2\/media?parent=77310"}],"wp:term":[{"taxonomy":"category","embeddable":true,"href":"https:\/\/vocesparalelas.com.ar\/sitio\/wp-json\/wp\/v2\/categories?post=77310"},{"taxonomy":"post_tag","embeddable":true,"href":"https:\/\/vocesparalelas.com.ar\/sitio\/wp-json\/wp\/v2\/tags?post=77310"}],"curies":[{"name":"wp","href":"https:\/\/api.w.org\/{rel}","templated":true}]}}