{"id":77293,"date":"2024-09-25T20:50:23","date_gmt":"2024-09-25T23:50:23","guid":{"rendered":"https:\/\/vocesparalelas.com.ar\/sitio\/?p=77293"},"modified":"2024-09-25T23:37:47","modified_gmt":"2024-09-26T02:37:47","slug":"en-el-hospital-dr-marcial-quiroga-de-san-juan-inauguraron-el-resonador-de-avanzada-clave-para-el-diagnostico-por-imagen","status":"publish","type":"post","link":"https:\/\/vocesparalelas.com.ar\/sitio\/en-el-hospital-dr-marcial-quiroga-de-san-juan-inauguraron-el-resonador-de-avanzada-clave-para-el-diagnostico-por-imagen\/","title":{"rendered":"En el Hospital Dr Marcial Quiroga de San Juan inauguraron el Resonador de avanzada, clave para el diagn\u00f3stico por imagen"},"content":{"rendered":"<p>El Mi\u00e9rcoles, 25 de Septiembre, se inaugur\u00f3 y puso en funcionamiento del Resonador de tecnolog\u00eda de avanzada, en el Hospital Dr. Marcial Quiroga, en San Juan.<\/p>\n<p>Del acto participaron el gobernador Dr. Marcelo Orrego; el vicegobernador, Dr. Fabi\u00e1n Mart\u00edn; el ministro de Salud, Dr. Amilcar Dobladez, el intendente de la Municipalidad de Rivadavia, Sergio Miodowsky; autoridades del centro de salud.<\/p>\n<p>A la salida del espacio donde se encuentra el Resonador, gobernador de San Juan, Dr. Marcelo Orrego explic\u00f3 que \u00abhoy hemos habilitado un resonador magn\u00e9tico de \u00faltima generaci\u00f3n, un paso significativo para la salud delos pacientes. Mi objetivo es asegurar que cada ciudadano de San Juan tenga acceso a servicios de salud eficientes y de calidad. Este equipo es clave para obtener diagn\u00f3sticos precisos y tratamientos adecuados, con caracter\u00edsticas \u00fanicas en la provincia que benefician tanto a pacientes con obesidad como a aquellos con diversas patolog\u00edas\u201d.<\/p>\n<p><iframe loading=\"lazy\" title=\"HMQ SAN JUAN GOBERNADOR DR MARCELO ORREGO\" width=\"800\" height=\"450\" src=\"https:\/\/www.youtube.com\/embed\/qi7PKv4oUtQ?feature=oembed\" frameborder=\"0\" allow=\"accelerometer; autoplay; clipboard-write; encrypted-media; gyroscope; picture-in-picture; web-share\" referrerpolicy=\"strict-origin-when-cross-origin\" allowfullscreen><\/iframe><\/p>\n<p>El resonador, ubicado en el Hospital Dr. Marcial Quiroga, se suma al del Hospital Dr. Guillermo Rawson, lo que permite avanzar en la misi\u00f3n de reducir tiempos de espera y mejorar la atenci\u00f3n sanitaria. \u201cHa sido un proceso que ha requerido tiempo y esfuerzo, pero quiero agradecer al personal que ha trabajado arduamente para que esto sea posible. Hemos incorporado personal especializado para garantizar diagn\u00f3sticos precisos y una atenci\u00f3n m\u00e1s humana. Este avance no es solo un logro tecnol\u00f3gico, sino una mejora real en la calidad de vida de nuestros habitantes\u201d.<\/p>\n<p>Luego, el ministro de Salud, Dr. Amilcar Dobladez, subray\u00f3 que \u201ceste equipo nos va a permitir empezar con 600 estudios mensuales y de alta tecnolog\u00eda, con estudios cardiol\u00f3gicos, estudios de punci\u00f3n mamogr\u00e1fica para detecci\u00f3n temprana del c\u00e1ncer de mama. Estamos incorporando tecnolog\u00eda de \u00faltima generaci\u00f3n\u00bb. Agreg\u00f3 que \u201ces la primera vez en muchos a\u00f1os que est\u00e1n funcionando los dos tom\u00f3grafos del hospital Rawson, el resonador del hospital Rawson, el tom\u00f3grafo del hospital Dr. Marcial Quiroga, el tom\u00f3grafo de J\u00e1chal y ahora el resonador del Hospital Dr. Marcial Quiroga. O sea, todo el equipo y equipamiento de alta tecnolog\u00eda est\u00e1 trabajando al un\u00edsono por primera vez en tres a\u00f1os\u00bb.<\/p>\n<p>Cabe destacar que el Gobierno de la provincia de San Juan, a trav\u00e9s del Ministerio de Salud, gestion\u00f3 la llegada del resonador, cuya fabricaci\u00f3n se realiz\u00f3 en Brasil. Pero, adem\u00e1s, acondicion\u00f3 la sala donde se encuentra instalado el aparato.<\/p>\n<p>Poner a funcionar equipamiento de este nivel de tecnolog\u00eda implica no menos de 50 personas y 7 \u00e1reas del hospital trabajando para que esto suceda. En este marco, incorporaron 5 m\u00e9dicos; 15 licenciados; 2 administrativos y 2 enfermeros<\/p>\n<p><iframe loading=\"lazy\" title=\"San Juan ya cuenta con un resonador de avanzada, clave para el diagn\u00f3stico por imagen\" width=\"800\" height=\"450\" src=\"https:\/\/www.youtube.com\/embed\/LocdNFNTFC8?feature=oembed\" frameborder=\"0\" allow=\"accelerometer; autoplay; clipboard-write; encrypted-media; gyroscope; picture-in-picture; web-share\" referrerpolicy=\"strict-origin-when-cross-origin\" allowfullscreen><\/iframe><\/p>\n<p><strong><span style=\"color: #ff0000;\">Datos t\u00e9cnicos del resonador<\/span><\/strong><\/p>\n<p>El resonador magn\u00e9tico nuclear Ingenia Evolution 1.5T de la marca Philips es un equipo biom\u00e9dico avanzado con tecnolog\u00eda dStream y un dise\u00f1o de t\u00fanel amplio. Este sistema permite la adquisici\u00f3n de im\u00e1genes de cabeza, cuello, columna, m\u00fasculos, esqueleto, mamas, cuerpo y sistema cardiovascular.<\/p>\n<p>El resonador cuenta con un t\u00fanel de 70 cm de di\u00e1metro, una mesa regulable en altura (de 59 a 89 cm) y soporta hasta 200 kg. Entre sus caracter\u00edsticas, incluye bobinas especializadas para diferentes estudios, destacando una de 44 canales para la columna completa, \u00fanica en San Juan.<\/p>\n<p>El magneto se enfr\u00eda con helio l\u00edquido sin necesidad de recarga (Zero Boil Off). Adem\u00e1s, ofrece capacidades de secuencias de angiograma por RM, tanto con como sin contraste, as\u00ed como estudios en 2D y 3D. El equipo cuenta con una garant\u00eda de 24 meses, con monitoreo remoto de Philips Services Argentina.<\/p>\n<p>&nbsp;<\/p>\n<p><img loading=\"lazy\" decoding=\"async\" class=\"alignnone size-full wp-image-50515\" src=\"https:\/\/vocesparalelas.com.ar\/sitio\/wp-content\/uploads\/2022\/07\/HMQ-FRENTE.jpg\" alt=\"\" width=\"800\" height=\"600\" srcset=\"https:\/\/vocesparalelas.com.ar\/sitio\/wp-content\/uploads\/2022\/07\/HMQ-FRENTE.jpg 800w, https:\/\/vocesparalelas.com.ar\/sitio\/wp-content\/uploads\/2022\/07\/HMQ-FRENTE-300x225.jpg 300w, https:\/\/vocesparalelas.com.ar\/sitio\/wp-content\/uploads\/2022\/07\/HMQ-FRENTE-768x576.jpg 768w\" sizes=\"auto, (max-width: 800px) 100vw, 800px\" \/><\/p>\n","protected":false},"excerpt":{"rendered":"<p>El Mi\u00e9rcoles, 25 de Septiembre, se inaugur\u00f3 y puso en funcionamiento del Resonador de tecnolog\u00eda de avanzada, en el Hospital<\/p>\n","protected":false},"author":3,"featured_media":77296,"comment_status":"closed","ping_status":"closed","sticky":false,"template":"","format":"standard","meta":{"_acf_changed":false,"_seopress_robots_primary_cat":"none","_seopress_titles_title":"","_seopress_titles_desc":"","_seopress_robots_index":"","colormag_page_container_layout":"default_layout","colormag_page_sidebar_layout":"default_layout","footnotes":""},"categories":[1,7],"tags":[],"class_list":["post-77293","post","type-post","status-publish","format-standard","has-post-thumbnail","hentry","category-destacadas","category-videos"],"acf":[],"_links":{"self":[{"href":"https:\/\/vocesparalelas.com.ar\/sitio\/wp-json\/wp\/v2\/posts\/77293","targetHints":{"allow":["GET"]}}],"collection":[{"href":"https:\/\/vocesparalelas.com.ar\/sitio\/wp-json\/wp\/v2\/posts"}],"about":[{"href":"https:\/\/vocesparalelas.com.ar\/sitio\/wp-json\/wp\/v2\/types\/post"}],"author":[{"embeddable":true,"href":"https:\/\/vocesparalelas.com.ar\/sitio\/wp-json\/wp\/v2\/users\/3"}],"replies":[{"embeddable":true,"href":"https:\/\/vocesparalelas.com.ar\/sitio\/wp-json\/wp\/v2\/comments?post=77293"}],"version-history":[{"count":3,"href":"https:\/\/vocesparalelas.com.ar\/sitio\/wp-json\/wp\/v2\/posts\/77293\/revisions"}],"predecessor-version":[{"id":77308,"href":"https:\/\/vocesparalelas.com.ar\/sitio\/wp-json\/wp\/v2\/posts\/77293\/revisions\/77308"}],"wp:featuredmedia":[{"embeddable":true,"href":"https:\/\/vocesparalelas.com.ar\/sitio\/wp-json\/wp\/v2\/media\/77296"}],"wp:attachment":[{"href":"https:\/\/vocesparalelas.com.ar\/sitio\/wp-json\/wp\/v2\/media?parent=77293"}],"wp:term":[{"taxonomy":"category","embeddable":true,"href":"https:\/\/vocesparalelas.com.ar\/sitio\/wp-json\/wp\/v2\/categories?post=77293"},{"taxonomy":"post_tag","embeddable":true,"href":"https:\/\/vocesparalelas.com.ar\/sitio\/wp-json\/wp\/v2\/tags?post=77293"}],"curies":[{"name":"wp","href":"https:\/\/api.w.org\/{rel}","templated":true}]}}