{"id":77286,"date":"2024-09-25T14:17:45","date_gmt":"2024-09-25T17:17:45","guid":{"rendered":"https:\/\/vocesparalelas.com.ar\/sitio\/?p=77286"},"modified":"2024-09-27T00:22:44","modified_gmt":"2024-09-27T03:22:44","slug":"talleres-reconocimientos-a-jubilados-y-un-ateneo-sobre-salud-mental-durante-la-semana-de-gabinetes-tecnicos-de-san-juan","status":"publish","type":"post","link":"https:\/\/vocesparalelas.com.ar\/sitio\/talleres-reconocimientos-a-jubilados-y-un-ateneo-sobre-salud-mental-durante-la-semana-de-gabinetes-tecnicos-de-san-juan\/","title":{"rendered":"Talleres, reconocimientos a jubilados y un ateneo sobre salud mental durante la Semana de Gabinetes T\u00e9cnicos de San Juan"},"content":{"rendered":"<p>El Ministerio de Educaci\u00f3n del Gobierno de San Juan organiz\u00f3 la Semana de los Gabinetes T\u00e9cnicos con una serie de actividades.<\/p>\n<p>En esta oportunidad, se realiz\u00f3 el acto de inicio de la Semana de los Gabinetes T\u00e9cnicos, en el Centro de Convenciones Guillermo Barrena Guzm\u00e1n presidio por la ministra de Educaci\u00f3n, Lic. Silvia Fuentes y cont\u00f3 con una conferencia a cargo de la Doctora en Psicolog\u00eda Anna Rovella, basada en estrategias frente a la violencia.<\/p>\n<p>Al respecto, la la ministra de Educaci\u00f3n, Lic. Silvia Fuentes subray\u00f3 que \u00abvisibilizamos la tarea de los gabinetistas, que muchas veces suele quedar desdibujada frente a algunas situaciones. En Gabinetes tenemos a las mejores personas que puedan resolver problemas, siempre acompa\u00f1ando a los estudiantes, a veces corriendo de una escuela a otra y constantemente, en la l\u00ednea de fuego. Sin dudas que los docentes no podr\u00edan enriquecer su trabajo sin el aporte de los gabinetistas\u00bb.<\/p>\n<p>A su vez, el director de Gabinetes T\u00e9cnicos Interdisciplinarios del Ministerio de Educaci\u00f3n, Prof. Luis Lucero, indic\u00f3 que \u201cun gabinetista es un gran tejedor de redes con redes de contenci\u00f3n, redes de comunicaci\u00f3n, redes apoyo y fortalecimiento; redes de trabajo. Un gabinetista valora la diversidad, ya que sabe que la riqueza est\u00e1 en el equipo y en la interdisciplina. Un gabinetista tiene como fin \u00faltimo lo humano, sobre todo la vida de nuestros queridos estudiantes. Un gabinetista sabe de acompa\u00f1ar, de asistir, de estar\u201d.<\/p>\n<p>Adem\u00e1s, los alumnos de la Escuela Juan Enrique Pestalozzi pusieron el color art\u00edstico. Luego, se desarroll\u00f3 la charla \u00abEstrategias frente a la violencia2 a cargo de la Dra. Anna Rovella. La profesional bas\u00f3 su presentaci\u00f3n en La prosociabilidad como estrategia de cambio frente a la violencia.<\/p>\n<p>Cronograma<\/p>\n<ul>\n<li>Mi\u00e9rcoles, 25 de Septiembre, acto de reconocimiento a 140 profesionales jubilados de Gabinetes, a las 9 hs.; en el Museo Provincial de Bellas Artes.<\/li>\n<li>Jueves, 26 de Septiembre, contin\u00faan los talleres de los equipos de la Direcci\u00f3n de Gabinetes Interdisciplinarios, apuntados al abordaje de tem\u00e1ticas de prevenci\u00f3n con familias y miembros de la comunidad educativa.<\/li>\n<li>Viernes, 27 de Septiembre, en tanto, en el aula magna de la Facultad de Filosof\u00eda y Humanidades de la Universidad Cat\u00f3lica de Cuyo se desarrollar\u00e1 un ateneo a cargo de diferentes Colegios Profesionales de la provincia. En la mesa de trabajo se debatir\u00e1 sobre salud mental.<\/li>\n<\/ul>\n<p><img loading=\"lazy\" decoding=\"async\" class=\"alignnone size-full wp-image-28629\" src=\"https:\/\/vocesparalelas.com.ar\/sitio\/wp-content\/uploads\/2020\/05\/MINISTERIO-EDUCACION-SJ.jpg\" alt=\"\" width=\"800\" height=\"533\" srcset=\"https:\/\/vocesparalelas.com.ar\/sitio\/wp-content\/uploads\/2020\/05\/MINISTERIO-EDUCACION-SJ.jpg 800w, https:\/\/vocesparalelas.com.ar\/sitio\/wp-content\/uploads\/2020\/05\/MINISTERIO-EDUCACION-SJ-300x200.jpg 300w, https:\/\/vocesparalelas.com.ar\/sitio\/wp-content\/uploads\/2020\/05\/MINISTERIO-EDUCACION-SJ-768x512.jpg 768w\" sizes=\"auto, (max-width: 800px) 100vw, 800px\" \/><\/p>\n","protected":false},"excerpt":{"rendered":"<p>El Ministerio de Educaci\u00f3n del Gobierno de San Juan organiz\u00f3 la Semana de los Gabinetes T\u00e9cnicos con una serie de<\/p>\n","protected":false},"author":3,"featured_media":77289,"comment_status":"closed","ping_status":"closed","sticky":false,"template":"","format":"standard","meta":{"_acf_changed":false,"_seopress_robots_primary_cat":"none","_seopress_titles_title":"","_seopress_titles_desc":"","_seopress_robots_index":"","colormag_page_container_layout":"default_layout","colormag_page_sidebar_layout":"default_layout","footnotes":""},"categories":[5],"tags":[],"class_list":["post-77286","post","type-post","status-publish","format-standard","has-post-thumbnail","hentry","category-ofrecimientos"],"acf":[],"_links":{"self":[{"href":"https:\/\/vocesparalelas.com.ar\/sitio\/wp-json\/wp\/v2\/posts\/77286","targetHints":{"allow":["GET"]}}],"collection":[{"href":"https:\/\/vocesparalelas.com.ar\/sitio\/wp-json\/wp\/v2\/posts"}],"about":[{"href":"https:\/\/vocesparalelas.com.ar\/sitio\/wp-json\/wp\/v2\/types\/post"}],"author":[{"embeddable":true,"href":"https:\/\/vocesparalelas.com.ar\/sitio\/wp-json\/wp\/v2\/users\/3"}],"replies":[{"embeddable":true,"href":"https:\/\/vocesparalelas.com.ar\/sitio\/wp-json\/wp\/v2\/comments?post=77286"}],"version-history":[{"count":1,"href":"https:\/\/vocesparalelas.com.ar\/sitio\/wp-json\/wp\/v2\/posts\/77286\/revisions"}],"predecessor-version":[{"id":77290,"href":"https:\/\/vocesparalelas.com.ar\/sitio\/wp-json\/wp\/v2\/posts\/77286\/revisions\/77290"}],"wp:featuredmedia":[{"embeddable":true,"href":"https:\/\/vocesparalelas.com.ar\/sitio\/wp-json\/wp\/v2\/media\/77289"}],"wp:attachment":[{"href":"https:\/\/vocesparalelas.com.ar\/sitio\/wp-json\/wp\/v2\/media?parent=77286"}],"wp:term":[{"taxonomy":"category","embeddable":true,"href":"https:\/\/vocesparalelas.com.ar\/sitio\/wp-json\/wp\/v2\/categories?post=77286"},{"taxonomy":"post_tag","embeddable":true,"href":"https:\/\/vocesparalelas.com.ar\/sitio\/wp-json\/wp\/v2\/tags?post=77286"}],"curies":[{"name":"wp","href":"https:\/\/api.w.org\/{rel}","templated":true}]}}