{"id":77282,"date":"2024-09-25T14:01:26","date_gmt":"2024-09-25T17:01:26","guid":{"rendered":"https:\/\/vocesparalelas.com.ar\/sitio\/?p=77282"},"modified":"2024-09-26T00:02:24","modified_gmt":"2024-09-26T03:02:24","slug":"designan-a-los-profesionales-para-los-cargos-del-poder-judicial-en-la-camara-de-diputados-de-san-juan","status":"publish","type":"post","link":"https:\/\/vocesparalelas.com.ar\/sitio\/designan-a-los-profesionales-para-los-cargos-del-poder-judicial-en-la-camara-de-diputados-de-san-juan\/","title":{"rendered":"Designan a los profesionales para los cargos del Poder Judicial en la C\u00e1mara de Diputados de San Juan"},"content":{"rendered":"<p>La C\u00e1mara de Diputados de San Juan celebra el Jueves, 26 de Septiembre, a las 10 horas, la D\u00e9cima Sesi\u00f3n del periodo ordinario en cuyo transcurso se designan los postulantes que integran las ternas para ocupar los cargos vacantes del Poder Judicial de San Juan.<\/p>\n<p>Cabe recordar que, en la oportunidad se deben cubrir 21 cargos que corresponden a: un cargo de Juez de C\u00e1mara, Tribunal de Impugnaci\u00f3n; cuatro cargos de Juez de Paz Letrado, en los juzgados de Paz de los Departamentos Calingasta, Valle F\u00e9rtil, Ullum y cuarto Juzgado de Paz Letrado de la Capital; un cargo de Asesor Oficial; doce cargos de Fiscal de Primera Instancia y tres cargos de Defensor Oficial.<\/p>\n<p>Por ello, el Vicegobernador de San Juan, Dr. Fabi\u00e1n Mart\u00edn describi\u00f3 lo que se realiza en la D\u00e9cima Sesi\u00f3n del periodo ordinario de la C\u00e1mara de Diputados<\/p>\n<p><iframe loading=\"lazy\" title=\"CDSJ VICEGOBERNADOR DR FABI\u00c1N MART\u00cdN\" width=\"800\" height=\"450\" src=\"https:\/\/www.youtube.com\/embed\/hsiGvqL-VUU?feature=oembed\" frameborder=\"0\" allow=\"accelerometer; autoplay; clipboard-write; encrypted-media; gyroscope; picture-in-picture; web-share\" referrerpolicy=\"strict-origin-when-cross-origin\" allowfullscreen><\/iframe><\/p>\n<p><span style=\"color: #800080;\"><strong>Conformaci\u00f3n de las ternas<\/strong><\/span><\/p>\n<p><span style=\"color: #800080;\"><strong>Juez de C\u00e1mara, Tribunal de Impugnaci\u00f3n<\/strong><\/span><\/p>\n<ul>\n<li>Dr. Eduardo Oscar Raed Amado<\/li>\n<li>Dra. Mabel Irene Moya<\/li>\n<li>Dr. Sergio Omar Herrero<\/li>\n<\/ul>\n<p><span style=\"color: #800080;\"><strong>Juez de Paz Letrado, Departamento Calingasta<\/strong><\/span><\/p>\n<ul>\n<li>Dr. Andr\u00e9s Leonidas Justino Troche<\/li>\n<li>Dra. Paola Fernanda Cassab Bianchi<\/li>\n<li>Dr. Juan Pablo Mut Paton<\/li>\n<\/ul>\n<p><span style=\"color: #800080;\"><strong>Juez de Paz Letrado, Departamento Valle F\u00e9rtil<\/strong><\/span><\/p>\n<ul>\n<li>Dr. Luis Mar\u00eda Jos\u00e9 Mulleady Quiroga<\/li>\n<li>Dr. Macarena Guerrero<\/li>\n<li>Dra. Mar\u00eda Romina Sala Sarmiento<\/li>\n<\/ul>\n<p><strong><span style=\"color: #800080;\">Juez de Paz Letrado, Departamento Ullum<\/span><\/strong><\/p>\n<ul>\n<li>Dr. Patricio Yanzi<\/li>\n<li>Dra. Mar\u00eda Alejandra Conca<\/li>\n<li>Dr. Dulio Iv\u00e1n Liberman<\/li>\n<\/ul>\n<p><strong><span style=\"color: #800080;\">Juez de Paz Letrado, Cuarto Juzgado de Paz Letrado, Departamento Capital<\/span><\/strong><\/p>\n<ul>\n<li>Dra. Javier Eduardo Aguiar Pacheco<\/li>\n<li>Dra. Mar\u00eda Gabriela Conte Grand<\/li>\n<li>Dr. Carlos Alberto Lorenzo<\/li>\n<\/ul>\n<p><strong><span style=\"color: #800080;\">Asesor Oficial<\/span><\/strong><\/p>\n<ul>\n<li>Dra. Ana Martina Dai Pra<\/li>\n<li>Dra. Mar\u00eda Gabriela Lanzone Frazeto<\/li>\n<li>Dra. Fabiana Beatriz Anzorena<\/li>\n<\/ul>\n<p><strong><span style=\"color: #800080;\">Doce (12) Cargos de Fiscal de Primera Instancia<\/span><\/strong><\/p>\n<p><strong><span style=\"color: #800080;\">Primera Terna<\/span><\/strong><\/p>\n<ul>\n<li>Dr. Leonardo Ra\u00fal Arancibia<\/li>\n<li>Dra. Gabriela Molina<\/li>\n<li>Dra. Silvina Zogbe<\/li>\n<\/ul>\n<p><strong><span style=\"color: #800080;\">Segunda Terna<\/span><\/strong><\/p>\n<ul>\n<li>Dr. Francisco Javier Nicolia Heras<\/li>\n<li>Dra. Mar\u00eda Victoria Ruiz Pe\u00f1a<\/li>\n<li>Dr. Rodrigo Daniel Videla<\/li>\n<\/ul>\n<p><strong><span style=\"color: #800080;\">Tercera Terna<\/span><\/strong><\/p>\n<ul>\n<li>Dra. Andrea Viviana Insegna<\/li>\n<li>Dra. Mar\u00eda Paula Aarredodo Morando<\/li>\n<li>Dr. Mariano Daniel Carrera Pedrotti<\/li>\n<\/ul>\n<p><span style=\"color: #800080;\"><strong>Cuarta Terna<\/strong><\/span><\/p>\n<ul>\n<li>Dr. Oscar Andres Ghilardi<\/li>\n<li>Dra. Ivana Ester Rodriguez<\/li>\n<li>Dra. Mar\u00eda Ximena Rodr\u00edguez Schmadke<\/li>\n<\/ul>\n<p><strong><span style=\"color: #800080;\">Quinta Terna<\/span><\/strong><\/p>\n<ul>\n<li>Dr. Sebasti\u00e1n Alejandro G\u00f3mez Garc\u00eda,<\/li>\n<li>Dra. Agostina Ventimiglia Cihrino,<\/li>\n<li>Dra. Yanina Elizabeth Marquez Mallarino,<\/li>\n<\/ul>\n<p><span style=\"color: #800080;\"><strong>Sexta Terna<\/strong><\/span><\/p>\n<ul>\n<li>Dr. Leonardo Nelson Villalba,<\/li>\n<li>Dr. Roberto Jorge Montilla,<\/li>\n<li>Dra. Cora Beatriz Aguilar,<\/li>\n<\/ul>\n<p><strong><span style=\"color: #800080;\">S\u00e9ptima Terna<\/span><\/strong><\/p>\n<ul>\n<li>Dr. Federico Jose Petrignani Camargo<\/li>\n<li>Dra. Ivana del Carmen Salas<\/li>\n<li>Dr. Nicol\u00e1s Eduardo Alvo L\u00f3pez<\/li>\n<\/ul>\n<p><strong><span style=\"color: #800080;\">Octava Terna<\/span><\/strong><\/p>\n<ul>\n<li>Dr. Juan Manuel Garc\u00eda Castrill\u00f3n<\/li>\n<li>Dra. Mar\u00eda Natali Lima<\/li>\n<li>Dr. Atilio Sebasti\u00e1n Yanardi<\/li>\n<\/ul>\n<p><strong><span style=\"color: #800080;\">Novena Terna<\/span><\/strong><\/p>\n<ul>\n<li>Dr. Guillermo Alberto Heredia<\/li>\n<li>Dra. Sheila Emilse Castro<\/li>\n<li>Dr. Carlos Eduardo Matus Ahumada<\/li>\n<\/ul>\n<p><strong><span style=\"color: #800080;\">D\u00e9cima Terna<\/span><\/strong><\/p>\n<ul>\n<li>Dra. Naida Florencia Pons Belmonte<\/li>\n<li>Dra. Florencia Buteler Robledal,<\/li>\n<li>Dra. Mar\u00eda Ver\u00f3nica Recio Correa<\/li>\n<\/ul>\n<p><strong><span style=\"color: #800080;\">Onceava Terna<\/span><\/strong><\/p>\n<ul>\n<li>Dra. Mar\u00eda Emilia Farran Ahun<\/li>\n<li>Dr. Agust\u00edn Idemi<\/li>\n<li>Dra. Mar\u00eda Paula Carena<\/li>\n<\/ul>\n<p><span style=\"color: #800080;\"><strong>Doceava Terna<\/strong><\/span><\/p>\n<ul>\n<li>Dr. Fernando Jose Bonomo<\/li>\n<li>Dr. Martin Gustavo Torcibia<\/li>\n<li>Dr. Mar\u00eda Laura Maldonado<\/li>\n<\/ul>\n<p><strong><span style=\"color: #800080;\">Tres (3) Cargos De Defensor Oficial<\/span><\/strong><\/p>\n<p><strong><span style=\"color: #800080;\">Primera Terna<\/span><\/strong><\/p>\n<ul>\n<li>Dra. Emma Carolina Baigorria Davila<\/li>\n<li>Dr. Gustavo De La Fuente<\/li>\n<li>Dr. Jorge Antonio Olivera Legleu<\/li>\n<\/ul>\n<p><strong><span style=\"color: #800080;\">Segunda Terna<\/span><\/strong><\/p>\n<ul>\n<li>Dra. Sandra Leveque<\/li>\n<li>Dra. Silvana Lorena Romero Meglioli<\/li>\n<li>Dra. Ana Victoria Herrero Palacios<\/li>\n<\/ul>\n<p><span style=\"color: #800080;\"><strong>Tercera Terna<\/strong><\/span><\/p>\n<ul>\n<li>Dra. Yanina Natalia Olmos Bustos<\/li>\n<li>Dr. Guillermo Eduardo Pelliza<\/li>\n<li>Dra. Mar\u00eda Agustina Fern\u00e1ndez<\/li>\n<\/ul>\n<p><span style=\"color: #800080;\"><strong>Proyectos de Resoluci\u00f3n<\/strong><\/span><\/p>\n<p>Asimismo, el cuerpo parlamentario pondr\u00e1 a consideraci\u00f3n los siguientes proyectos de Resoluci\u00f3n que proponen declarar de inter\u00e9s:<\/p>\n<ul>\n<li><span style=\"color: #800080;\"><strong>Educativo y Cultural, <\/strong><\/span>el \u00abTaller Anual del Sistema de Informaci\u00f3n Universitaria(SIU) 2024\u00bb\u00a0que se llevar\u00e1 a cabo en la Universidad Nacional de San Juan, en el mes de octubre del corriente a\u00f1o. (Autor: diputado Juan Carlos Quiroga Moyano)<\/li>\n<li><span style=\"color: #800080;\"><strong>Social, Cultural, Educativo y Tur\u00edstico, <\/strong><\/span>al Congreso Internacional de Gastronom\u00eda \u00abCocinArte 2024 San Juan Sol y Tradici\u00f3n\u00bb, que se llevar\u00e1 a cabo el 10, 11 y 12 octubre del a\u00f1o 2024, en el Centro Cultural Conte Grand. Evento organizado por la Asociaci\u00f3n Gastron\u00f3mica Argentina (AGAR) regi\u00f3n San Juan. (Autor: Interbloque Cambia San Juan)<\/li>\n<li><strong><span style=\"color: #800080;\">Educativo y Cultural,<\/span> <\/strong>el XIX Congreso de la Sociedad Argentina de Estudios Ling\u00fc\u00edsticos (SAEL)\u00a0que se realizar\u00e1 del 7 al 10 de mayo del 2025 en la Ciudad de San Juan. (Autor: Interbloque Cambia San Juan)<\/li>\n<li><span style=\"color: #800080;\"><strong>Educativo, <\/strong><\/span>el I Encuentro Bienal de Divulgaci\u00f3n Cient\u00edfica en Educaci\u00f3n,\u00a0a realizarse los d\u00edas 24, 25 y 26 de octubre en la Facultad de Filosof\u00eda, Humanidades y Artes de la Universidad Nacional de San Juan. (Autor: Interbloque Cambia San Juan)<\/li>\n<li><strong><span style=\"color: #800080;\">Educativo,<\/span> <\/strong>el Proyecto de \u00abActualizaci\u00f3n, Capacitaci\u00f3n y Perfeccionamiento Docente Continuo<strong>\u00ab<\/strong>, a realizarse los meses de marzo y abril del 2025. (Autor: Interbloque Cambia San Juan).<\/li>\n<li><span style=\"color: #800080;\"><strong>Social y Educativo, <\/strong><\/span>a la \u00ab40\u00ba Jornadas Simult\u00e1neas de Estudiantes de Ingenier\u00eda Industrial y carreras afines &#8211; JoSEII &#8211; San Juan\u00bb,\u00a0a desarrollarse los d\u00edas 3 y 4 de octubre de 2024 en el Auditorio Eloy Camus y en la Facultad de Ingenier\u00eda de la provincia de San Juan. (Autor: Interbloque Cambia San Juan)<\/li>\n<li><strong><span style=\"color: #800080;\">Social y Cient\u00edfico,<\/span> <\/strong>al Encuentro Nacional de Estudiantes de Astronom\u00eda 2024, que se llevar\u00e1 a cabo entre los d\u00edas martes 01\/10\/2024 y viernes 04\/10\/2024 en la Facultad de Ciencias Exactas, F\u00edsicas y Naturales de la Universidad Nacional de San Juan. (Autor: Interbloque Cambia San Juan)<\/li>\n<li><span style=\"color: #800080;\"><strong>Social, Educativo y Cultural, <\/strong><\/span>el evento \u00abBar Inclusivo\u00bb,\u00a0que se llevar\u00e1 a cabo el d\u00eda 13 de noviembre en Pio Baroja, ubicado en Avenida Libertador General San Mart\u00edn 1525, Capital, San Juan (Autor: Interbloque Cambia San Juan)<\/li>\n<\/ul>\n<p><span style=\"color: #800080;\">\u00a0<strong>Proyectos de Comunicaci\u00f3n<\/strong><\/span><\/p>\n<p>Tambi\u00e9n, la Legislatura tratar\u00e1 los siguientes proyectos de Comunicaci\u00f3n que solicitan al Poder Ejecutivo que arbitre los medios necesarios para hacer efectiva la instalaci\u00f3n de cajeros autom\u00e1ticos en:<\/p>\n<ul>\n<li>Las localidades de Huaco, Niquivil y Pampa Vieja en el departamento J\u00e1chal. (Autor: diputado Miguel Vega).<\/li>\n<li>Centro Integrador Comunitario (CIC) de Campo Afuera, departamento Albard\u00f3n. (Autor: diputado Pedro Albagli).<\/li>\n<li>Distrito la Puntilla y Dos Acequias del departamento San Martin. (Autora: diptuada Marta Gramajo).<\/li>\n<li>El I.C (Centro Integrador Comunitario) de calle La Laja y Nacional, departamento Albard\u00f3n (Autor: diputado Pedro Albagli).<\/li>\n<li>La localidad de Usno y en el Parque Provincial lschigualasto, departamento Valle F\u00e9rtil. (Autor: diputado Omar Ortiz).<\/li>\n<li>Las localidades de Vallecito y de Bermejo, departamento Caucete. (Autor: diputado Emilio Escudero).<\/li>\n<li>La localidad de Casuarina, departamento 25 de Mayo. (Autor: diputado Juan Carlos Quiroga Moyano).<\/li>\n<li>La localidad de Villa Ib\u00e1\u00f1ez, departamento Ullum. (Autor: diputado Leopoldo Soler)<\/li>\n<\/ul>\n<p>Asimismo, la C\u00e1mara pondr\u00e1 a consideraci\u00f3n un proyecto de comunicaci\u00f3n presentado por el interbloque (Crecer, Justicialista y Del Este) mediante el cual solicita al Poder Ejecutivo y por su intermedio al Ministerio de Salud de la Provincia, la designaci\u00f3n de Personal M\u00e9dico, con especializaci\u00f3n en Neurolog\u00eda Infantil, para la atenci\u00f3n permanente de los habitantes comprendidos en la Zona Sanitaria II, y que se tomen las medidas necesarias para garantizar la implementaci\u00f3n de este servicio.<\/p>\n<p><span style=\"color: #800080;\"><strong>Renuncia de Juez<\/strong><\/span><\/p>\n<p>Por \u00faltimo, la C\u00e1mara de Diputados pondr\u00e1 a consideraci\u00f3n sobre tablas la comunicaci\u00f3n oficial remitida por el Poder Judicial, por la que se presenta la renuncia al cargo de Juez de Primera Instancia de Fuero Penal y nueva designaci\u00f3n como Prosecretario de Relator de la Corte de Justicia, al Dr. Jorge Andr\u00e9s Abel\u00edn Cottonaro.<\/p>\n<p>&nbsp;<\/p>\n<p><img loading=\"lazy\" decoding=\"async\" class=\"alignnone size-full wp-image-62371\" src=\"https:\/\/vocesparalelas.com.ar\/sitio\/wp-content\/uploads\/2023\/08\/CORTE-JUSTICIA-SAN-JUAN-01.jpg\" alt=\"\" width=\"800\" height=\"503\" srcset=\"https:\/\/vocesparalelas.com.ar\/sitio\/wp-content\/uploads\/2023\/08\/CORTE-JUSTICIA-SAN-JUAN-01.jpg 800w, https:\/\/vocesparalelas.com.ar\/sitio\/wp-content\/uploads\/2023\/08\/CORTE-JUSTICIA-SAN-JUAN-01-300x189.jpg 300w, https:\/\/vocesparalelas.com.ar\/sitio\/wp-content\/uploads\/2023\/08\/CORTE-JUSTICIA-SAN-JUAN-01-768x483.jpg 768w\" sizes=\"auto, (max-width: 800px) 100vw, 800px\" \/><\/p>\n<p>&nbsp;<\/p>\n<figure id=\"attachment_37951\" aria-describedby=\"caption-attachment-37951\" style=\"width: 800px\" class=\"wp-caption alignnone\"><img loading=\"lazy\" decoding=\"async\" class=\"size-full wp-image-37951\" src=\"https:\/\/vocesparalelas.com.ar\/sitio\/wp-content\/uploads\/2021\/05\/CAMARA-EDIFICIO.jpg\" alt=\"\" width=\"800\" height=\"515\" srcset=\"https:\/\/vocesparalelas.com.ar\/sitio\/wp-content\/uploads\/2021\/05\/CAMARA-EDIFICIO.jpg 800w, https:\/\/vocesparalelas.com.ar\/sitio\/wp-content\/uploads\/2021\/05\/CAMARA-EDIFICIO-300x193.jpg 300w, https:\/\/vocesparalelas.com.ar\/sitio\/wp-content\/uploads\/2021\/05\/CAMARA-EDIFICIO-768x494.jpg 768w\" sizes=\"auto, (max-width: 800px) 100vw, 800px\" \/><figcaption id=\"caption-attachment-37951\" class=\"wp-caption-text\">Legislatura Provincial de San Juan, Rep\u00fablica Argentina<\/figcaption><\/figure>\n","protected":false},"excerpt":{"rendered":"<p>La C\u00e1mara de Diputados de San Juan celebra el Jueves, 26 de Septiembre, a las 10 horas, la D\u00e9cima Sesi\u00f3n<\/p>\n","protected":false},"author":3,"featured_media":8062,"comment_status":"closed","ping_status":"closed","sticky":false,"template":"","format":"standard","meta":{"_acf_changed":false,"_seopress_robots_primary_cat":"none","_seopress_titles_title":"","_seopress_titles_desc":"","_seopress_robots_index":"","colormag_page_container_layout":"default_layout","colormag_page_sidebar_layout":"default_layout","footnotes":""},"categories":[1,7],"tags":[],"class_list":["post-77282","post","type-post","status-publish","format-standard","has-post-thumbnail","hentry","category-destacadas","category-videos"],"acf":[],"_links":{"self":[{"href":"https:\/\/vocesparalelas.com.ar\/sitio\/wp-json\/wp\/v2\/posts\/77282","targetHints":{"allow":["GET"]}}],"collection":[{"href":"https:\/\/vocesparalelas.com.ar\/sitio\/wp-json\/wp\/v2\/posts"}],"about":[{"href":"https:\/\/vocesparalelas.com.ar\/sitio\/wp-json\/wp\/v2\/types\/post"}],"author":[{"embeddable":true,"href":"https:\/\/vocesparalelas.com.ar\/sitio\/wp-json\/wp\/v2\/users\/3"}],"replies":[{"embeddable":true,"href":"https:\/\/vocesparalelas.com.ar\/sitio\/wp-json\/wp\/v2\/comments?post=77282"}],"version-history":[{"count":4,"href":"https:\/\/vocesparalelas.com.ar\/sitio\/wp-json\/wp\/v2\/posts\/77282\/revisions"}],"predecessor-version":[{"id":77309,"href":"https:\/\/vocesparalelas.com.ar\/sitio\/wp-json\/wp\/v2\/posts\/77282\/revisions\/77309"}],"wp:featuredmedia":[{"embeddable":true,"href":"https:\/\/vocesparalelas.com.ar\/sitio\/wp-json\/wp\/v2\/media\/8062"}],"wp:attachment":[{"href":"https:\/\/vocesparalelas.com.ar\/sitio\/wp-json\/wp\/v2\/media?parent=77282"}],"wp:term":[{"taxonomy":"category","embeddable":true,"href":"https:\/\/vocesparalelas.com.ar\/sitio\/wp-json\/wp\/v2\/categories?post=77282"},{"taxonomy":"post_tag","embeddable":true,"href":"https:\/\/vocesparalelas.com.ar\/sitio\/wp-json\/wp\/v2\/tags?post=77282"}],"curies":[{"name":"wp","href":"https:\/\/api.w.org\/{rel}","templated":true}]}}