{"id":77276,"date":"2024-09-25T12:06:45","date_gmt":"2024-09-25T15:06:45","guid":{"rendered":"https:\/\/vocesparalelas.com.ar\/sitio\/?p=77276"},"modified":"2024-09-26T01:08:07","modified_gmt":"2024-09-26T04:08:07","slug":"comision-arquidiocesana-de-caritas-san-juan-2024-2027","status":"publish","type":"post","link":"https:\/\/vocesparalelas.com.ar\/sitio\/comision-arquidiocesana-de-caritas-san-juan-2024-2027\/","title":{"rendered":"Comisi\u00f3n Arquidiocesana de C\u00e1ritas San Juan 2024 &#8211; 2027"},"content":{"rendered":"<p>El Arzobispado de San Juan de Cuyo informa que se conform\u00f3 la nueva Comisi\u00f3n Arquidiocesana de C\u00e1rita 2024 &#8211; 2027, seg\u00fan el Decreto N\u00b070\/2024 y conforme a lo que estipula el estatuto institucional.<\/p>\n<p>Con gran alegr\u00eda y esperanza, la Comunidad Cat\u00f3lica de San Juan recibe el reciente decreto del Arzobispo, que establece un cambio en las autoridades.<\/p>\n<p>Este importante paso refleja el compromiso continuo de la Iglesia con el servicio a los m\u00e1s necesitados y una nueva etapa en el trabajo social de esta instituci\u00f3n.<\/p>\n<p><span style=\"color: #ff6600;\"><strong>Comisi\u00f3n Arquidiocesana de C\u00e1rita San Juan 2024 &#8211; 2027<\/strong><\/span><\/p>\n<ul>\n<li>Presidente: Monse\u00f1or Jorge Lozano<\/li>\n<li>Vicepresidente: Presb\u00edtero Jos\u00e9 Orlando Cardozo<\/li>\n<li>Director: Alejandro Javier Quiroga<\/li>\n<li>Vicedirector: Alexis Puello<\/li>\n<li>Secretaria: Micaela Dom\u00ednguez<\/li>\n<li>Tesorera: Patricia Pelazo<\/li>\n<li>Vocales: Katerina S\u00e1nchez y Silvana Correa, quienes aportan su perspectiva y experiencia para enriquecer las decisiones institucionales<\/li>\n<\/ul>\n<p><img loading=\"lazy\" decoding=\"async\" class=\"alignnone size-full wp-image-61416\" src=\"https:\/\/vocesparalelas.com.ar\/sitio\/wp-content\/uploads\/2023\/07\/ARZOBISPADO-EDIFICIO.jpg\" alt=\"\" width=\"800\" height=\"600\" srcset=\"https:\/\/vocesparalelas.com.ar\/sitio\/wp-content\/uploads\/2023\/07\/ARZOBISPADO-EDIFICIO.jpg 800w, https:\/\/vocesparalelas.com.ar\/sitio\/wp-content\/uploads\/2023\/07\/ARZOBISPADO-EDIFICIO-300x225.jpg 300w, https:\/\/vocesparalelas.com.ar\/sitio\/wp-content\/uploads\/2023\/07\/ARZOBISPADO-EDIFICIO-768x576.jpg 768w\" sizes=\"auto, (max-width: 800px) 100vw, 800px\" \/><\/p>\n","protected":false},"excerpt":{"rendered":"<p>El Arzobispado de San Juan de Cuyo informa que se conform\u00f3 la nueva Comisi\u00f3n Arquidiocesana de C\u00e1rita 2024 &#8211; 2027,<\/p>\n","protected":false},"author":3,"featured_media":77280,"comment_status":"closed","ping_status":"closed","sticky":false,"template":"","format":"standard","meta":{"_acf_changed":false,"_seopress_robots_primary_cat":"none","_seopress_titles_title":"","_seopress_titles_desc":"","_seopress_robots_index":"","colormag_page_container_layout":"default_layout","colormag_page_sidebar_layout":"default_layout","footnotes":""},"categories":[10],"tags":[],"class_list":["post-77276","post","type-post","status-publish","format-standard","has-post-thumbnail","hentry","category-opiniones"],"acf":[],"_links":{"self":[{"href":"https:\/\/vocesparalelas.com.ar\/sitio\/wp-json\/wp\/v2\/posts\/77276","targetHints":{"allow":["GET"]}}],"collection":[{"href":"https:\/\/vocesparalelas.com.ar\/sitio\/wp-json\/wp\/v2\/posts"}],"about":[{"href":"https:\/\/vocesparalelas.com.ar\/sitio\/wp-json\/wp\/v2\/types\/post"}],"author":[{"embeddable":true,"href":"https:\/\/vocesparalelas.com.ar\/sitio\/wp-json\/wp\/v2\/users\/3"}],"replies":[{"embeddable":true,"href":"https:\/\/vocesparalelas.com.ar\/sitio\/wp-json\/wp\/v2\/comments?post=77276"}],"version-history":[{"count":1,"href":"https:\/\/vocesparalelas.com.ar\/sitio\/wp-json\/wp\/v2\/posts\/77276\/revisions"}],"predecessor-version":[{"id":77281,"href":"https:\/\/vocesparalelas.com.ar\/sitio\/wp-json\/wp\/v2\/posts\/77276\/revisions\/77281"}],"wp:featuredmedia":[{"embeddable":true,"href":"https:\/\/vocesparalelas.com.ar\/sitio\/wp-json\/wp\/v2\/media\/77280"}],"wp:attachment":[{"href":"https:\/\/vocesparalelas.com.ar\/sitio\/wp-json\/wp\/v2\/media?parent=77276"}],"wp:term":[{"taxonomy":"category","embeddable":true,"href":"https:\/\/vocesparalelas.com.ar\/sitio\/wp-json\/wp\/v2\/categories?post=77276"},{"taxonomy":"post_tag","embeddable":true,"href":"https:\/\/vocesparalelas.com.ar\/sitio\/wp-json\/wp\/v2\/tags?post=77276"}],"curies":[{"name":"wp","href":"https:\/\/api.w.org\/{rel}","templated":true}]}}