{"id":77267,"date":"2024-09-24T18:08:59","date_gmt":"2024-09-24T21:08:59","guid":{"rendered":"https:\/\/vocesparalelas.com.ar\/sitio\/?p=77267"},"modified":"2024-09-26T00:19:32","modified_gmt":"2024-09-26T03:19:32","slug":"exposicion-temporaria-sarmiento-presidente-en-la-casa-natal-en-san-juan","status":"publish","type":"post","link":"https:\/\/vocesparalelas.com.ar\/sitio\/exposicion-temporaria-sarmiento-presidente-en-la-casa-natal-en-san-juan\/","title":{"rendered":"Exposici\u00f3n temporaria \u00abSarmiento Presidente\u00bb en la Casa Natal en San Juan"},"content":{"rendered":"<p>En el marco del cumplimiento de los 150 a\u00f1os de finalizar su mandato presidencial, se inaugura en Casa Natal la exposici\u00f3n temporaria \u00abSarmiento Presidente\u00bb el Viernes, 27 de Septiembre, a las 18:30 hs.<\/p>\n<p>La muestra propone un recorrido que refleja los desaf\u00edos y logros de su presidencia. Se expone sobre las condiciones en las que recibi\u00f3 el pa\u00eds, basadas en el Censo de 1869 y en informes sobre miner\u00eda y agricultura.<\/p>\n<p>Tambi\u00e9n, se exploran los obst\u00e1culos que enfrent\u00f3, como la epidemia de fiebre amarilla, y c\u00f3mo sus pol\u00edticas influyeron en el florecimiento de una nueva Argentina.<\/p>\n<p>Esta exposici\u00f3n no solo celebra los logros de Sarmiento, sino que tambi\u00e9n invita a reflexionar sobre el impacto de sus pol\u00edticas y aportes visionarios en la formaci\u00f3n de la Argentina moderna.<\/p>\n<p><img loading=\"lazy\" decoding=\"async\" class=\"alignnone size-full wp-image-41747\" src=\"https:\/\/vocesparalelas.com.ar\/sitio\/wp-content\/uploads\/2021\/09\/CASA-SARMIENTO-FRENTE-02.jpg\" alt=\"\" width=\"800\" height=\"533\" srcset=\"https:\/\/vocesparalelas.com.ar\/sitio\/wp-content\/uploads\/2021\/09\/CASA-SARMIENTO-FRENTE-02.jpg 800w, https:\/\/vocesparalelas.com.ar\/sitio\/wp-content\/uploads\/2021\/09\/CASA-SARMIENTO-FRENTE-02-300x200.jpg 300w, https:\/\/vocesparalelas.com.ar\/sitio\/wp-content\/uploads\/2021\/09\/CASA-SARMIENTO-FRENTE-02-768x512.jpg 768w\" sizes=\"auto, (max-width: 800px) 100vw, 800px\" \/><\/p>\n","protected":false},"excerpt":{"rendered":"<p>En el marco del cumplimiento de los 150 a\u00f1os de finalizar su mandato presidencial, se inaugura en Casa Natal la<\/p>\n","protected":false},"author":3,"featured_media":63370,"comment_status":"closed","ping_status":"closed","sticky":false,"template":"","format":"standard","meta":{"_acf_changed":false,"_seopress_robots_primary_cat":"none","_seopress_titles_title":"","_seopress_titles_desc":"","_seopress_robots_index":"","colormag_page_container_layout":"default_layout","colormag_page_sidebar_layout":"default_layout","footnotes":""},"categories":[20],"tags":[],"class_list":["post-77267","post","type-post","status-publish","format-standard","has-post-thumbnail","hentry","category-cartelera"],"acf":[],"_links":{"self":[{"href":"https:\/\/vocesparalelas.com.ar\/sitio\/wp-json\/wp\/v2\/posts\/77267","targetHints":{"allow":["GET"]}}],"collection":[{"href":"https:\/\/vocesparalelas.com.ar\/sitio\/wp-json\/wp\/v2\/posts"}],"about":[{"href":"https:\/\/vocesparalelas.com.ar\/sitio\/wp-json\/wp\/v2\/types\/post"}],"author":[{"embeddable":true,"href":"https:\/\/vocesparalelas.com.ar\/sitio\/wp-json\/wp\/v2\/users\/3"}],"replies":[{"embeddable":true,"href":"https:\/\/vocesparalelas.com.ar\/sitio\/wp-json\/wp\/v2\/comments?post=77267"}],"version-history":[{"count":1,"href":"https:\/\/vocesparalelas.com.ar\/sitio\/wp-json\/wp\/v2\/posts\/77267\/revisions"}],"predecessor-version":[{"id":77270,"href":"https:\/\/vocesparalelas.com.ar\/sitio\/wp-json\/wp\/v2\/posts\/77267\/revisions\/77270"}],"wp:featuredmedia":[{"embeddable":true,"href":"https:\/\/vocesparalelas.com.ar\/sitio\/wp-json\/wp\/v2\/media\/63370"}],"wp:attachment":[{"href":"https:\/\/vocesparalelas.com.ar\/sitio\/wp-json\/wp\/v2\/media?parent=77267"}],"wp:term":[{"taxonomy":"category","embeddable":true,"href":"https:\/\/vocesparalelas.com.ar\/sitio\/wp-json\/wp\/v2\/categories?post=77267"},{"taxonomy":"post_tag","embeddable":true,"href":"https:\/\/vocesparalelas.com.ar\/sitio\/wp-json\/wp\/v2\/tags?post=77267"}],"curies":[{"name":"wp","href":"https:\/\/api.w.org\/{rel}","templated":true}]}}