{"id":77263,"date":"2024-09-24T20:02:20","date_gmt":"2024-09-24T23:02:20","guid":{"rendered":"https:\/\/vocesparalelas.com.ar\/sitio\/?p=77263"},"modified":"2024-09-26T00:34:16","modified_gmt":"2024-09-26T03:34:16","slug":"10-congreso-de-politicas-publicas-en-san-juan","status":"publish","type":"post","link":"https:\/\/vocesparalelas.com.ar\/sitio\/10-congreso-de-politicas-publicas-en-san-juan\/","title":{"rendered":"10\u00b0 Congreso de Pol\u00edticas P\u00fablicas en San Juan"},"content":{"rendered":"<p>El Jueves, 26 y el Viernes, 27 de Septiembre, en San Juan se desarrolla el 10\u00b0\u00a0Congreso de Pol\u00edticas P\u00fablicas organizado por el Espacio Argentina Humana.<\/p>\n<p>La apertura es el Jueves, 26 de Septiembre, a las 9 hs.; en el Sal\u00f3n de Actos de la Facultad de Ciencias Sociales, donde tambi\u00e9n tendr\u00e1n lugar los paneles.<\/p>\n<p>El Viernes, 27, de Septiembre, se desarrollan los paneles y el cierre del Congreso a las 20.00hs en el Aula Magna de la Facultad de Filosof\u00eda, Humanidades y Artes, con el dirigente de Frente Patria Grande y ex precandidato a presidente, Juan Grabois.<\/p>\n<p><span style=\"color: #ff6600;\"><strong>Cronograma<\/strong><\/span><\/p>\n<p><strong><span style=\"color: #ff6600;\">JUEVES, 26 DE SEPTIEMBRE<\/span><\/strong><\/p>\n<ul>\n<li>09:00 HS \u2013 ACTO DE APERTURA. RECTOR DE LA UNSJ, ING.\u00a0 TADEO BERENGUER, DECANO DE LA FACSO, DRMARCELO LUCERO . FEDERICO FAGIOLI \u2013 MELINA PELAYES<\/li>\n<li>10:30 HS \u2013 EL ACCESO A LOS DERECHOS FUNDAMENTALES PARA EL EJERCICIO DE NUESTRAS LIBERTADES DESDE UNA PERSPECTIVA COMUNITARIA LAURA MARTINEZ \u2013 FLORENCIA RODRIGO \u2013 ANA PAULA DIAZ \u2013 ALEJANDRA CONCA<\/li>\n<li>17:00HS &#8211; LA FUNCION PROTECTORA DEL ESTADO FRENTE AL CONTEXTO DE INSEGURIDAD LABORAL, ALIMENTARIA, ECON\u00d3MICA Y SOCIAL. MELINA PELAYES \u2013 FEDERICO FAGIOLI \u2013 DINA S\u00c1NCHEZ<\/li>\n<li>18:30HS \u2013 LA COMUNICACI\u00d3N POL\u00cdTICA Y LAS GARANT\u00cdAS DEL ACCESO A LA INFORMACI\u00d3N LIBRE DE MANIPULACIONES AGUST\u00cdN ARIAS \u2013 FERNANDO ORTIZ \u2013 GISEL CARRANZA . SERGIO RODR\u00cdGUEZ ESBRIZ<\/li>\n<li>19:30HS\u2013 EL EJERCICIO DE LA DEMOCRACIA COMO CIMIENTO DE LA CONSTRUCCI\u00d3N DE UNA PATRIA JUSTA, LIBRE Y SOBERANA. DOCUMENTAL \u201c1983 DEMOCRACIA \u00b4PARA SIEMPRE\u201d DE NATALIA CABALLERO<\/li>\n<\/ul>\n<p><strong><span style=\"color: #ff6600;\">VIERNES, 27 DE SEPTIEMBRE<\/span><\/strong><\/p>\n<p>SAL\u00d3N DE ACTOS DE LA FACULTAD DE CIENCIAS SOCIALES \u2013 CUIM AV. JOS\u00c9 IGNACIO DE LA ROZA Y MEGLIOLI \u2013 RIVADAVIA_<\/p>\n<ul>\n<li>10:00HS \u2013 LA PROTECCI\u00d3N DE LOS PUEBLOS Y EL ACCESO A UN LUGAR DIGNO Y PAC\u00cdFICO PARA QUE CADA HABITANTE DE LA ARGENTINA PUEDA VIVIR CACIQUE DALIA MORALES RAMOS &#8211; CACIQUE MABEL GUTI\u00c9RREZ &#8211; CACIQUE SEBASTI\u00c1N GUTI\u00c9RREZ &#8211; FLAVIA VARGAS &#8211; MARTIN PACHADO &#8211; WALTER CRUZ &#8211; KAREN CRISTABEL ORELLANA &#8211; ANA LAURA MARTINEZ &#8211; ANDREA MORALES LEANZA<\/li>\n<li>12:00 &#8211; LA PROMOCI\u00d3N DE INICIATIVAS P\u00daBLICAS A PARTIR DE LA CONSTRUCCI\u00d3N DE INDICADORES DE REALIDAD. LAURA VERA \u2013 GUADALUPE S\u00c1NCHEZ Aula Magna FACULTAD DE FILOSOF\u00cdA, HUMANIDADES Y ARTES_&#x1f447;&#x1f3fc;<\/li>\n<li>19:30 \u2013 ESPACIO CULTURAL Y PRESENTACI\u00d3N DEL CORTO \u201cM\u00c1S ALL\u00c1 DEL CERRO\u201d SAMUEL CAMPOS \u2013 RAMIRO ESTEVEZ \u2013 LA CANDOMBIEEEMO<\/li>\n<li>20:00HS \u2013 BASES PARA LA CONSTRUCCI\u00d3N DE UNA ARGENTINA HUMANA EDUARDO CAMUS \u2013 JUAN GRABOIS<\/li>\n<\/ul>\n<p>&nbsp;<\/p>\n<p>&nbsp;<\/p>\n","protected":false},"excerpt":{"rendered":"<p>El Jueves, 26 y el Viernes, 27 de Septiembre, en San Juan se desarrolla el 10\u00b0\u00a0Congreso de Pol\u00edticas P\u00fablicas organizado<\/p>\n","protected":false},"author":3,"featured_media":76676,"comment_status":"closed","ping_status":"closed","sticky":false,"template":"","format":"standard","meta":{"_acf_changed":false,"_seopress_robots_primary_cat":"none","_seopress_titles_title":"","_seopress_titles_desc":"","_seopress_robots_index":"","colormag_page_container_layout":"default_layout","colormag_page_sidebar_layout":"default_layout","footnotes":""},"categories":[2],"tags":[],"class_list":["post-77263","post","type-post","status-publish","format-standard","has-post-thumbnail","hentry","category-convocatorias"],"acf":[],"_links":{"self":[{"href":"https:\/\/vocesparalelas.com.ar\/sitio\/wp-json\/wp\/v2\/posts\/77263","targetHints":{"allow":["GET"]}}],"collection":[{"href":"https:\/\/vocesparalelas.com.ar\/sitio\/wp-json\/wp\/v2\/posts"}],"about":[{"href":"https:\/\/vocesparalelas.com.ar\/sitio\/wp-json\/wp\/v2\/types\/post"}],"author":[{"embeddable":true,"href":"https:\/\/vocesparalelas.com.ar\/sitio\/wp-json\/wp\/v2\/users\/3"}],"replies":[{"embeddable":true,"href":"https:\/\/vocesparalelas.com.ar\/sitio\/wp-json\/wp\/v2\/comments?post=77263"}],"version-history":[{"count":1,"href":"https:\/\/vocesparalelas.com.ar\/sitio\/wp-json\/wp\/v2\/posts\/77263\/revisions"}],"predecessor-version":[{"id":77266,"href":"https:\/\/vocesparalelas.com.ar\/sitio\/wp-json\/wp\/v2\/posts\/77263\/revisions\/77266"}],"wp:featuredmedia":[{"embeddable":true,"href":"https:\/\/vocesparalelas.com.ar\/sitio\/wp-json\/wp\/v2\/media\/76676"}],"wp:attachment":[{"href":"https:\/\/vocesparalelas.com.ar\/sitio\/wp-json\/wp\/v2\/media?parent=77263"}],"wp:term":[{"taxonomy":"category","embeddable":true,"href":"https:\/\/vocesparalelas.com.ar\/sitio\/wp-json\/wp\/v2\/categories?post=77263"},{"taxonomy":"post_tag","embeddable":true,"href":"https:\/\/vocesparalelas.com.ar\/sitio\/wp-json\/wp\/v2\/tags?post=77263"}],"curies":[{"name":"wp","href":"https:\/\/api.w.org\/{rel}","templated":true}]}}