{"id":77259,"date":"2024-09-23T21:41:30","date_gmt":"2024-09-24T00:41:30","guid":{"rendered":"https:\/\/vocesparalelas.com.ar\/sitio\/?p=77259"},"modified":"2024-09-26T00:03:10","modified_gmt":"2024-09-26T03:03:10","slug":"operativo-integral-en-rivadavia","status":"publish","type":"post","link":"https:\/\/vocesparalelas.com.ar\/sitio\/operativo-integral-en-rivadavia\/","title":{"rendered":"\u00abOperativo Integral\u00bb en Rivadavia"},"content":{"rendered":"<p>La Municipalidad de la Ciudad de Rivadavia y el Gobierno de San Juan informan que el Mi\u00e9rcoles, 25 de Septiembre, de 9 a 13 hs,; en la Escuela Nuevo Cuyo, Localidad La Bebida, Departamento Rivadavia, se desarrolla el operativo integral con las distintas \u00e1reas del Estado y sus servicios para los vecinos.<\/p>\n<p>Desde la gesti\u00f3n municipal se montar\u00e1 un puesto de atenci\u00f3n con profesionales id\u00f3neos por cada \u00e1rea de los ministerios provinciales presentes.<\/p>\n<p>Los servicios que se brindan al vecino ser\u00e1n los siguientes:<\/p>\n<p><strong><span style=\"color: #ff0000;\">Servicios del Ministerio de Familia y Desarrollo Humano<\/span><\/strong><\/p>\n<ul>\n<li>Pol\u00edticas para la Equidad<\/li>\n<li>\u2060Personas con Discapacidad<\/li>\n<li>\u2060Econom\u00eda Social<\/li>\n<li>\u2060Ni\u00f1ez, Adolescencia y Familia<\/li>\n<li>\u2060Prevenci\u00f3n y Asistencia de Consumos Problem\u00e1ticos<\/li>\n<li>\u2060Juventudes<\/li>\n<li>\u2060Pol\u00edticas para Personas Mayores (taller \u00abArte y Emociones\u00bb)<\/li>\n<li>\u2060Asistencia y G\u00e9nero<\/li>\n<\/ul>\n<p><span style=\"color: #ff0000;\"><strong>Servicios del Ministerio de Gobierno<\/strong><\/span><\/p>\n<ul>\n<li>DNI<\/li>\n<li>Tarjeta SUBE<\/li>\n<li>\u2060Personer\u00eda Jur\u00eddica<\/li>\n<li>Registro de Culto y ONG<\/li>\n<li>\u2060Archivo General de la Provincia<\/li>\n<li>Emicar<\/li>\n<li>\u2060Programa Escritura tu Vivienda<\/li>\n<li>Asesoramiento Previsional<\/li>\n<li>\u2060Subsecretaria de Trabajo<\/li>\n<\/ul>\n<p><strong><span style=\"color: #ff0000;\">Servicios del Ministerio de Infraestructura, Agua y Energ\u00eda<\/span><\/strong><\/p>\n<ul>\n<li>EPRE IPV: Actualizaci\u00f3n de datos y asesoramiento<\/li>\n<li>UEPREDO (Escrituraci\u00f3n de vivienda)<\/li>\n<li>EPRE (Tarifa Social)<\/li>\n<li>\u2060OSSE<\/li>\n<\/ul>\n<p><span style=\"color: #ff0000;\"><strong>Servicios del Ministerio de Salud<\/strong><\/span><\/p>\n<ul>\n<li>Equipo de salud (vacunaci\u00f3n, control pedi\u00e1trico, control de adultos, prevenci\u00f3n de enfermedades cardiovasculares, odontolog\u00eda, etc.)<\/li>\n<\/ul>\n<p><strong><span style=\"color: #ff0000;\">Servicios del Ministerio de Educaci\u00f3n<\/span><\/strong><\/p>\n<ul>\n<li>\u2060Becas PROGRESAR<\/li>\n<li>\u2060Desbloqueo de netbooks<\/li>\n<li>\u2060Gabinetes T\u00e9cnicos Interdisciplinarios<\/li>\n<li>\u00a0\u2060FinEs Tec<\/li>\n<li>INET<\/li>\n<\/ul>\n<p><strong><span style=\"color: #ff0000;\">Servicios del Ministerio de Econom\u00eda, Finanzas y Hacienda<\/span><\/strong><\/p>\n<ul>\n<li>Conectividad<\/li>\n<li>\u2060San Juan Innova<\/li>\n<li>\u2060CiDi Instituto de Investigaciones Econ\u00f3micas y Estad\u00edsticas<\/li>\n<li>Direcci\u00f3n General de Rentas (Moratoria)<\/li>\n<li>Caja de Acci\u00f3n Social<\/li>\n<\/ul>\n<p><strong><span style=\"color: #ff0000;\">Servicios del Ministerio de Turismo, Cultura y Deporte<\/span><\/strong><\/p>\n<ul>\n<li>Gesti\u00f3n y asesoramiento de clubes<\/li>\n<li>\u2060Ofertas deportivas<\/li>\n<\/ul>\n<p><strong><span style=\"color: #ff0000;\">Servicios del Ministerio de Producci\u00f3n<\/span><\/strong><\/p>\n<ul>\n<li>\u2060Secretar\u00eda de Agricultura<\/li>\n<li>\u2060Ganader\u00eda y Agroindustria<\/li>\n<li>\u2060Direcci\u00f3n de Industria y Comercio<\/li>\n<li>Direcci\u00f3n de Empleo y Formaci\u00f3n<\/li>\n<li>Direcci\u00f3n de Defensa al Consumidor<\/li>\n<li>Direcci\u00f3n de PYMES y Emprendedores<\/li>\n<li>Direcci\u00f3n de Desarrollo Econ\u00f3mico<\/li>\n<li>Direcci\u00f3n de Comercio Exterior<\/li>\n<li>\u2060Programa Garrafa &#8211; Hogar<\/li>\n<\/ul>\n<p><strong><span style=\"color: #ff0000;\">Servicios de la Secretar\u00eda de Seguridad y Orden P\u00fablico<\/span><\/strong><\/p>\n<ul>\n<li>Divisi\u00f3n de Canes<\/li>\n<li>Certificado de Antecedentes<\/li>\n<li>Direcci\u00f3n de Prevenci\u00f3n del Delito y Violencias<\/li>\n<li>Direcci\u00f3n de Protecci\u00f3n Civil<\/li>\n<li>Educaci\u00f3n Vial<\/li>\n<li>\u2060Direcci\u00f3n de Bomberos<\/li>\n<\/ul>\n<p>Este operativo integral busca brindar una atenci\u00f3n integral a los ciudadanos de Rivadavia, abarcando desde servicios b\u00e1sicos hasta oportunidades de desarrollo econ\u00f3mico y social.<\/p>\n<p>La provincia se compromete a trabajar en conjunto con los ministerios y secretar\u00edas para garantizar el acceso a estos servicios y mejorar la calidad de vida de sus ciudadanos.<\/p>\n<p>El Intendente Sergio Miodowsky acompa\u00f1a al Gobernador Marcelo Orrego y junto a \u00e9l, articula pol\u00edticas integral para sus vecinos.<\/p>\n<p>&nbsp;<\/p>\n<p><img loading=\"lazy\" decoding=\"async\" class=\"alignnone size-full wp-image-66896\" src=\"https:\/\/vocesparalelas.com.ar\/sitio\/wp-content\/uploads\/2023\/12\/RIVADAVIA-LOGO-NUEVO.jpg\" alt=\"\" width=\"800\" height=\"533\" srcset=\"https:\/\/vocesparalelas.com.ar\/sitio\/wp-content\/uploads\/2023\/12\/RIVADAVIA-LOGO-NUEVO.jpg 800w, https:\/\/vocesparalelas.com.ar\/sitio\/wp-content\/uploads\/2023\/12\/RIVADAVIA-LOGO-NUEVO-300x200.jpg 300w, https:\/\/vocesparalelas.com.ar\/sitio\/wp-content\/uploads\/2023\/12\/RIVADAVIA-LOGO-NUEVO-768x512.jpg 768w\" sizes=\"auto, (max-width: 800px) 100vw, 800px\" \/><\/p>\n","protected":false},"excerpt":{"rendered":"<p>La Municipalidad de la Ciudad de Rivadavia y el Gobierno de San Juan informan que el Mi\u00e9rcoles, 25 de Septiembre,<\/p>\n","protected":false},"author":3,"featured_media":75377,"comment_status":"closed","ping_status":"closed","sticky":false,"template":"","format":"standard","meta":{"_acf_changed":false,"_seopress_robots_primary_cat":"none","_seopress_titles_title":"","_seopress_titles_desc":"","_seopress_robots_index":"","colormag_page_container_layout":"default_layout","colormag_page_sidebar_layout":"default_layout","footnotes":""},"categories":[1],"tags":[],"class_list":["post-77259","post","type-post","status-publish","format-standard","has-post-thumbnail","hentry","category-destacadas"],"acf":[],"_links":{"self":[{"href":"https:\/\/vocesparalelas.com.ar\/sitio\/wp-json\/wp\/v2\/posts\/77259","targetHints":{"allow":["GET"]}}],"collection":[{"href":"https:\/\/vocesparalelas.com.ar\/sitio\/wp-json\/wp\/v2\/posts"}],"about":[{"href":"https:\/\/vocesparalelas.com.ar\/sitio\/wp-json\/wp\/v2\/types\/post"}],"author":[{"embeddable":true,"href":"https:\/\/vocesparalelas.com.ar\/sitio\/wp-json\/wp\/v2\/users\/3"}],"replies":[{"embeddable":true,"href":"https:\/\/vocesparalelas.com.ar\/sitio\/wp-json\/wp\/v2\/comments?post=77259"}],"version-history":[{"count":1,"href":"https:\/\/vocesparalelas.com.ar\/sitio\/wp-json\/wp\/v2\/posts\/77259\/revisions"}],"predecessor-version":[{"id":77262,"href":"https:\/\/vocesparalelas.com.ar\/sitio\/wp-json\/wp\/v2\/posts\/77259\/revisions\/77262"}],"wp:featuredmedia":[{"embeddable":true,"href":"https:\/\/vocesparalelas.com.ar\/sitio\/wp-json\/wp\/v2\/media\/75377"}],"wp:attachment":[{"href":"https:\/\/vocesparalelas.com.ar\/sitio\/wp-json\/wp\/v2\/media?parent=77259"}],"wp:term":[{"taxonomy":"category","embeddable":true,"href":"https:\/\/vocesparalelas.com.ar\/sitio\/wp-json\/wp\/v2\/categories?post=77259"},{"taxonomy":"post_tag","embeddable":true,"href":"https:\/\/vocesparalelas.com.ar\/sitio\/wp-json\/wp\/v2\/tags?post=77259"}],"curies":[{"name":"wp","href":"https:\/\/api.w.org\/{rel}","templated":true}]}}