{"id":77255,"date":"2024-09-24T21:26:55","date_gmt":"2024-09-25T00:26:55","guid":{"rendered":"https:\/\/vocesparalelas.com.ar\/sitio\/?p=77255"},"modified":"2024-09-26T00:51:32","modified_gmt":"2024-09-26T03:51:32","slug":"cursos-gratuitos-de-formacion-digital-en-san-juan","status":"publish","type":"post","link":"https:\/\/vocesparalelas.com.ar\/sitio\/cursos-gratuitos-de-formacion-digital-en-san-juan\/","title":{"rendered":"Cursos gratuitos de formaci\u00f3n digital en San Juan"},"content":{"rendered":"<p>La Direcci\u00f3n de Pol\u00edticas para la Equidad, dependiente del Ministerio de Familia y Desarrollo Humano del Gobierno de San Juan, junto a la Fundaci\u00f3n Telef\u00f3nica, convocan al p\u00fablico en general a participar de un programa de formaci\u00f3n digital gratuito, realizado en el marco del acuerdo de colaboraci\u00f3n entre las instituciones.<\/p>\n<p>El objetivo del acuerdo es planificar, desarrollar y ejecutar una variedad de actividades en educaci\u00f3n digital. Esto incluye giras educativas, talleres, exposiciones y conferencias, adem\u00e1s de charlas y capacitaciones tanto presenciales como virtuales.<\/p>\n<p>Tambi\u00e9n se ofrecen programas de formaci\u00f3n para la empleabilidad, contenido l\u00fadico-educativo en formato audiovisual y actividades de voluntariado corporativo.<\/p>\n<p>El Ministerio de Familia y Desarrollo Humano es el encargado de coordinar y supervisar el programa, asegurando su correcta implementaci\u00f3n en toda la provincia.<\/p>\n<p>Por su parte, la Fundaci\u00f3n Telef\u00f3nica ofrece proyectos educativos vinculados con la innovaci\u00f3n educativa y la nueva empleabilidad. En el a\u00f1o 2023, llegaron a 1.671.293 beneficiarios.<\/p>\n<p>Conecta Empleo es un programa de formaci\u00f3n digital, gratuito que es impulsado por Fundaci\u00f3n Telef\u00f3nica en Latinoam\u00e9rica y en Europa para mejorar las competencias digitales de personas desempleadas o que quieran mejorar su empleabilidad. Son m\u00e1s de 45 cursos, del sector tecnol\u00f3gico, que est\u00e1n vinculados a las profesiones del futuro como Marketing Digital, Dise\u00f1o Web HTML, Dise\u00f1o de Videojuegos, Ciberseguridad, Introducci\u00f3n a la programaci\u00f3n y Estrategias de comunicaci\u00f3n.<\/p>\n<p><strong><span style=\"color: #ff6600;\">Conectar Educaci\u00f3n<\/span><\/strong><\/p>\n<p>Son m\u00e1s de 40 Cursos de formaci\u00f3n docente para toda la comunidad educativa, que est\u00e1n vinculados a la tecnolog\u00eda. Ejemplo: \u00b7 Acoso Escolar: prevenci\u00f3n, detecci\u00f3n y actuaci\u00f3n \u00b7 Comunicaci\u00f3n afectiva en el aula \u00b7 Educar en la era digital \u00b7 Docentes Digitales \u00b7 Dislexia en el aula<\/p>\n<p><strong><span style=\"color: #ff6600;\">Cursos de Marketing Digital<\/span><\/strong><\/p>\n<p>Aprender\u00e1s las bases de las principales t\u00e9cnicas de marketing: desde c\u00f3mo debe estar dise\u00f1ada tu web para que consiga sus objetivos, pasando por c\u00f3mo dinamizarla en las redes sociales o atraer tr\u00e1fico mediante el posicionamiento en buscadores, as\u00ed como las diferentes estrategias publicitarias que existen actualmente.<\/p>\n<p><strong><span style=\"color: #ff6600;\">Horas formativas<\/span><\/strong><\/p>\n<p>30 h. Modalidad Online (accesible 24h.) y\/o Presencial (Aulas virtuales) Inscripciones: Direcci\u00f3n de Pol\u00edticas para la Equidad (Direcci\u00f3n) y WhatsApp (QR)<\/p>\n<p><strong><span style=\"color: #ff6600;\">M\u00f3dulos<\/span><\/strong><\/p>\n<ul>\n<li>M\u00f3dulo 1: Aterrizando en Internet<\/li>\n<li>M\u00f3dulo 2: Fundamentos del plan de marketing digital<\/li>\n<li>M\u00f3dulo 3: Mi plataforma de venta<\/li>\n<li>M\u00f3dulo 4: Las redes sociales y el marketing de contenidos M\u00f3dulo 5: \u00a1Que no pare el tr\u00e1fico! M\u00f3dulo 6: Herramientas de medici\u00f3n, automatizaci\u00f3n y monitorizaci\u00f3n<\/li>\n<\/ul>\n<p><strong><span style=\"color: #ff6600;\">Curso de Dise\u00f1o Web con HTML5 + CSS<\/span><\/strong><\/p>\n<p>La versi\u00f3n HTML5 incluye potentes etiquetas y nuevos controles de formulario que facilitan y simplifican la creaci\u00f3n de p\u00e1ginas. Esto unido a la potencia de CSS, te permitir\u00e1 crear p\u00e1ginas web profesionales de forma r\u00e1pida. Adem\u00e1s, te ense\u00f1aremos los principios del posicionamiento SEO y las directrices de accesibilidad que todos los sitios web deben seguir.<\/p>\n<p><strong><span style=\"color: #ff6600;\">Horas formativas<\/span><\/strong><\/p>\n<p>30 h. Modalidad Online (accesible 24h.) y\/o Presencial (Aulas virtuales)<\/p>\n<p><strong><span style=\"color: #ff6600;\">M\u00f3dulos<\/span><\/strong><\/p>\n<ul>\n<li>M\u00f3dulo 1. Principios, accesibilidad y usabilidad de p\u00e1ginas web.<\/li>\n<li>M\u00f3dulo 2. Introducci\u00f3n a HTML y CSS<\/li>\n<li>M\u00f3dulo 3. Etiquetas, formularios y hojas de estilo CSS en HTML<\/li>\n<li>M\u00f3dulo 4. Novedades HTML 5 y multimedia.<\/li>\n<li>M\u00f3dulo 5 &#8211; Posicionamiento SEO y trabajo en equipo.<\/li>\n<\/ul>\n<p><strong><span style=\"color: #ff6600;\">Inscripciones<\/span><\/strong><\/p>\n<p>Direcci\u00f3n de Pol\u00edticas para la Equidad (Av. C\u00f3rdoba 157 oeste) y WhatsApp 2644825200<\/p>\n<p>&nbsp;<\/p>\n<p>&nbsp;<\/p>\n","protected":false},"excerpt":{"rendered":"<p>La Direcci\u00f3n de Pol\u00edticas para la Equidad, dependiente del Ministerio de Familia y Desarrollo Humano del Gobierno de San Juan,<\/p>\n","protected":false},"author":3,"featured_media":68287,"comment_status":"closed","ping_status":"closed","sticky":false,"template":"","format":"standard","meta":{"_acf_changed":false,"_seopress_robots_primary_cat":"none","_seopress_titles_title":"","_seopress_titles_desc":"","_seopress_robots_index":"","colormag_page_container_layout":"default_layout","colormag_page_sidebar_layout":"default_layout","footnotes":""},"categories":[9],"tags":[],"class_list":["post-77255","post","type-post","status-publish","format-standard","has-post-thumbnail","hentry","category-cursos"],"acf":[],"_links":{"self":[{"href":"https:\/\/vocesparalelas.com.ar\/sitio\/wp-json\/wp\/v2\/posts\/77255","targetHints":{"allow":["GET"]}}],"collection":[{"href":"https:\/\/vocesparalelas.com.ar\/sitio\/wp-json\/wp\/v2\/posts"}],"about":[{"href":"https:\/\/vocesparalelas.com.ar\/sitio\/wp-json\/wp\/v2\/types\/post"}],"author":[{"embeddable":true,"href":"https:\/\/vocesparalelas.com.ar\/sitio\/wp-json\/wp\/v2\/users\/3"}],"replies":[{"embeddable":true,"href":"https:\/\/vocesparalelas.com.ar\/sitio\/wp-json\/wp\/v2\/comments?post=77255"}],"version-history":[{"count":1,"href":"https:\/\/vocesparalelas.com.ar\/sitio\/wp-json\/wp\/v2\/posts\/77255\/revisions"}],"predecessor-version":[{"id":77258,"href":"https:\/\/vocesparalelas.com.ar\/sitio\/wp-json\/wp\/v2\/posts\/77255\/revisions\/77258"}],"wp:featuredmedia":[{"embeddable":true,"href":"https:\/\/vocesparalelas.com.ar\/sitio\/wp-json\/wp\/v2\/media\/68287"}],"wp:attachment":[{"href":"https:\/\/vocesparalelas.com.ar\/sitio\/wp-json\/wp\/v2\/media?parent=77255"}],"wp:term":[{"taxonomy":"category","embeddable":true,"href":"https:\/\/vocesparalelas.com.ar\/sitio\/wp-json\/wp\/v2\/categories?post=77255"},{"taxonomy":"post_tag","embeddable":true,"href":"https:\/\/vocesparalelas.com.ar\/sitio\/wp-json\/wp\/v2\/tags?post=77255"}],"curies":[{"name":"wp","href":"https:\/\/api.w.org\/{rel}","templated":true}]}}