{"id":77250,"date":"2024-09-24T22:17:50","date_gmt":"2024-09-25T01:17:50","guid":{"rendered":"https:\/\/vocesparalelas.com.ar\/sitio\/?p=77250"},"modified":"2024-09-24T23:18:04","modified_gmt":"2024-09-25T02:18:04","slug":"comienza-la-atencion-integral-en-el-hospital-dr-tomas-peron-departamento-iglesia-de-san-juan","status":"publish","type":"post","link":"https:\/\/vocesparalelas.com.ar\/sitio\/comienza-la-atencion-integral-en-el-hospital-dr-tomas-peron-departamento-iglesia-de-san-juan\/","title":{"rendered":"Comienza la atenci\u00f3n integral en el Hospital Dr. Tom\u00e1s Per\u00f3n, Departamento Iglesia de San Juan"},"content":{"rendered":"<p>En la Localidad Rodeo, Departamento Iglesia, Provincia de San Juan Comienza la atenci\u00f3n integral en el Hospital Dr. Tom\u00e1s Per\u00f3n, porque el gobernador Dr. Marcelo Orrego, el ministro de Salud, Dr. Amilcar Dobladez; el ministro de Miner\u00eda, Dr. Juan Pablo Perea; el director del hospital, Dr. Daniel Carbajal; el gerente de Relaciones Comunitarias de Veladero, Dr. Alberto Abecasis; intendente de la Municipalidad de Iglesia, Dr. Jorge Espejo, donde se invirti\u00f3 $782.000.000 equipamiento de \u00faltima generaci\u00f3n y se incorpor\u00f3 113 trabajadores.<\/p>\n<p>Por ello, el gobernador Dr. Marcelo Orrego destac\u00f3 que \u00abhoy marcamos un hito importante con la inauguraci\u00f3n del nuevo hospital, una obra que refleja nuestro compromiso con la salud como derecho esencial. Este hospital moderno, con tecnolog\u00eda avanzada adquirida en parte gracias a fondos mineros, no solo mejora la infraestructura, sino que representa un avance en la calidad de vida de los habitantes de la Iglesia\u201d.<\/p>\n<p>\u00abEl verdadero motor de este hospital es su capital humano: 113 profesionales y administrativos que trabajar\u00e1n con dedicaci\u00f3n para atender las necesidades de la comunidad. Adem\u00e1s, muchos de ellos son iglesianos, lo que resalta el talento local. Creemos en la descentralizaci\u00f3n de la salud y seguiremos trabajando para que todos los sanjuaninos puedan acceder a servicios de calidad en el lugar donde viven\u00bb &#8211; sintetiz\u00f3 el Dr. Orrego.<\/p>\n<p>Luego, el ministro de Salud, Dr. Amilcar Dobladez; explic\u00f3 que \u00abhace unos meses, visitamos el departamento y nos propusimos la tarea de poner en funcionamiento el hospital. Gracias al trabajo en equipo y al apoyo constante del gobernador y el personal administrativo, contable y ejecutivo, hoy logramos este gran avance. No puedo dejar de agradecer al Fideicomiso de Veladero por su aporte econ\u00f3mico, que permiti\u00f3 adquirir el equipamiento necesario. Este logro demuestra que el esfuerzo conjunto es fundamental para hacer realidad proyectos tan importantes como este\u201d.<\/p>\n<p>\u00abSin embargo, un hospital no se define por ladrillos o equipamiento, sino por las personas que lo integran. Ustedes, el personal de salud, son las verdaderas herramientas que hacen funcionar este lugar. Desde el primer y \u00faltimo contacto con los pacientes, su trabajo es invaluable. Hoy contamos con un equipo ampliado, con 30 nuevas incorporaciones, la mayor\u00eda del departamento, y con ustedes al frente, seguiremos trabajando para acercar la salud a la comunidad. Los invitamos a continuar con el mismo compromiso y orgullo iglesiano, porque sin ustedes, nada de esto ser\u00eda posible\u201d &#8211; reforz\u00f3 el Dr. Dobladez.<\/p>\n<p>Seguidamente, el director del hospital, Dr. Daniel Carbajal asegur\u00f3 que \u201choy es un d\u00eda hist\u00f3rico para el departamento, ya que inauguramos el nuevo edificio del hospital Dr. Tom\u00e1s Per\u00f3n. Este avance nos permite contar con \u00e1reas especializadas que antes no ten\u00edamos, como esterilizaci\u00f3n y pediatr\u00eda, con guardias las 24 horas. Quiero agradecer al equipo del ministerio por el apoyo constante, y al personal del hospital por su dedicaci\u00f3n diaria. Juntos, hemos trabajado como hormiguitas para lograr este gran paso\u201d.<\/p>\n<p>Finalmente, el gerente de Relaciones Comunitarias de Veladero, Dr. Alberto Abecasis puntualiz\u00f3 que \u201cEn Veladero nos enorgullece haber contribuido en sus distintas etapas al nuevo Hospital a trav\u00e9s de los fondos de los Fideicomisos Mineros. Estamos seguros que gracias al trabajo mancomunado de las autoridades, empresas, comunidad y especialmente los profesionales de la salud, esta obra ser\u00e1 algo m\u00e1s que un hospital funcional y bien equipado, ser\u00e1 el coraz\u00f3n del cuidado de la salud de todos los iglesianos\u201d,<\/p>\n<p>&nbsp;<\/p>\n<p><iframe loading=\"lazy\" title=\"El gobernador Orrego puso en funciones el Hospital Tom\u00e1s Per\u00f3n, en Iglesia\" width=\"800\" height=\"450\" src=\"https:\/\/www.youtube.com\/embed\/E3ylCgFB-cM?feature=oembed\" frameborder=\"0\" allow=\"accelerometer; autoplay; clipboard-write; encrypted-media; gyroscope; picture-in-picture; web-share\" referrerpolicy=\"strict-origin-when-cross-origin\" allowfullscreen><\/iframe><\/p>\n<p><strong><span style=\"color: #ff0000;\">El hospital<\/span><\/strong><\/p>\n<p>El edificio tiene una superficie cubierta de 3.500 m\u00b2. Esta instituci\u00f3n sanitaria es de gran importancia para el departamento y las zonas aleda\u00f1as, con una poblaci\u00f3n estimada de 9.000 habitantes.<\/p>\n<p>El hospital est\u00e1 preparado para captar la demanda de la poblaci\u00f3n local, recibir derivaciones de otros departamentos, pacientes de empresas mineras, y atender centros de salud de primer nivel ubicados Las localidades de Iglesia son Bella Vista, Villa Iglesia, Las Flores, Tudcum, Colola, Angualasto y Rodeo.<\/p>\n<p>Actualmente, el hospital cuenta con un equipo de 113 personas, entre profesionales y personal administrativo. Durante esta gesti\u00f3n se han incorporado nuevos recursos humanos, muchos de ellos provenientes de Iglesia, como dos t\u00e9cnicos en laboratorio, una kinesi\u00f3loga, un traumat\u00f3logo, una pediatra, un administrador general, una oftalm\u00f3loga, una profesora de educaci\u00f3n f\u00edsica y una odont\u00f3loga.<\/p>\n<p>El nuevo nosocomio ofrece servicios como atenci\u00f3n ambulatoria programada a trav\u00e9s de consultorios externos, enfermer\u00eda pedi\u00e1trica y de adultos, vacunatorio, diagn\u00f3stico por im\u00e1genes (radiolog\u00eda, ecograf\u00eda y mamograf\u00eda), kinesiolog\u00eda y rehabilitaci\u00f3n. Adem\u00e1s, cuenta con atenci\u00f3n de internaci\u00f3n con camas para pediatr\u00eda, mujeres y hombres adultos, y atenci\u00f3n ambulatoria de urgencia con dos consultorios, triage, un shockroom y tres boxes de atenci\u00f3n.<\/p>\n<p>En cuanto a las especialidades m\u00e9dicas, el hospital ofrece atenci\u00f3n ambulatoria e internaci\u00f3n en cl\u00ednica m\u00e9dica, pediatr\u00eda, urolog\u00eda, cardiolog\u00eda, medicina familiar, odontolog\u00eda, oftalmolog\u00eda, ginecolog\u00eda, nutrici\u00f3n, psicolog\u00eda, kinesiolog\u00eda, enfermer\u00eda, t\u00e9cnicos en radiolog\u00eda, mamograf\u00eda y ecograf\u00eda, servicio. social y laboratorio. Tambi\u00e9n realiza tareas de control de ni\u00f1o sano, control de patolog\u00edas cr\u00f3nicas y cartillas sanitarias.<\/p>\n<p>El hospital cuenta con sectores como internaci\u00f3n con 12 camas (4 para pediatr\u00eda, 4 para mujeres y 4 para hombres adultos en seis habitaciones de dos camas cada una), con la posibilidad de ampliar la capacidad a 27 camas gracias a las bocas de gasto de ox\u00edgeno en kinesiolog\u00eda y consultorios. Adem\u00e1s, tiene nueve consultorios externos, \u00e1reas de enfermer\u00eda, vacunatorio, diagn\u00f3stico por im\u00e1genes, kinesiolog\u00eda, laboratorio, farmacia y esterilizaci\u00f3n.<\/p>\n<p>El sector de urgencias est\u00e1 compuesto por dos consultorios, triage, un shockroom y tres boxes de atenci\u00f3n. Tambi\u00e9n cuenta con una direcci\u00f3n, administraci\u00f3n, sala de reuniones, sala de ateneo y central telef\u00f3nica. En cuanto al abastecimiento, dispone de \u00e1reas para alimentaci\u00f3n, farmacia, lavander\u00eda, esterilizaci\u00f3n, morgue, edificio de mantenimiento y control policial externo. El hospital tiene la capacidad de transformarse en un hospital de campa\u00f1a y puede recibir, estabilizar y, si es necesario, trasladar pacientes de las empresas mineras.<\/p>\n<p>El Hospital Dr. Tom\u00e1s Per\u00f3n se caracteriza por su f\u00e1cil acceso, moderna infraestructura, amplia cobertura de atenci\u00f3n, m\u00faltiples especialidades y servicios, un equipo de profesionales especializados y capacitados, una gran capacidad de internaci\u00f3n, y su competencia para la atenci\u00f3n de urgencias y emergencias.<\/p>\n<p>&nbsp;<\/p>\n<p><img loading=\"lazy\" decoding=\"async\" class=\"alignnone size-full wp-image-68111\" src=\"https:\/\/vocesparalelas.com.ar\/sitio\/wp-content\/uploads\/2024\/01\/HOSPITAL-DR-TOMAS-PERON-01.jpg\" alt=\"\" width=\"800\" height=\"450\" srcset=\"https:\/\/vocesparalelas.com.ar\/sitio\/wp-content\/uploads\/2024\/01\/HOSPITAL-DR-TOMAS-PERON-01.jpg 800w, https:\/\/vocesparalelas.com.ar\/sitio\/wp-content\/uploads\/2024\/01\/HOSPITAL-DR-TOMAS-PERON-01-300x169.jpg 300w, https:\/\/vocesparalelas.com.ar\/sitio\/wp-content\/uploads\/2024\/01\/HOSPITAL-DR-TOMAS-PERON-01-768x432.jpg 768w\" sizes=\"auto, (max-width: 800px) 100vw, 800px\" \/><\/p>\n","protected":false},"excerpt":{"rendered":"<p>En la Localidad Rodeo, Departamento Iglesia, Provincia de San Juan Comienza la atenci\u00f3n integral en el Hospital Dr. Tom\u00e1s Per\u00f3n,<\/p>\n","protected":false},"author":3,"featured_media":77253,"comment_status":"closed","ping_status":"closed","sticky":false,"template":"","format":"standard","meta":{"_acf_changed":false,"_seopress_robots_primary_cat":"none","_seopress_titles_title":"","_seopress_titles_desc":"","_seopress_robots_index":"","colormag_page_container_layout":"default_layout","colormag_page_sidebar_layout":"default_layout","footnotes":""},"categories":[1,7],"tags":[],"class_list":["post-77250","post","type-post","status-publish","format-standard","has-post-thumbnail","hentry","category-destacadas","category-videos"],"acf":[],"_links":{"self":[{"href":"https:\/\/vocesparalelas.com.ar\/sitio\/wp-json\/wp\/v2\/posts\/77250","targetHints":{"allow":["GET"]}}],"collection":[{"href":"https:\/\/vocesparalelas.com.ar\/sitio\/wp-json\/wp\/v2\/posts"}],"about":[{"href":"https:\/\/vocesparalelas.com.ar\/sitio\/wp-json\/wp\/v2\/types\/post"}],"author":[{"embeddable":true,"href":"https:\/\/vocesparalelas.com.ar\/sitio\/wp-json\/wp\/v2\/users\/3"}],"replies":[{"embeddable":true,"href":"https:\/\/vocesparalelas.com.ar\/sitio\/wp-json\/wp\/v2\/comments?post=77250"}],"version-history":[{"count":1,"href":"https:\/\/vocesparalelas.com.ar\/sitio\/wp-json\/wp\/v2\/posts\/77250\/revisions"}],"predecessor-version":[{"id":77254,"href":"https:\/\/vocesparalelas.com.ar\/sitio\/wp-json\/wp\/v2\/posts\/77250\/revisions\/77254"}],"wp:featuredmedia":[{"embeddable":true,"href":"https:\/\/vocesparalelas.com.ar\/sitio\/wp-json\/wp\/v2\/media\/77253"}],"wp:attachment":[{"href":"https:\/\/vocesparalelas.com.ar\/sitio\/wp-json\/wp\/v2\/media?parent=77250"}],"wp:term":[{"taxonomy":"category","embeddable":true,"href":"https:\/\/vocesparalelas.com.ar\/sitio\/wp-json\/wp\/v2\/categories?post=77250"},{"taxonomy":"post_tag","embeddable":true,"href":"https:\/\/vocesparalelas.com.ar\/sitio\/wp-json\/wp\/v2\/tags?post=77250"}],"curies":[{"name":"wp","href":"https:\/\/api.w.org\/{rel}","templated":true}]}}