{"id":77245,"date":"2024-09-24T16:22:32","date_gmt":"2024-09-24T19:22:32","guid":{"rendered":"https:\/\/vocesparalelas.com.ar\/sitio\/?p=77245"},"modified":"2024-09-26T00:52:04","modified_gmt":"2024-09-26T03:52:04","slug":"cuerpos-de-bandera-argentina-y-bandera-ciudadana-del-ministerio-de-educacion-de-san-juan-2024-2025","status":"publish","type":"post","link":"https:\/\/vocesparalelas.com.ar\/sitio\/cuerpos-de-bandera-argentina-y-bandera-ciudadana-del-ministerio-de-educacion-de-san-juan-2024-2025\/","title":{"rendered":"Cuerpos de Bandera Argentina\u00a0y Bandera Ciudadana del Ministerio de Educaci\u00f3n de San Juan 2024-2025"},"content":{"rendered":"<p>La selecci\u00f3n de integrantes de los cuerpos de Bandera Argentina\u00a0 y Bandera Ciudadana del Ministerio de Educaci\u00f3n del Gobierno de San Juan 2024-2025.<\/p>\n<p>En la Sala Auxiliar del Ministerio, tras las propuestas recibidas por colegas y directivos., se realiz\u00f3 el acto de selecci\u00f3n que permite desarrollar el cambio de los cuerpos de Banderas, el 3 de Octubre, en la Plaza Seca del Centro C\u00edvico.<\/p>\n<p>En el proceso de selecci\u00f3n estuvieron presentes la asesora pedag\u00f3gica Lic. Roxana Belli y las directoras de Nivel Inicial, Lic. Laura Castro; de Primaria, Prof. Liliana Carrasco; de Secundaria, Prof. Marcela Magr\u00edn; de Especial, Prof. Mariana G\u00f3mez; de Superior, Prof. Marcela Herrero; de Privada, Prof. Andrea Hern\u00e1ndez; y de J\u00f3venes y Adultos, Prof. Gabriela Moreno. Tambi\u00e9n participaron los subdirectoras de Educaci\u00f3n Primaria, Prof. Marilyn Ju\u00e1rez; y de T\u00e9cnica y Formaci\u00f3n Profesional, Prof. Rodolfo Navas.<\/p>\n<p><strong><span style=\"color: #0000ff;\">Los cuerpos de Bandera Argentina y de la Bandera Ciudadana del Mi nisterio de Educaci\u00f3n del Gobierno de San Juan<\/span><\/strong><\/p>\n<p><strong><span style=\"color: #0000ff;\">Representantes de la Direcci\u00f3n de Educaci\u00f3n de Adultos<\/span><\/strong><\/p>\n<ul>\n<li>Abanderado de la Bandera Argentina: Prof. Erwin Laciar Leber, del\u00a0CENS N\u00ba 74 \u201cJuan Vucetich\u201d<\/li>\n<li>Abanderado de la Bandera Ciudadana: Prof.\u00a0Mat\u00edas Segovia, del\u00a0CENS N\u00ba 188<\/li>\n<\/ul>\n<p><span style=\"color: #0000ff;\"><strong>Representantes de la Direcci\u00f3n de Educaci\u00f3n Inicial<\/strong><\/span><\/p>\n<ul>\n<li><strong><span style=\"color: #0000ff;\">1\u00b0 Escolta de la Bandera Argentina:<\/span><\/strong> Prof. Mar\u00eda D\u00edaz, del\u00a0ENI. N\u00ba 27 \u201cJulio Cortazar\u201d<\/li>\n<li><strong><span style=\"color: #0000ff;\">1\u00b0 Escolta de la Bandera Ciudadana:<\/span><\/strong> Prof.\u00a0Barbarita \u00c1vila, del\u00a0ENI N\u00ba 43 \u201cMafalda\u201d<\/li>\n<\/ul>\n<p><span style=\"color: #0000ff;\"><strong>Representantes de la Direcci\u00f3n de Educaci\u00f3n Primaria<\/strong><\/span><\/p>\n<ul>\n<li><span style=\"color: #0000ff;\"><strong>2\u00b0 Escolta de la Bandera Argentina: <\/strong><\/span>Escuela \u201cMiguel de Cervantes\u201d<\/li>\n<li><span style=\"color: #0000ff;\"><strong>2\u00b0 Escolta de la Bandera Ciudadana: <\/strong><\/span>Prof. Natalia Eugenia Silva, de la\u00a0Escuela \u201cRicardo Guiraldes\u201d<\/li>\n<\/ul>\n<p><span style=\"color: #0000ff;\"><strong>Representantes de la Direcci\u00f3n de Educaci\u00f3n Especial<\/strong><\/span><\/p>\n<ul>\n<li><span style=\"color: #0000ff;\"><strong>3\u00b0 Escolta de la Bandera Argentina:\u00a0<\/strong><\/span>Prof. Ximena Del Castillo, de la\u00a0EEE \u201cGraciela Cibeira de Cantoni\u201d<\/li>\n<li><span style=\"color: #0000ff;\"><strong>3\u00b0 Escolta de la Bandera Ciudadana:\u00a0 <\/strong><\/span>Prof. Marianela Castro, de la\u00a0EEE \u201cLuis Braile\u201d<\/li>\n<\/ul>\n<p><span style=\"color: #0000ff;\"><strong>Representantes de la Direcci\u00f3n de Educaci\u00f3n Privada<\/strong><\/span><\/p>\n<ul>\n<li><span style=\"color: #0000ff;\"><strong>4\u00b0 Escolta de la Bandera Argentina:\u00a0<\/strong><\/span>Prof. Agustina Fern\u00e1ndez Vargas, de la\u00a0Escuela \u201cModelo San Juan\u201d<\/li>\n<li><span style=\"color: #0000ff;\"><strong>4\u00b0 Escolta de la Bandera Ciudadana:\u00a0<\/strong><\/span>Prof. Andrea Gabriela Accoroni Luber, del\u00a0Instituto Superior de Formaci\u00f3n Docente \u201cDomingo F. Sarmiento\u201d<\/li>\n<\/ul>\n<p><span style=\"color: #0000ff;\"><strong>Representantes de la Direcci\u00f3n de Educaci\u00f3n Secundaria, Orientada y Art\u00edstica<\/strong><\/span><\/p>\n<ul>\n<li><span style=\"color: #0000ff;\"><strong>5\u00b0 Escolta de la Bandera Argentina:\u00a0<\/strong><\/span>Prof. Claudia Ver\u00f3nica Alvares Solera, de la\u00a0Escuela Secundaria \u201cPresidente Hip\u00f3lito Yrigoyen\u201d<\/li>\n<li><span style=\"color: #0000ff;\"><strong>5\u00b0 Escolta de la Bandera Ciudadana:\u00a0<\/strong><\/span>Prof. Mario Sebasti\u00e1n Echegaray, de la\u00a0Escuela de Comercio \u201cNicol\u00e1s Echezarreta\u201d<\/li>\n<\/ul>\n<p><span style=\"color: #0000ff;\"><strong>Representantes de la Direcci\u00f3n de Educaci\u00f3n Secundaria T\u00e9cnica y de Formaci\u00f3n Profesional.<\/strong><\/span><\/p>\n<ul>\n<li><span style=\"color: #0000ff;\"><strong>6\u00b0 Escolta de la Bandera Argentina:\u00a0<\/strong><\/span>Prof. Luis Fern\u00e1ndez, de la\u00a0Escuela T\u00e9cnica de Capacitaci\u00f3n Laboral \u201cCapit\u00e1n Pedro Pablo de Quiroga\u201d y Anexo \u201cBaldes Las Chilcas\u201d<\/li>\n<li><span style=\"color: #0000ff;\"><strong>6\u00b0 Escolta de la Bandera Ciudadana:\u00a0<\/strong><\/span>Prof. Gabriela Alejandra Baloc, de la Escuela T\u00e9cnica de Capacitaci\u00f3n Laboral \u201cArnobio S\u00e1nchez\u201d<\/li>\n<\/ul>\n<p><span style=\"color: #0000ff;\"><strong>Representantes de la Direcci\u00f3n de Educaci\u00f3n Superior<\/strong><\/span><\/p>\n<ul>\n<li><span style=\"color: #0000ff;\"><strong>7\u00b0 Escolta de la Bandera Argentina:\u00a0<\/strong><\/span>Prof. Elina Castro, del\u00a0Instituto Superior T\u00e9cnico de Bibliotecolog\u00eda \u201cMariano Moreno\u201d<\/li>\n<li><span style=\"color: #0000ff;\"><strong>7\u00b0 Escolta de la Bandera Ciudadana:\u00a0<\/strong><\/span>Prof. Emilse Daniela Arnaez, de la\u00a0Escuela Normal Superior \u201cFray Justo Santa Mar\u00eda de Oro\u201d<\/li>\n<\/ul>\n<p>Cabe recordar que la selecci\u00f3n se realiza en base a las propuestas emitidas por cada instituci\u00f3n educativa, que elige a trav\u00e9s de voto secreto a dos docentes para ser propuestos para la elecci\u00f3n de abanderados y escoltas de la Bandera Nacional y Ciudadana del Ministerio de Educaci\u00f3n.<\/p>\n<p>Los propuestos deben ser titulares y encontrarse en situaci\u00f3n activa, registrar concepto \u201cMuy Bueno\u201d en el ciclo lectivo y ser reconocidos por su destacado desempe\u00f1o docente y participaci\u00f3n en espacios de formaci\u00f3n, publicaciones, elaboraciones y ejecuci\u00f3n de propuestas innovadoras, compromiso con la tarea docente.<\/p>\n<p><img loading=\"lazy\" decoding=\"async\" class=\"alignnone size-full wp-image-65642\" src=\"https:\/\/vocesparalelas.com.ar\/sitio\/wp-content\/uploads\/2023\/11\/GOBIERNO-SAN-JUAN.jpg\" alt=\"\" width=\"800\" height=\"600\" srcset=\"https:\/\/vocesparalelas.com.ar\/sitio\/wp-content\/uploads\/2023\/11\/GOBIERNO-SAN-JUAN.jpg 800w, https:\/\/vocesparalelas.com.ar\/sitio\/wp-content\/uploads\/2023\/11\/GOBIERNO-SAN-JUAN-300x225.jpg 300w, https:\/\/vocesparalelas.com.ar\/sitio\/wp-content\/uploads\/2023\/11\/GOBIERNO-SAN-JUAN-768x576.jpg 768w\" sizes=\"auto, (max-width: 800px) 100vw, 800px\" \/><\/p>\n","protected":false},"excerpt":{"rendered":"<p>La selecci\u00f3n de integrantes de los cuerpos de Bandera Argentina\u00a0 y Bandera Ciudadana del Ministerio de Educaci\u00f3n del Gobierno de<\/p>\n","protected":false},"author":3,"featured_media":28629,"comment_status":"closed","ping_status":"closed","sticky":false,"template":"","format":"standard","meta":{"_acf_changed":false,"_seopress_robots_primary_cat":"none","_seopress_titles_title":"","_seopress_titles_desc":"","_seopress_robots_index":"","colormag_page_container_layout":"default_layout","colormag_page_sidebar_layout":"default_layout","footnotes":""},"categories":[5],"tags":[],"class_list":["post-77245","post","type-post","status-publish","format-standard","has-post-thumbnail","hentry","category-ofrecimientos"],"acf":[],"_links":{"self":[{"href":"https:\/\/vocesparalelas.com.ar\/sitio\/wp-json\/wp\/v2\/posts\/77245","targetHints":{"allow":["GET"]}}],"collection":[{"href":"https:\/\/vocesparalelas.com.ar\/sitio\/wp-json\/wp\/v2\/posts"}],"about":[{"href":"https:\/\/vocesparalelas.com.ar\/sitio\/wp-json\/wp\/v2\/types\/post"}],"author":[{"embeddable":true,"href":"https:\/\/vocesparalelas.com.ar\/sitio\/wp-json\/wp\/v2\/users\/3"}],"replies":[{"embeddable":true,"href":"https:\/\/vocesparalelas.com.ar\/sitio\/wp-json\/wp\/v2\/comments?post=77245"}],"version-history":[{"count":2,"href":"https:\/\/vocesparalelas.com.ar\/sitio\/wp-json\/wp\/v2\/posts\/77245\/revisions"}],"predecessor-version":[{"id":77249,"href":"https:\/\/vocesparalelas.com.ar\/sitio\/wp-json\/wp\/v2\/posts\/77245\/revisions\/77249"}],"wp:featuredmedia":[{"embeddable":true,"href":"https:\/\/vocesparalelas.com.ar\/sitio\/wp-json\/wp\/v2\/media\/28629"}],"wp:attachment":[{"href":"https:\/\/vocesparalelas.com.ar\/sitio\/wp-json\/wp\/v2\/media?parent=77245"}],"wp:term":[{"taxonomy":"category","embeddable":true,"href":"https:\/\/vocesparalelas.com.ar\/sitio\/wp-json\/wp\/v2\/categories?post=77245"},{"taxonomy":"post_tag","embeddable":true,"href":"https:\/\/vocesparalelas.com.ar\/sitio\/wp-json\/wp\/v2\/tags?post=77245"}],"curies":[{"name":"wp","href":"https:\/\/api.w.org\/{rel}","templated":true}]}}