{"id":77241,"date":"2024-09-24T13:54:30","date_gmt":"2024-09-24T16:54:30","guid":{"rendered":"https:\/\/vocesparalelas.com.ar\/sitio\/?p=77241"},"modified":"2024-09-26T00:20:03","modified_gmt":"2024-09-26T03:20:03","slug":"curso-de-posgrado-simulacion-termo-energetica-en-la-faud-de-la-unsj","status":"publish","type":"post","link":"https:\/\/vocesparalelas.com.ar\/sitio\/curso-de-posgrado-simulacion-termo-energetica-en-la-faud-de-la-unsj\/","title":{"rendered":"Curso de Posgrado \u00abSimulaci\u00f3n termo-energ\u00e9tica\u00bb en la FAUD de la UNSJ"},"content":{"rendered":"<p>La Facultad de Arquitectura, Urbanismo y Dise\u00f1o de la Universidad Nacional de San Juan ofrece el Curso de Posgrado \u00abSimulaci\u00f3n termo-energ\u00e9tica\u00bb a cargo del Dr. Arq. Bruno Dami\u00e1n Arballo y la Arq. Mar\u00eda Celina Michaux<\/p>\n<p><strong><span style=\"color: #ff6600;\">Objetivo del curso<\/span><\/strong><\/p>\n<ul>\n<li>Modelar, simular y analizar termo-energ\u00e9ticamente un edificio con un nivel principiante-intermedio.<\/li>\n<li>Incorporar herramientas de utilidad en la evaluaci\u00f3n y toma de decisiones en torno a la eficiencia energ\u00e9tica y la calidad del ambiente interior (confort t\u00e9rmico) en nuevos proyectos arquitect\u00f3nicos y edificios existentes.<\/li>\n<\/ul>\n<p>Aprobada por Resoluci\u00f3n 134-2022 \/CD-FAUD.<\/p>\n<p><strong><span style=\"color: #ff6600;\">Modalidad de cursado<\/span><\/strong><\/p>\n<p>Actividades Asincr\u00f3nicas y Sincr\u00f3nicas, parcialmente presenciales (para residentes en San Juan) y mediadas por recursos del Campus Virtual de la Universidad Nacional de San Juan, Argentina.<\/p>\n<p>Este curso es optativo para quienes cursan la Diplomatura en EE yS, teniendo prioridad en el cupo establecido (20 personas). Si ya hicieron el Optativo I, abonan este con descuento. Sino, est\u00e1 incluido en el pago de sus cuotas. Por favor subir el comprobante de pago de la \u00faltima cuota.<\/p>\n<p><span style=\"color: #ff6600;\"><strong>Cronograma<\/strong><\/span><\/p>\n<ul>\n<li>Jornada 1: Jueves, 3 de Octubre, de 17.30 a 20.30 hs. &#8211; H\u00edbrida. Sincr\u00f3nica<\/li>\n<li>Jornada 2- S\u00e1bado 5 &#8211;\u00a009:00 a 12:00 hs. &#8211;\u00a0Virtual. Sincr\u00f3nica<\/li>\n<li>Jornada 3- Martes 8 &#8211;\u00a017.30 a 20.30 hs. &#8211;\u00a0Virtual. Sincr\u00f3nica<\/li>\n<li>Jornada 4-\u00a0 <em>Actividad\u00a0Asincr\u00f3nica\u00a0<\/em><\/li>\n<li>Jornada 5-\u00a0Martes 15 &#8211;\u00a017.30 a 20.30 hs. &#8211;\u00a0H\u00edbrida. Sincr\u00f3nica<\/li>\n<li>Jornada 6-\u00a0Jueves 17 &#8211;\u00a017.30 a 20.30 hs. &#8211;\u00a0H\u00edbrida. Sincr\u00f3nica<\/li>\n<li>Jornada 7- S\u00e1bado 19 &#8211;\u00a009:00 a 12:00 hs. &#8211;\u00a0Virtual. Sincr\u00f3nica<\/li>\n<\/ul>\n<p><strong><span style=\"color: #ff6600;\">Arancel general<\/span><\/strong><\/p>\n<ul>\n<li>$ 45.000 p\u00fablico en general<\/li>\n<li>$ 40.000 para diplomandos\/as de Diplomatura en Eficiencia Energ\u00e9tica y Sustentabilidad, que lo hacen como 2\u00b0 optativo. Si ya hicieron el Optativo I, abonan este con descuento. Sino, est\u00e1 incluido en el pago de sus cuotas. Por favor subir el comprobante de pago de la \u00faltima cuota.<\/li>\n<li>$35.000 para estudiantes de grado avanzados: (cupo 5 personas)<\/li>\n<\/ul>\n<p><span style=\"color: #ff6600;\"><strong>Formulario de inscripci\u00f3n<\/strong><\/span><\/p>\n<p><a href=\"https:\/\/docs.google.com\/forms\/d\/e\/1FAIpQLSevuxK1o3bObg1oIQiSHmQn6Nm373_0U8Vkuy5VQXC-VN0P8Q\/viewform\">https:\/\/docs.google.com\/forms\/d\/e\/1FAIpQLSevuxK1o3bObg1oIQiSHmQn6Nm373_0U8Vkuy5VQXC-VN0P8Q\/viewform<\/a><\/p>\n<p>&nbsp;<\/p>\n<figure id=\"attachment_59382\" aria-describedby=\"caption-attachment-59382\" style=\"width: 800px\" class=\"wp-caption alignnone\"><img loading=\"lazy\" decoding=\"async\" class=\"size-full wp-image-59382\" src=\"https:\/\/vocesparalelas.com.ar\/sitio\/wp-content\/uploads\/2023\/05\/FAUD-EDIFICIO-01.jpg\" alt=\"\" width=\"800\" height=\"600\" srcset=\"https:\/\/vocesparalelas.com.ar\/sitio\/wp-content\/uploads\/2023\/05\/FAUD-EDIFICIO-01.jpg 800w, https:\/\/vocesparalelas.com.ar\/sitio\/wp-content\/uploads\/2023\/05\/FAUD-EDIFICIO-01-300x225.jpg 300w, https:\/\/vocesparalelas.com.ar\/sitio\/wp-content\/uploads\/2023\/05\/FAUD-EDIFICIO-01-768x576.jpg 768w\" sizes=\"auto, (max-width: 800px) 100vw, 800px\" \/><figcaption id=\"caption-attachment-59382\" class=\"wp-caption-text\">Facultad de Arquitectura, Urbanismo y Dise\u00f1o de la Universidad Nacional de San Juan, Rep\u00fablica Argentina<\/figcaption><\/figure>\n","protected":false},"excerpt":{"rendered":"<p>La Facultad de Arquitectura, Urbanismo y Dise\u00f1o de la Universidad Nacional de San Juan ofrece el Curso de Posgrado \u00abSimulaci\u00f3n<\/p>\n","protected":false},"author":3,"featured_media":43789,"comment_status":"closed","ping_status":"closed","sticky":false,"template":"","format":"standard","meta":{"_acf_changed":false,"_seopress_robots_primary_cat":"none","_seopress_titles_title":"","_seopress_titles_desc":"","_seopress_robots_index":"","colormag_page_container_layout":"default_layout","colormag_page_sidebar_layout":"default_layout","footnotes":""},"categories":[15],"tags":[],"class_list":["post-77241","post","type-post","status-publish","format-standard","has-post-thumbnail","hentry","category-posgrados"],"acf":[],"_links":{"self":[{"href":"https:\/\/vocesparalelas.com.ar\/sitio\/wp-json\/wp\/v2\/posts\/77241","targetHints":{"allow":["GET"]}}],"collection":[{"href":"https:\/\/vocesparalelas.com.ar\/sitio\/wp-json\/wp\/v2\/posts"}],"about":[{"href":"https:\/\/vocesparalelas.com.ar\/sitio\/wp-json\/wp\/v2\/types\/post"}],"author":[{"embeddable":true,"href":"https:\/\/vocesparalelas.com.ar\/sitio\/wp-json\/wp\/v2\/users\/3"}],"replies":[{"embeddable":true,"href":"https:\/\/vocesparalelas.com.ar\/sitio\/wp-json\/wp\/v2\/comments?post=77241"}],"version-history":[{"count":1,"href":"https:\/\/vocesparalelas.com.ar\/sitio\/wp-json\/wp\/v2\/posts\/77241\/revisions"}],"predecessor-version":[{"id":77244,"href":"https:\/\/vocesparalelas.com.ar\/sitio\/wp-json\/wp\/v2\/posts\/77241\/revisions\/77244"}],"wp:featuredmedia":[{"embeddable":true,"href":"https:\/\/vocesparalelas.com.ar\/sitio\/wp-json\/wp\/v2\/media\/43789"}],"wp:attachment":[{"href":"https:\/\/vocesparalelas.com.ar\/sitio\/wp-json\/wp\/v2\/media?parent=77241"}],"wp:term":[{"taxonomy":"category","embeddable":true,"href":"https:\/\/vocesparalelas.com.ar\/sitio\/wp-json\/wp\/v2\/categories?post=77241"},{"taxonomy":"post_tag","embeddable":true,"href":"https:\/\/vocesparalelas.com.ar\/sitio\/wp-json\/wp\/v2\/tags?post=77241"}],"curies":[{"name":"wp","href":"https:\/\/api.w.org\/{rel}","templated":true}]}}