{"id":77228,"date":"2024-09-23T19:20:06","date_gmt":"2024-09-23T22:20:06","guid":{"rendered":"https:\/\/vocesparalelas.com.ar\/sitio\/?p=77228"},"modified":"2024-09-24T16:28:58","modified_gmt":"2024-09-24T19:28:58","slug":"se-realiza-la-primera-siembra-de-pejerrey-de-la-temporada-en-san-juan","status":"publish","type":"post","link":"https:\/\/vocesparalelas.com.ar\/sitio\/se-realiza-la-primera-siembra-de-pejerrey-de-la-temporada-en-san-juan\/","title":{"rendered":"Se realiza la primera siembra de pejerrey de la temporada en San Juan"},"content":{"rendered":"<p>El Jueves, 26 de Septiembre de 2024, a las 9:00 hs, la Direcci\u00f3n de Ecolog\u00eda Urbana dependiente de la Secretar\u00eda de Ambiente y Desarrollo Sustentable del Gobierno de San Juan, realiza la primera siembra de de pejerrey de la temporada.<\/p>\n<p>Unos 400 juveniles de pejerrey en el embarcadero del dique Punta Negra. Esta especie es fundamental para la pesca deportiva en la regi\u00f3n, y su liberaci\u00f3n busca no solo fomentar esta actividad, sino tambi\u00e9n impulsar el turismo en la zona.<\/p>\n<p>Los ejemplares, producidos en el Parque de la Biodiversidad, forman parte de un esfuerzo conjunto por promover el desarrollo sostenible en la provincia, reflejando el compromiso del gobierno con la preservaci\u00f3n de los ecosistemas acu\u00e1ticos y el desarrollo econ\u00f3mico local.<\/p>\n<p>Esta primera siembra cuenta con la presencia de autoridades de la Secretar\u00eda de Ambiente y Desarrollo Sustentable\u00a0 y del Ministro de Turismo, Cultura y Deporte del Gobierno de San Juan, miembros de la Asociaci\u00f3n Civil de Pesca Deportiva y Actividad N\u00e1utica, quienes acompa\u00f1an a los bi\u00f3logos y especialistas responsables de concretar el proceso de siembra.<\/p>\n<p>El dique Punta Negra, ubicado sobre el r\u00edo San Juan, en el l\u00edmite entre los departamentos Ull\u00fam y Zonda, es un destino popular tanto para turistas como para aficionados a la pesca. Sus aguas cristalinas, rodeadas de imponentes monta\u00f1as, alcanzan profundidades de m\u00e1s de 100 metros y albergan especies como el pejerrey, atrayendo a cientos de visitantes cada a\u00f1o.<\/p>\n<p><img loading=\"lazy\" decoding=\"async\" class=\"alignnone size-large wp-image-42613\" src=\"https:\/\/vocesparalelas.com.ar\/sitio\/wp-content\/uploads\/2021\/10\/PUNTA-NEGRA-1-800x600.jpg\" alt=\"\" width=\"800\" height=\"600\" srcset=\"https:\/\/vocesparalelas.com.ar\/sitio\/wp-content\/uploads\/2021\/10\/PUNTA-NEGRA-1-800x600.jpg 800w, https:\/\/vocesparalelas.com.ar\/sitio\/wp-content\/uploads\/2021\/10\/PUNTA-NEGRA-1-300x225.jpg 300w, https:\/\/vocesparalelas.com.ar\/sitio\/wp-content\/uploads\/2021\/10\/PUNTA-NEGRA-1-768x576.jpg 768w, https:\/\/vocesparalelas.com.ar\/sitio\/wp-content\/uploads\/2021\/10\/PUNTA-NEGRA-1.jpg 1024w\" sizes=\"auto, (max-width: 800px) 100vw, 800px\" \/><\/p>\n","protected":false},"excerpt":{"rendered":"<p>El Jueves, 26 de Septiembre de 2024, a las 9:00 hs, la Direcci\u00f3n de Ecolog\u00eda Urbana dependiente de la Secretar\u00eda<\/p>\n","protected":false},"author":3,"featured_media":77231,"comment_status":"closed","ping_status":"closed","sticky":false,"template":"","format":"standard","meta":{"_acf_changed":false,"_seopress_robots_primary_cat":"none","_seopress_titles_title":"","_seopress_titles_desc":"","_seopress_robots_index":"","colormag_page_container_layout":"default_layout","colormag_page_sidebar_layout":"default_layout","footnotes":""},"categories":[2],"tags":[],"class_list":["post-77228","post","type-post","status-publish","format-standard","has-post-thumbnail","hentry","category-convocatorias"],"acf":[],"_links":{"self":[{"href":"https:\/\/vocesparalelas.com.ar\/sitio\/wp-json\/wp\/v2\/posts\/77228","targetHints":{"allow":["GET"]}}],"collection":[{"href":"https:\/\/vocesparalelas.com.ar\/sitio\/wp-json\/wp\/v2\/posts"}],"about":[{"href":"https:\/\/vocesparalelas.com.ar\/sitio\/wp-json\/wp\/v2\/types\/post"}],"author":[{"embeddable":true,"href":"https:\/\/vocesparalelas.com.ar\/sitio\/wp-json\/wp\/v2\/users\/3"}],"replies":[{"embeddable":true,"href":"https:\/\/vocesparalelas.com.ar\/sitio\/wp-json\/wp\/v2\/comments?post=77228"}],"version-history":[{"count":1,"href":"https:\/\/vocesparalelas.com.ar\/sitio\/wp-json\/wp\/v2\/posts\/77228\/revisions"}],"predecessor-version":[{"id":77232,"href":"https:\/\/vocesparalelas.com.ar\/sitio\/wp-json\/wp\/v2\/posts\/77228\/revisions\/77232"}],"wp:featuredmedia":[{"embeddable":true,"href":"https:\/\/vocesparalelas.com.ar\/sitio\/wp-json\/wp\/v2\/media\/77231"}],"wp:attachment":[{"href":"https:\/\/vocesparalelas.com.ar\/sitio\/wp-json\/wp\/v2\/media?parent=77228"}],"wp:term":[{"taxonomy":"category","embeddable":true,"href":"https:\/\/vocesparalelas.com.ar\/sitio\/wp-json\/wp\/v2\/categories?post=77228"},{"taxonomy":"post_tag","embeddable":true,"href":"https:\/\/vocesparalelas.com.ar\/sitio\/wp-json\/wp\/v2\/tags?post=77228"}],"curies":[{"name":"wp","href":"https:\/\/api.w.org\/{rel}","templated":true}]}}