{"id":77223,"date":"2024-09-23T21:49:56","date_gmt":"2024-09-24T00:49:56","guid":{"rendered":"https:\/\/vocesparalelas.com.ar\/sitio\/?p=77223"},"modified":"2024-09-24T00:50:11","modified_gmt":"2024-09-24T03:50:11","slug":"se-reunio-la-comision-de-hacienda-y-presupuesto-de-la-camara-de-diputados-de-san-juan-4","status":"publish","type":"post","link":"https:\/\/vocesparalelas.com.ar\/sitio\/se-reunio-la-comision-de-hacienda-y-presupuesto-de-la-camara-de-diputados-de-san-juan-4\/","title":{"rendered":"Se reuni\u00f3 la Comisi\u00f3n de Hacienda y Presupuesto de la C\u00e1mara de Diputados de San Juan"},"content":{"rendered":"<p>El Lunes, 23 de septiembre, los Diputados integrantes de la Comisi\u00f3n de Hacienda y Presupuesto de la C\u00e1mara de Diputados de San Juan, se reunieron para analizar y estudiar los proyectos presentados.<\/p>\n<p>El encuentro estuvo presidida por el presidente de comisi\u00f3n, diputado Franco Aranda y participaron los legisladores Carlos Jaime Quiroga, Mar\u00eda Lascano, Rosana Luque, Miguel Vega, Marisa L\u00f3pez, Stella Caparros, Mario Herrero y Alejandra Leonardo.<\/p>\n<p>En la oportunidad, trataron seis proyectos de comunicaci\u00f3n que solicitan al Poder Ejecutivo Provincial, a trav\u00e9s del Ministerio de Hacienda y Finanzas gestione ante Banco San Juan, la instalaci\u00f3n de cajeros autom\u00e1ticos en:<\/p>\n<ul>\n<li>Las localidades de Huaco, Niquivil y Pampa Vieja en el departamento de J\u00e1chal. (diputado Miguel Vega)<\/li>\n<li>En el C.I.C. (Centro Integrador Comunitario) de Campo Afuera, en el departamento Albard\u00f3n. (Diputado Pedro Albagli)<\/li>\n<li>En el Distrito la Puntilla y el distrito Dos Acequias del Departamento San Martin. (Diputada Marta Gramajo)<\/li>\n<li>En el C.I.C. (Centro Integrador Comunitario) de calle La Laja y Nacional, en el Departamento Albard\u00f3n. (Diputado Pedro Albagli)<\/li>\n<li>En la localidad de Usno y en el Parque Provincial lschigualasto en el departamento de Valle F\u00e9rtil. (Diputado Omar Ortiz)<\/li>\n<li>En las localidades de Vallecito y de Bermejo del departamento Caucete. (Diputado Emilio Escudero)<\/li>\n<\/ul>\n<figure id=\"attachment_37951\" aria-describedby=\"caption-attachment-37951\" style=\"width: 800px\" class=\"wp-caption alignnone\"><img loading=\"lazy\" decoding=\"async\" class=\"size-full wp-image-37951\" src=\"https:\/\/vocesparalelas.com.ar\/sitio\/wp-content\/uploads\/2021\/05\/CAMARA-EDIFICIO.jpg\" alt=\"\" width=\"800\" height=\"515\" srcset=\"https:\/\/vocesparalelas.com.ar\/sitio\/wp-content\/uploads\/2021\/05\/CAMARA-EDIFICIO.jpg 800w, https:\/\/vocesparalelas.com.ar\/sitio\/wp-content\/uploads\/2021\/05\/CAMARA-EDIFICIO-300x193.jpg 300w, https:\/\/vocesparalelas.com.ar\/sitio\/wp-content\/uploads\/2021\/05\/CAMARA-EDIFICIO-768x494.jpg 768w\" sizes=\"auto, (max-width: 800px) 100vw, 800px\" \/><figcaption id=\"caption-attachment-37951\" class=\"wp-caption-text\">Legislatura Provincial de San Juan, Rep\u00fablica Argentina<\/figcaption><\/figure>\n","protected":false},"excerpt":{"rendered":"<p>El Lunes, 23 de septiembre, los Diputados integrantes de la Comisi\u00f3n de Hacienda y Presupuesto de la C\u00e1mara de Diputados<\/p>\n","protected":false},"author":3,"featured_media":77226,"comment_status":"closed","ping_status":"closed","sticky":false,"template":"","format":"standard","meta":{"_acf_changed":false,"_seopress_robots_primary_cat":"none","_seopress_titles_title":"","_seopress_titles_desc":"","_seopress_robots_index":"","colormag_page_container_layout":"default_layout","colormag_page_sidebar_layout":"default_layout","footnotes":""},"categories":[1],"tags":[],"class_list":["post-77223","post","type-post","status-publish","format-standard","has-post-thumbnail","hentry","category-destacadas"],"acf":[],"_links":{"self":[{"href":"https:\/\/vocesparalelas.com.ar\/sitio\/wp-json\/wp\/v2\/posts\/77223","targetHints":{"allow":["GET"]}}],"collection":[{"href":"https:\/\/vocesparalelas.com.ar\/sitio\/wp-json\/wp\/v2\/posts"}],"about":[{"href":"https:\/\/vocesparalelas.com.ar\/sitio\/wp-json\/wp\/v2\/types\/post"}],"author":[{"embeddable":true,"href":"https:\/\/vocesparalelas.com.ar\/sitio\/wp-json\/wp\/v2\/users\/3"}],"replies":[{"embeddable":true,"href":"https:\/\/vocesparalelas.com.ar\/sitio\/wp-json\/wp\/v2\/comments?post=77223"}],"version-history":[{"count":1,"href":"https:\/\/vocesparalelas.com.ar\/sitio\/wp-json\/wp\/v2\/posts\/77223\/revisions"}],"predecessor-version":[{"id":77227,"href":"https:\/\/vocesparalelas.com.ar\/sitio\/wp-json\/wp\/v2\/posts\/77223\/revisions\/77227"}],"wp:featuredmedia":[{"embeddable":true,"href":"https:\/\/vocesparalelas.com.ar\/sitio\/wp-json\/wp\/v2\/media\/77226"}],"wp:attachment":[{"href":"https:\/\/vocesparalelas.com.ar\/sitio\/wp-json\/wp\/v2\/media?parent=77223"}],"wp:term":[{"taxonomy":"category","embeddable":true,"href":"https:\/\/vocesparalelas.com.ar\/sitio\/wp-json\/wp\/v2\/categories?post=77223"},{"taxonomy":"post_tag","embeddable":true,"href":"https:\/\/vocesparalelas.com.ar\/sitio\/wp-json\/wp\/v2\/tags?post=77223"}],"curies":[{"name":"wp","href":"https:\/\/api.w.org\/{rel}","templated":true}]}}