{"id":77218,"date":"2024-09-23T20:45:05","date_gmt":"2024-09-23T23:45:05","guid":{"rendered":"https:\/\/vocesparalelas.com.ar\/sitio\/?p=77218"},"modified":"2024-09-24T23:28:03","modified_gmt":"2024-09-25T02:28:03","slug":"fabricio-montilla-presenta-encendido-en-el-tb-de-san-juan","status":"publish","type":"post","link":"https:\/\/vocesparalelas.com.ar\/sitio\/fabricio-montilla-presenta-encendido-en-el-tb-de-san-juan\/","title":{"rendered":"Fabricio Montilla presenta \u00abEncendido\u00bb en el TB de San Juan"},"content":{"rendered":"<p>El Viernes, 27 de Septiembre, a las 21.30 hs.; en el Teatro Bicentenario, Fabricio Montilla presenta su sexto disco \u00abEncendido\u00bb.<\/p>\n<p>Es un show inmersivo, un encuentro sensorial con sus nuevas canciones electro pop, house, R&amp;B, indie y reguet\u00f3n. El show contar\u00e1 con la participaci\u00f3n de Eugenia Renata, Jonatan Coco R\u00edos, Esha, Fondo de Bikini y Julia Denardi. Una rave cuyana que le canta a la monta\u00f1a en un beat.\u00a0El nuevo disco, contempor\u00e1neo y maduro a la vez, presenta la proyecci\u00f3n nacional del artista.<\/p>\n<p>\u201cNo me olvido \/ mis latidos me recuerdan que a\u00fan estoy vivo \/ sigo bailando, sigo viajando \/ no me apago, estoy encendido\u201d, canta Fabricio Montilla.<\/p>\n<p>\u201cEncendido\u201d es el sexto disco del m\u00fasico sanjuanino Fabricio Montilla. Siete canciones de su autor\u00eda construidas a partir de m\u00e1quinas de ritmo, sintetizadores envolventes y samplers, donde muestra su lado electropop.<\/p>\n<p>En este nuevo material, Fabricio da un giro introspectivo hacia paisajes sonoros melanc\u00f3licos y energizantes a la vez. Desde el primer acorde, el \u00e1lbum nos sumerge en sonidos digitales y reflexiones contempor\u00e1neas, intensas y simples. \u201cEncendido\u201d le canta a la vida moderna: desde recuperar el contacto humano en los abrazos o el cuidado de la cordillera y el agua, hasta la evocaci\u00f3n de los sue\u00f1os v\u00edvidos, la libertad y el amor. Propone melod\u00edas pop, repeticiones hipn\u00f3ticas, groove and chill, synth pop, house, reggaet\u00f3n y R&amp;B.<\/p>\n<p>\u201cEncendido\u201d fue producido por Kevin Borensztein, quien trabaj\u00f3 con No Lo Soporto, Intr\u00e9pidos Navegantes, Indios, Leo Garc\u00eda, Marcelo Moura, Clara Cava, Mompox, Avant Press de Leo Garc\u00eda y El Chacal y los Alpes Floreados.<\/p>\n<p><span style=\"color: #ff6600;\"><strong>Entradas<\/strong><\/span><\/p>\n<p>Se pueden adquirir a $4000<\/p>\n<p><a href=\"http:\/\/tuentrada.com\">http:\/\/tuentrada.com<\/a><\/p>\n<p><span style=\"color: #ff6600;\"><strong>Tracklist<\/strong><\/span><\/p>\n<ol>\n<li>Herida<\/li>\n<li>Ram\u00f3n<\/li>\n<li>Latidos<\/li>\n<li>Bienvenida<\/li>\n<li>Encendido<\/li>\n<li>California feat Esha<\/li>\n<li>Quiero<\/li>\n<\/ol>\n<p>&nbsp;<\/p>\n<p><iframe loading=\"lazy\" title=\"Fabricio Montilla - Herida  (Video Oficial) Vertical\" width=\"800\" height=\"450\" src=\"https:\/\/www.youtube.com\/embed\/laiEwMhjlXU?feature=oembed\" frameborder=\"0\" allow=\"accelerometer; autoplay; clipboard-write; encrypted-media; gyroscope; picture-in-picture; web-share\" referrerpolicy=\"strict-origin-when-cross-origin\" allowfullscreen><\/iframe><\/p>\n<p>&nbsp;<\/p>\n<p><img loading=\"lazy\" decoding=\"async\" class=\"alignnone size-large wp-image-21666\" src=\"https:\/\/vocesparalelas.com.ar\/sitio\/wp-content\/uploads\/2019\/06\/TEATRO-BICENTENARIO-10-800x600.jpg\" alt=\"\" width=\"800\" height=\"600\" srcset=\"https:\/\/vocesparalelas.com.ar\/sitio\/wp-content\/uploads\/2019\/06\/TEATRO-BICENTENARIO-10-800x600.jpg 800w, https:\/\/vocesparalelas.com.ar\/sitio\/wp-content\/uploads\/2019\/06\/TEATRO-BICENTENARIO-10-300x225.jpg 300w, https:\/\/vocesparalelas.com.ar\/sitio\/wp-content\/uploads\/2019\/06\/TEATRO-BICENTENARIO-10-768x576.jpg 768w, https:\/\/vocesparalelas.com.ar\/sitio\/wp-content\/uploads\/2019\/06\/TEATRO-BICENTENARIO-10.jpg 1000w\" sizes=\"auto, (max-width: 800px) 100vw, 800px\" \/><\/p>\n","protected":false},"excerpt":{"rendered":"<p>El Viernes, 27 de Septiembre, a las 21.30 hs.; en el Teatro Bicentenario, Fabricio Montilla presenta su sexto disco \u00abEncendido\u00bb.<\/p>\n","protected":false},"author":3,"featured_media":77221,"comment_status":"closed","ping_status":"closed","sticky":false,"template":"","format":"standard","meta":{"_acf_changed":false,"_seopress_robots_primary_cat":"none","_seopress_titles_title":"","_seopress_titles_desc":"","_seopress_robots_index":"","colormag_page_container_layout":"default_layout","colormag_page_sidebar_layout":"default_layout","footnotes":""},"categories":[20],"tags":[],"class_list":["post-77218","post","type-post","status-publish","format-standard","has-post-thumbnail","hentry","category-cartelera"],"acf":[],"_links":{"self":[{"href":"https:\/\/vocesparalelas.com.ar\/sitio\/wp-json\/wp\/v2\/posts\/77218","targetHints":{"allow":["GET"]}}],"collection":[{"href":"https:\/\/vocesparalelas.com.ar\/sitio\/wp-json\/wp\/v2\/posts"}],"about":[{"href":"https:\/\/vocesparalelas.com.ar\/sitio\/wp-json\/wp\/v2\/types\/post"}],"author":[{"embeddable":true,"href":"https:\/\/vocesparalelas.com.ar\/sitio\/wp-json\/wp\/v2\/users\/3"}],"replies":[{"embeddable":true,"href":"https:\/\/vocesparalelas.com.ar\/sitio\/wp-json\/wp\/v2\/comments?post=77218"}],"version-history":[{"count":1,"href":"https:\/\/vocesparalelas.com.ar\/sitio\/wp-json\/wp\/v2\/posts\/77218\/revisions"}],"predecessor-version":[{"id":77222,"href":"https:\/\/vocesparalelas.com.ar\/sitio\/wp-json\/wp\/v2\/posts\/77218\/revisions\/77222"}],"wp:featuredmedia":[{"embeddable":true,"href":"https:\/\/vocesparalelas.com.ar\/sitio\/wp-json\/wp\/v2\/media\/77221"}],"wp:attachment":[{"href":"https:\/\/vocesparalelas.com.ar\/sitio\/wp-json\/wp\/v2\/media?parent=77218"}],"wp:term":[{"taxonomy":"category","embeddable":true,"href":"https:\/\/vocesparalelas.com.ar\/sitio\/wp-json\/wp\/v2\/categories?post=77218"},{"taxonomy":"post_tag","embeddable":true,"href":"https:\/\/vocesparalelas.com.ar\/sitio\/wp-json\/wp\/v2\/tags?post=77218"}],"curies":[{"name":"wp","href":"https:\/\/api.w.org\/{rel}","templated":true}]}}