{"id":77213,"date":"2024-09-23T22:17:53","date_gmt":"2024-09-24T01:17:53","guid":{"rendered":"https:\/\/vocesparalelas.com.ar\/sitio\/?p=77213"},"modified":"2024-09-25T00:10:07","modified_gmt":"2024-09-25T03:10:07","slug":"primer-festival-de-musica-popular-argentina-con-la-orquesta-tipica-san-juan","status":"publish","type":"post","link":"https:\/\/vocesparalelas.com.ar\/sitio\/primer-festival-de-musica-popular-argentina-con-la-orquesta-tipica-san-juan\/","title":{"rendered":"Primer Festival de M\u00fasica Popular Argentina con la Orquesta T\u00edpica San Juan"},"content":{"rendered":"<p>El S\u00e1bado, 28 de Septiembre, a las 21:30 horas, en el Auditorio Ing. Juan Victoria se desarrolla el Primer Festival de M\u00fasica Popular Argentina con la Orquesta T\u00edpica San Juan, bajo la direcci\u00f3n de Esteban Calder\u00f3n, con una noche de tango inolvidable y acompa\u00f1ada por los cantantes Hugo C\u00e1rdenas, Flor Tomassini y Eduardo M\u00e1rquez.<\/p>\n<p>La Orquesta T\u00edpica San Juan, fue fundada en 2012. Ha sido una de las principales promotoras de la m\u00fasica tango en San Juan. Con dos \u00e1lbumes editados y participaciones en festivales de tango en Buenos Aires, Mendoza y Chile. El conjunto ha demostrado su compromiso con la preservaci\u00f3n y difusi\u00f3n de la sonoridad de las grandes orquestas de tango.<\/p>\n<p>En este concierto especial se presenta un repertorio diverso y sentido, con obras de grandes poetas y compositores del tango, como Homero Manzi, Catulo Castillo, An\u00edbal Troilo y Horacio Salgan.<\/p>\n<p><strong><span style=\"color: #ff6600;\">Integrantes de la Orquesta T\u00edpica San Juan<\/span><\/strong><\/p>\n<ul>\n<li>Viol\u00edn I: Alfredo Agusto, Ariel Sarduy<\/li>\n<li>Viol\u00edn II: Alejandro Cuadra<\/li>\n<li>Viol\u00edn III: Martina Almonacid<\/li>\n<li>Viola: Gala Grosman<\/li>\n<li>Violonchelo: Samuel Campos<\/li>\n<li>Contrabajo: Diego Oliver<\/li>\n<li>Piano: Orlando Tejada<\/li>\n<li>Bandone\u00f3n I, arreglos y direcci\u00f3n: Esteban Calder\u00f3n<\/li>\n<li>Bandone\u00f3n II: Javier Escobar<\/li>\n<li>Bandone\u00f3n III: Guillermo Illanes.<\/li>\n<\/ul>\n<p><span style=\"color: #ff6600;\"><strong>Entrada<\/strong><\/span><\/p>\n<p>Bono contribuci\u00f3n de $4.000 pesos y se puede adquirir en la boleter\u00eda del Auditorio.<\/p>\n<p>&nbsp;<\/p>\n<p><img loading=\"lazy\" decoding=\"async\" class=\"alignnone size-full wp-image-61468\" src=\"https:\/\/vocesparalelas.com.ar\/sitio\/wp-content\/uploads\/2023\/07\/AUDITORIO-EDIFICIO.jpg\" alt=\"\" width=\"800\" height=\"533\" srcset=\"https:\/\/vocesparalelas.com.ar\/sitio\/wp-content\/uploads\/2023\/07\/AUDITORIO-EDIFICIO.jpg 800w, https:\/\/vocesparalelas.com.ar\/sitio\/wp-content\/uploads\/2023\/07\/AUDITORIO-EDIFICIO-300x200.jpg 300w, https:\/\/vocesparalelas.com.ar\/sitio\/wp-content\/uploads\/2023\/07\/AUDITORIO-EDIFICIO-768x512.jpg 768w\" sizes=\"auto, (max-width: 800px) 100vw, 800px\" \/><\/p>\n","protected":false},"excerpt":{"rendered":"<p>El S\u00e1bado, 28 de Septiembre, a las 21:30 horas, en el Auditorio Ing. Juan Victoria se desarrolla el Primer Festival<\/p>\n","protected":false},"author":3,"featured_media":77216,"comment_status":"closed","ping_status":"closed","sticky":false,"template":"","format":"standard","meta":{"_acf_changed":false,"_seopress_robots_primary_cat":"none","_seopress_titles_title":"","_seopress_titles_desc":"","_seopress_robots_index":"","colormag_page_container_layout":"default_layout","colormag_page_sidebar_layout":"default_layout","footnotes":""},"categories":[20],"tags":[],"class_list":["post-77213","post","type-post","status-publish","format-standard","has-post-thumbnail","hentry","category-cartelera"],"acf":[],"_links":{"self":[{"href":"https:\/\/vocesparalelas.com.ar\/sitio\/wp-json\/wp\/v2\/posts\/77213","targetHints":{"allow":["GET"]}}],"collection":[{"href":"https:\/\/vocesparalelas.com.ar\/sitio\/wp-json\/wp\/v2\/posts"}],"about":[{"href":"https:\/\/vocesparalelas.com.ar\/sitio\/wp-json\/wp\/v2\/types\/post"}],"author":[{"embeddable":true,"href":"https:\/\/vocesparalelas.com.ar\/sitio\/wp-json\/wp\/v2\/users\/3"}],"replies":[{"embeddable":true,"href":"https:\/\/vocesparalelas.com.ar\/sitio\/wp-json\/wp\/v2\/comments?post=77213"}],"version-history":[{"count":1,"href":"https:\/\/vocesparalelas.com.ar\/sitio\/wp-json\/wp\/v2\/posts\/77213\/revisions"}],"predecessor-version":[{"id":77217,"href":"https:\/\/vocesparalelas.com.ar\/sitio\/wp-json\/wp\/v2\/posts\/77213\/revisions\/77217"}],"wp:featuredmedia":[{"embeddable":true,"href":"https:\/\/vocesparalelas.com.ar\/sitio\/wp-json\/wp\/v2\/media\/77216"}],"wp:attachment":[{"href":"https:\/\/vocesparalelas.com.ar\/sitio\/wp-json\/wp\/v2\/media?parent=77213"}],"wp:term":[{"taxonomy":"category","embeddable":true,"href":"https:\/\/vocesparalelas.com.ar\/sitio\/wp-json\/wp\/v2\/categories?post=77213"},{"taxonomy":"post_tag","embeddable":true,"href":"https:\/\/vocesparalelas.com.ar\/sitio\/wp-json\/wp\/v2\/tags?post=77213"}],"curies":[{"name":"wp","href":"https:\/\/api.w.org\/{rel}","templated":true}]}}