{"id":77208,"date":"2024-09-23T23:02:59","date_gmt":"2024-09-24T02:02:59","guid":{"rendered":"https:\/\/vocesparalelas.com.ar\/sitio\/?p=77208"},"modified":"2024-09-25T00:20:26","modified_gmt":"2024-09-25T03:20:26","slug":"auditoria-en-la-camara-de-diputados-de-san-juan-hacia-el-premio-provincial-a-la-calidad","status":"publish","type":"post","link":"https:\/\/vocesparalelas.com.ar\/sitio\/auditoria-en-la-camara-de-diputados-de-san-juan-hacia-el-premio-provincial-a-la-calidad\/","title":{"rendered":"Auditor\u00eda en la C\u00e1mara de Diputados de San Juan hacia el \u00abPremio Provincial a la Calidad\u00bb"},"content":{"rendered":"<div class=\"com-content-article__body\">\n<p>Autoridades y un grupo de evaluadores visitaron la Legislatura Provincial de San Juan y fueron recibidos por el vicegobernador Dr. Fabi\u00e1n Mart\u00edn.<\/p>\n<p>Participaron de la reuni\u00f3n de recepci\u00f3n los secretarios Legislativo, Dr. Gustavo Velert, y Administrativo, Lic. Jorge Fern\u00e1ndez; el coordinador del Premio Provincial a la Calidad, Fernando Castillo; el subdirector de Calidad y Procesos, Jos\u00e9 Carlos Mestre; los evaluadores Leonardo P\u00e9rez, Andrea Ferrer y Pablo Villafa\u00f1e; y dem\u00e1s autoridades de la C\u00e1mara de Diputados de San Juan.<\/p>\n<p>En primer t\u00e9rmino, dialogaron con los representantes del Poder Legislativo respecto a marcos generales de la iniciativa y de los trabajos a realizar. Durante la recepci\u00f3n, el\u00a0vicegobernador Fabi\u00e1n Mart\u00edn\u00a0coment\u00f3\u00a0\u201cson acciones que, en cualquier lugar, sea p\u00fablico o privado, nos permite crecer. As\u00ed que es muy importante que desde la C\u00e1mara continuemos con esta pol\u00edtica de calidad\u201d.<\/p>\n<p>Al respecto,\u00a0Fernando Castillo\u00a0destac\u00f3 el compromiso y la labor que la Legislatura Provincial lleva adelante hace a\u00f1os participando en el Premio Provincial, y expres\u00f3 que\u00a0\u201ces una entidad netamente pol\u00edtica y es importante destacar que bajan a planes, objetivos, indicadores y evaluaciones, para promover la mejora continua. En ese sentido esperamos darles una devoluci\u00f3n que contribuya en ese camino\u201d.<\/p>\n<p>A continuaci\u00f3n, los visitantes recorrieron diversas oficinas de la Casa de Todos para visualizar las situaciones que consideraron necesarias. Cabe destacar que el concurso cuenta con 35 evaluadores abocados a las 54 organizaciones inscriptas, entre p\u00fablicas y privadas.<\/p>\n<\/div>\n<figure id=\"attachment_37951\" aria-describedby=\"caption-attachment-37951\" style=\"width: 800px\" class=\"wp-caption alignnone\"><img loading=\"lazy\" decoding=\"async\" class=\"size-full wp-image-37951\" src=\"https:\/\/vocesparalelas.com.ar\/sitio\/wp-content\/uploads\/2021\/05\/CAMARA-EDIFICIO.jpg\" alt=\"\" width=\"800\" height=\"515\" srcset=\"https:\/\/vocesparalelas.com.ar\/sitio\/wp-content\/uploads\/2021\/05\/CAMARA-EDIFICIO.jpg 800w, https:\/\/vocesparalelas.com.ar\/sitio\/wp-content\/uploads\/2021\/05\/CAMARA-EDIFICIO-300x193.jpg 300w, https:\/\/vocesparalelas.com.ar\/sitio\/wp-content\/uploads\/2021\/05\/CAMARA-EDIFICIO-768x494.jpg 768w\" sizes=\"auto, (max-width: 800px) 100vw, 800px\" \/><figcaption id=\"caption-attachment-37951\" class=\"wp-caption-text\">Legislatura Provincial de San Juan, Rep\u00fablica Argentina<\/figcaption><\/figure>\n","protected":false},"excerpt":{"rendered":"<p>Autoridades y un grupo de evaluadores visitaron la Legislatura Provincial de San Juan y fueron recibidos por el vicegobernador Dr.<\/p>\n","protected":false},"author":3,"featured_media":77211,"comment_status":"closed","ping_status":"closed","sticky":false,"template":"","format":"standard","meta":{"_acf_changed":false,"_seopress_robots_primary_cat":"none","_seopress_titles_title":"","_seopress_titles_desc":"","_seopress_robots_index":"","colormag_page_container_layout":"default_layout","colormag_page_sidebar_layout":"default_layout","footnotes":""},"categories":[8],"tags":[],"class_list":["post-77208","post","type-post","status-publish","format-standard","has-post-thumbnail","hentry","category-concursos"],"acf":[],"_links":{"self":[{"href":"https:\/\/vocesparalelas.com.ar\/sitio\/wp-json\/wp\/v2\/posts\/77208","targetHints":{"allow":["GET"]}}],"collection":[{"href":"https:\/\/vocesparalelas.com.ar\/sitio\/wp-json\/wp\/v2\/posts"}],"about":[{"href":"https:\/\/vocesparalelas.com.ar\/sitio\/wp-json\/wp\/v2\/types\/post"}],"author":[{"embeddable":true,"href":"https:\/\/vocesparalelas.com.ar\/sitio\/wp-json\/wp\/v2\/users\/3"}],"replies":[{"embeddable":true,"href":"https:\/\/vocesparalelas.com.ar\/sitio\/wp-json\/wp\/v2\/comments?post=77208"}],"version-history":[{"count":1,"href":"https:\/\/vocesparalelas.com.ar\/sitio\/wp-json\/wp\/v2\/posts\/77208\/revisions"}],"predecessor-version":[{"id":77212,"href":"https:\/\/vocesparalelas.com.ar\/sitio\/wp-json\/wp\/v2\/posts\/77208\/revisions\/77212"}],"wp:featuredmedia":[{"embeddable":true,"href":"https:\/\/vocesparalelas.com.ar\/sitio\/wp-json\/wp\/v2\/media\/77211"}],"wp:attachment":[{"href":"https:\/\/vocesparalelas.com.ar\/sitio\/wp-json\/wp\/v2\/media?parent=77208"}],"wp:term":[{"taxonomy":"category","embeddable":true,"href":"https:\/\/vocesparalelas.com.ar\/sitio\/wp-json\/wp\/v2\/categories?post=77208"},{"taxonomy":"post_tag","embeddable":true,"href":"https:\/\/vocesparalelas.com.ar\/sitio\/wp-json\/wp\/v2\/tags?post=77208"}],"curies":[{"name":"wp","href":"https:\/\/api.w.org\/{rel}","templated":true}]}}