{"id":77200,"date":"2024-09-23T22:42:00","date_gmt":"2024-09-24T01:42:00","guid":{"rendered":"https:\/\/vocesparalelas.com.ar\/sitio\/?p=77200"},"modified":"2024-09-24T11:01:22","modified_gmt":"2024-09-24T14:01:22","slug":"tomoko-ohno-y-yamile-burich-de-san-juan-concierto-de-jazz-en-el-tb","status":"publish","type":"post","link":"https:\/\/vocesparalelas.com.ar\/sitio\/tomoko-ohno-y-yamile-burich-de-san-juan-concierto-de-jazz-en-el-tb\/","title":{"rendered":"Tomoko Ohno y Yamile Burich de San Juan \u00abConcierto de Jazz\u00bb en el TB"},"content":{"rendered":"<p dir=\"ltr\">El Ministerio de Turismo, Cultura y Deporte, del Gobierno de San Juan a trav\u00e9s del Teatro del Bicentenario, presenta a Tomoko Ohno y Yamile Burich, el Mi\u00e9rcoles, 30 de Octubre, a las 21:30hs, en la Sala Audit\u00f3rium del Teatro del Bicentenario, en un imperdible concierto de jazz. A cargo del Circuito de Jazz Nacional, este ciclo propone una programaci\u00f3n mensual de seis fechas encabezadas por artistas nacionales e internacionales.<\/p>\n<p>La primera de las fechas fue en agosto, de la mano de dos tr\u00edos locales, GON y el de Abel Herrera. Una vibrante noche que vio composiciones de jazz tradicional fusionado con bossa nova, R&amp;B, rock, jazz latino y chill out. La segunda cita, en septiembre, es la de Creativa Jazz, un ensamble de m\u00fasicos acad\u00e9micos que llega a la provincia desde Uruguay.<\/p>\n<p>En esta tercera sesi\u00f3n del ciclo, la pianista japonesa Tomoko Ohno se une a la saxofonista Yamile Burich en un concierto donde la fusi\u00f3n del jazz y tango de Ohno se encuentra con la energ\u00eda de Burich. Ambas con amplias trayectorias a nivel mundial en el g\u00e9nero, se preparan para deleitar al p\u00fablico sanjuanino con un gran repertorio jazz\u00edstico.<\/p>\n<p><strong><span style=\"color: #ff6600;\">Entradas<\/span><\/strong><\/p>\n<p>General de $4000 se encuentra disponible en boleter\u00eda de lunes a viernes de 9:30 a 14:00 hs, de 16:00 a 20:00 hs y s\u00e1bado de 10:00 a 14:00 hs. Tambi\u00e9n se puede adquirir en Tuentrada.com.<\/p>\n<p><a href=\"https:\/\/tbsj.tuentrada.com\/list\/events\">https:\/\/tbsj.tuentrada.com\/list\/events<\/a><\/p>\n<p>&nbsp;<\/p>\n<p><iframe loading=\"lazy\" title=\"Yamile Burich- Tomoko Ohno- Rosa Madreselva\" width=\"800\" height=\"450\" src=\"https:\/\/www.youtube.com\/embed\/VcXvTkoq9aM?feature=oembed\" frameborder=\"0\" allow=\"accelerometer; autoplay; clipboard-write; encrypted-media; gyroscope; picture-in-picture; web-share\" referrerpolicy=\"strict-origin-when-cross-origin\" allowfullscreen><\/iframe><\/p>\n<p><span style=\"color: #ff6600;\"><strong>Tomoko Ohno<\/strong><\/span><\/p>\n<p>Tomoko Ohno, nacida en Tokio, comenz\u00f3 a estudiar piano a la edad de 4 a\u00f1os. Cuando era adolescente, comenz\u00f3 a tocar profesionalmente en la escena del jazz del \u00e1rea de Tokio. Despu\u00e9s de graduarse en Derecho y Pol\u00edtica de la Universidad de Rikkyo, se mud\u00f3 a los Estados Unidos e ingres\u00f3 al Programa de Estudios de Jazz en la Universidad William Paterson en Nueva Jersey, donde estudi\u00f3 con Harold Mabern y Rufus Reid. Durante este tiempo tuvo la oportunidad de actuar con artistas como Jerome Richardson, Wynton Marsalis, Benny Golson y Joe Henderson. Ha actuado en el Lincoln Center, Weill Recital, Carnegie Hall, The Blue Note, Birdland, y colaborado en muchos proyectos con artistas de gran trayectoria internacional.<\/p>\n<p>Ohno tambi\u00e9n lidera su propio grupo y ha lanzado tres CD con el sello Tokuma, con sede en Jap\u00f3n. En 1997 se lanz\u00f3 su primer \u00e1lbum, \u00abPowder Blue\u00bb, y en 1999 selanz\u00f3 su segundo \u00e1lbum, \u00abAffirmation\u00bb, seguido en 2000 por el \u00e1lbum \u00abNatural Woman\u00bb. Su \u00e1lbum \u00abShadows of Spring\u00bb (grabado en Argentina) fue lanzado por MDR Records en 2005. \u00abTomoko Ohno in Buenos Aires\u00bb tambi\u00e9n fue lanzado por MDR Records en 2007. El \u00e1lbum a d\u00fao con el legendario guitarrista argentino Ricardo Lew \u00abDe Tokio a Buenos Aires\u00bb fue lanzado en la primavera de 2011.<\/p>\n<p>&nbsp;<\/p>\n<p dir=\"ltr\"><span style=\"color: #ff6600;\"><strong>Sobre Yamile Burich<\/strong><\/span><\/p>\n<p dir=\"ltr\">La saxofonista y compositora Yamile Burich, comenz\u00f3 sus estudios musicales mediante el aprendizaje del piano, a los cinco a\u00f1os. Su conexi\u00f3n con el jazz comenz\u00f3 tras escuchar a Charlie Parker, hecho que despert\u00f3 un gran inter\u00e9s por el g\u00e9nero y la llev\u00f3 a estudiar saxof\u00f3n en la Escuela Superior de M\u00fasica de la Provincia de Salta, su ciudad natal.<\/p>\n<p dir=\"ltr\">Luego viaj\u00f3 hacia Buenos Aires, hasta su partida rumbo a La Habana (Cuba) donde concurri\u00f3 al Instituto Superior de Arte y form\u00f3 parte de diferentes grupos de Salsa y Latin jazz en esta ciudad, durante dos a\u00f1os. Adem\u00e1s, obtuvo la beca para estudiar en Berklee (EE.UU), pero decidi\u00f3 establecerse en Londres donde ingres\u00f3 en Goldsmiths College para estudiar el programa de Jazz.<\/p>\n<p dir=\"ltr\">Ha viajado a Nueva York y Nueva Orleans en reiteradas ocasiones, en su af\u00e1n de perfeccionarse en el Jazz. Al regresar a la Argentina, en 2007, form\u00f3 el Yamile Burich Cuarteto con el cual grab\u00f3 el \u00e1lbum She&#8217;s the boss (2009) y Black Jack (2014). En 2014 form\u00f3 el quinteto femenino Yamile Burich &amp; Jazz Ladies, donde logr\u00f3 fusionar el lenguaje jazz\u00edstico con diferentes ritmos latinoamericanos.<\/p>\n<p dir=\"ltr\"><img loading=\"lazy\" decoding=\"async\" class=\"alignnone size-large wp-image-21666\" src=\"https:\/\/vocesparalelas.com.ar\/sitio\/wp-content\/uploads\/2019\/06\/TEATRO-BICENTENARIO-10-800x600.jpg\" alt=\"\" width=\"800\" height=\"600\" srcset=\"https:\/\/vocesparalelas.com.ar\/sitio\/wp-content\/uploads\/2019\/06\/TEATRO-BICENTENARIO-10-800x600.jpg 800w, https:\/\/vocesparalelas.com.ar\/sitio\/wp-content\/uploads\/2019\/06\/TEATRO-BICENTENARIO-10-300x225.jpg 300w, https:\/\/vocesparalelas.com.ar\/sitio\/wp-content\/uploads\/2019\/06\/TEATRO-BICENTENARIO-10-768x576.jpg 768w, https:\/\/vocesparalelas.com.ar\/sitio\/wp-content\/uploads\/2019\/06\/TEATRO-BICENTENARIO-10.jpg 1000w\" sizes=\"auto, (max-width: 800px) 100vw, 800px\" \/><\/p>\n","protected":false},"excerpt":{"rendered":"<p>El Ministerio de Turismo, Cultura y Deporte, del Gobierno de San Juan a trav\u00e9s del Teatro del Bicentenario, presenta a<\/p>\n","protected":false},"author":3,"featured_media":77203,"comment_status":"closed","ping_status":"closed","sticky":false,"template":"","format":"standard","meta":{"_acf_changed":false,"_seopress_robots_primary_cat":"none","_seopress_titles_title":"","_seopress_titles_desc":"","_seopress_robots_index":"","colormag_page_container_layout":"default_layout","colormag_page_sidebar_layout":"default_layout","footnotes":""},"categories":[20,7],"tags":[],"class_list":["post-77200","post","type-post","status-publish","format-standard","has-post-thumbnail","hentry","category-cartelera","category-videos"],"acf":[],"_links":{"self":[{"href":"https:\/\/vocesparalelas.com.ar\/sitio\/wp-json\/wp\/v2\/posts\/77200","targetHints":{"allow":["GET"]}}],"collection":[{"href":"https:\/\/vocesparalelas.com.ar\/sitio\/wp-json\/wp\/v2\/posts"}],"about":[{"href":"https:\/\/vocesparalelas.com.ar\/sitio\/wp-json\/wp\/v2\/types\/post"}],"author":[{"embeddable":true,"href":"https:\/\/vocesparalelas.com.ar\/sitio\/wp-json\/wp\/v2\/users\/3"}],"replies":[{"embeddable":true,"href":"https:\/\/vocesparalelas.com.ar\/sitio\/wp-json\/wp\/v2\/comments?post=77200"}],"version-history":[{"count":2,"href":"https:\/\/vocesparalelas.com.ar\/sitio\/wp-json\/wp\/v2\/posts\/77200\/revisions"}],"predecessor-version":[{"id":77238,"href":"https:\/\/vocesparalelas.com.ar\/sitio\/wp-json\/wp\/v2\/posts\/77200\/revisions\/77238"}],"wp:featuredmedia":[{"embeddable":true,"href":"https:\/\/vocesparalelas.com.ar\/sitio\/wp-json\/wp\/v2\/media\/77203"}],"wp:attachment":[{"href":"https:\/\/vocesparalelas.com.ar\/sitio\/wp-json\/wp\/v2\/media?parent=77200"}],"wp:term":[{"taxonomy":"category","embeddable":true,"href":"https:\/\/vocesparalelas.com.ar\/sitio\/wp-json\/wp\/v2\/categories?post=77200"},{"taxonomy":"post_tag","embeddable":true,"href":"https:\/\/vocesparalelas.com.ar\/sitio\/wp-json\/wp\/v2\/tags?post=77200"}],"curies":[{"name":"wp","href":"https:\/\/api.w.org\/{rel}","templated":true}]}}