{"id":77194,"date":"2024-09-23T20:53:28","date_gmt":"2024-09-23T23:53:28","guid":{"rendered":"https:\/\/vocesparalelas.com.ar\/sitio\/?p=77194"},"modified":"2024-09-24T23:29:28","modified_gmt":"2024-09-25T02:29:28","slug":"mejores-servicios-en-el-dique-de-punta-negra-de-san-juan-para-disfrutar-en-familia","status":"publish","type":"post","link":"https:\/\/vocesparalelas.com.ar\/sitio\/mejores-servicios-en-el-dique-de-punta-negra-de-san-juan-para-disfrutar-en-familia\/","title":{"rendered":"Mejores servicios en el Dique de Punta Negra de San Juan para disfrutar en familia"},"content":{"rendered":"<p>El Ministerio de Infraestructura,\u00a0 Agua y Energ\u00eda del Gobierno de San Juan realiza un importante proyecto en el Dique Punta Negra, un lugar de gran belleza natural y relevancia estrat\u00e9gica para la provincia. Como parte de un master plan integral, el objetivo es transformar este espacio en un entorno m\u00e1s seguro, confortable y sostenible, potenciando su atractivo como destino tur\u00edstico y espacio de recreaci\u00f3n.<\/p>\n<p><span style=\"color: #ff6600;\"><strong>La primera etapa del master plan contempla la construcci\u00f3n de un Nodo Institucional<\/strong><\/span><\/p>\n<ul>\n<li>Un puesto de primeros auxilios con acceso r\u00e1pido para ambulancias.<\/li>\n<li>Una oficina de n\u00e1utica para gestionar actividades y fomentar el uso responsable del recurso.<\/li>\n<li>Una oficina de medioambiente dedicada a la preservaci\u00f3n del entorno natural.<\/li>\n<li>Un centro de informes tur\u00edsticos.<\/li>\n<li>Sanitarios modernos y estacionamientos sectorizados.<\/li>\n<\/ul>\n<p>Adem\u00e1s, cuenta con un \u00e1rea de dos dormitorios para seis personas, un ba\u00f1o con ducha, una oficina con comedor, y un dep\u00f3sito para elementos de seguridad n\u00e1utica. Tambi\u00e9n, se incluye una peque\u00f1a kitchenette para el personal. La construcci\u00f3n se lleva a cabo con m\u00f3dulos preensamblados, dise\u00f1ados para las necesidades espec\u00edficas de cada espacio. La energ\u00eda proviene de una combinaci\u00f3n de conexi\u00f3n a la red y paneles solares, con una superficie cubierta de 102,42 m\u00b2 distribuidos en siete m\u00f3dulos y una superficie semicubierta de 25,80 m\u00b2.<\/p>\n<p>El presupuesto oficial asignado a esta primera etapa es de $325.888.578,15 y la apertura de los sobres de la Licitaci\u00f3n se realiza, el 25 de Septiembre de 2024.<\/p>\n<p>La segunda etapa del master plan<\/p>\n<ul>\n<li>Instalaci\u00f3n de una garita policial, para reforzar la seguridad.<\/li>\n<li>Reubicaci\u00f3n de la garita de control de pesca deportiva, para mejorar el acceso y control.<\/li>\n<li>Mejoras en los paradores, incluyendo nuevos bancos, mesas, estructuras de sombra fijas y una iluminaci\u00f3n optimizada.<\/li>\n<li>Estacionamientos organizados por sectores, facilitando la circulaci\u00f3n y el acceso.<\/li>\n<li>Parador Ruta Interlagos, con mejoras en sanitarios, ampliaci\u00f3n de estacionamientos, puesto de primeros auxilios y una garita policial.<\/li>\n<li>Mirador, con mejoras en iluminaci\u00f3n y estacionamientos sectorizados.<\/li>\n<li>Zona costera y balneario, que incorporar\u00e1 \u00e1reas de sombra con estructuras fijas y desmontables, adem\u00e1s de concesiones para guarda y alquiler de embarcaciones.<\/li>\n<li>Sectorizaci\u00f3n de estacionamientos para motorhomes y casas rodantes, brindando \u00e1reas espec\u00edficas para este tipo de veh\u00edculos.<\/li>\n<\/ul>\n<p><img loading=\"lazy\" decoding=\"async\" class=\"alignnone size-large wp-image-77198\" src=\"https:\/\/vocesparalelas.com.ar\/sitio\/wp-content\/uploads\/2024\/09\/PUNTA-NEGRA-MEJORAS-01-800x450.jpg\" alt=\"\" width=\"800\" height=\"450\" srcset=\"https:\/\/vocesparalelas.com.ar\/sitio\/wp-content\/uploads\/2024\/09\/PUNTA-NEGRA-MEJORAS-01-800x450.jpg 800w, https:\/\/vocesparalelas.com.ar\/sitio\/wp-content\/uploads\/2024\/09\/PUNTA-NEGRA-MEJORAS-01-300x169.jpg 300w, https:\/\/vocesparalelas.com.ar\/sitio\/wp-content\/uploads\/2024\/09\/PUNTA-NEGRA-MEJORAS-01-768x432.jpg 768w, https:\/\/vocesparalelas.com.ar\/sitio\/wp-content\/uploads\/2024\/09\/PUNTA-NEGRA-MEJORAS-01.jpg 1024w\" sizes=\"auto, (max-width: 800px) 100vw, 800px\" \/><\/p>\n","protected":false},"excerpt":{"rendered":"<p>El Ministerio de Infraestructura,\u00a0 Agua y Energ\u00eda del Gobierno de San Juan realiza un importante proyecto en el Dique Punta<\/p>\n","protected":false},"author":3,"featured_media":77197,"comment_status":"closed","ping_status":"closed","sticky":false,"template":"","format":"standard","meta":{"_acf_changed":false,"_seopress_robots_primary_cat":"none","_seopress_titles_title":"","_seopress_titles_desc":"","_seopress_robots_index":"","colormag_page_container_layout":"default_layout","colormag_page_sidebar_layout":"default_layout","footnotes":""},"categories":[6],"tags":[],"class_list":["post-77194","post","type-post","status-publish","format-standard","has-post-thumbnail","hentry","category-eventos"],"acf":[],"_links":{"self":[{"href":"https:\/\/vocesparalelas.com.ar\/sitio\/wp-json\/wp\/v2\/posts\/77194","targetHints":{"allow":["GET"]}}],"collection":[{"href":"https:\/\/vocesparalelas.com.ar\/sitio\/wp-json\/wp\/v2\/posts"}],"about":[{"href":"https:\/\/vocesparalelas.com.ar\/sitio\/wp-json\/wp\/v2\/types\/post"}],"author":[{"embeddable":true,"href":"https:\/\/vocesparalelas.com.ar\/sitio\/wp-json\/wp\/v2\/users\/3"}],"replies":[{"embeddable":true,"href":"https:\/\/vocesparalelas.com.ar\/sitio\/wp-json\/wp\/v2\/comments?post=77194"}],"version-history":[{"count":1,"href":"https:\/\/vocesparalelas.com.ar\/sitio\/wp-json\/wp\/v2\/posts\/77194\/revisions"}],"predecessor-version":[{"id":77199,"href":"https:\/\/vocesparalelas.com.ar\/sitio\/wp-json\/wp\/v2\/posts\/77194\/revisions\/77199"}],"wp:featuredmedia":[{"embeddable":true,"href":"https:\/\/vocesparalelas.com.ar\/sitio\/wp-json\/wp\/v2\/media\/77197"}],"wp:attachment":[{"href":"https:\/\/vocesparalelas.com.ar\/sitio\/wp-json\/wp\/v2\/media?parent=77194"}],"wp:term":[{"taxonomy":"category","embeddable":true,"href":"https:\/\/vocesparalelas.com.ar\/sitio\/wp-json\/wp\/v2\/categories?post=77194"},{"taxonomy":"post_tag","embeddable":true,"href":"https:\/\/vocesparalelas.com.ar\/sitio\/wp-json\/wp\/v2\/tags?post=77194"}],"curies":[{"name":"wp","href":"https:\/\/api.w.org\/{rel}","templated":true}]}}